{"id":15096,"date":"2025-02-19T21:00:44","date_gmt":"2025-02-19T21:00:44","guid":{"rendered":"https:\/\/blogsaverroes.juntadeandalucia.es\/iesramonycajalfuengirola\/?p=15096"},"modified":"2025-02-19T21:00:44","modified_gmt":"2025-02-19T21:00:44","slug":"programa-cultureando-3","status":"publish","type":"post","link":"https:\/\/blogsaverroes.juntadeandalucia.es\/iessantiagoramonycajal\/programa-cultureando-3\/","title":{"rendered":"Programa Cultureando"},"content":{"rendered":"<table style=\"border-collapse: collapse;width: 100%\">\n<tbody>\n<tr>\n<td style=\"width: 100%\"><a title=\"IMG-20250219-WA0003\" href=\"https:\/\/www.flickr.com\/photos\/147552640@N03\/54338700270\/in\/dateposted-public\/\" data-flickr-embed=\"true\"><img loading=\"lazy\" decoding=\"async\" class=\"alignright\" src=\"https:\/\/live.staticflickr.com\/65535\/54338700270_99790c7ea0_h.jpg\" alt=\"IMG-20250219-WA0003\" width=\"289\" height=\"289\"><\/a>La ma\u00f1ana del martes, nuestro grupo aprendi\u00f3 sobre el<strong><span style=\"color: #008080\"> patrimonio hist\u00f3rico y cultural de Fuengirola,<\/span><\/strong> gracias a la ilustrada charla de <strong>D. Ram\u00f3n Hidalgo<\/strong>, arque\u00f3logo del Ayuntamiento de Fuengirola y a la posterior visita al <strong><span style=\"color: #ff6600\">Castillo de Sohail<\/span><\/strong>. Finalizaron la jornada con una convivencia en el<span style=\"color: #ff6600\"><strong> Parque Fluvial.<\/strong><\/span><\/p>\n<p>&nbsp;<\/p>\n<p>El mi\u00e9rcoles, el grupo visit\u00f3 el Conjunto Arqueol\u00f3gico<strong><span style=\"color: #ff6600\"> D\u00f3lmenes de Antequera y el Paraje Natural Torcal de Antequera<\/span><\/strong> donde realizaron una ruta de senderismo acompa\u00f1ados por los profesores y profesoras de su centro, as\u00ed como por los profesores Santiago S\u00e1nchez y Javier Barch\u00edn del IES Santiago Ram\u00f3n y Cajal.<\/p>\n<p style=\"text-align: center\"><a title=\"IMG-20250219-WA0007\" href=\"https:\/\/www.flickr.com\/photos\/147552640@N03\/54338282516\/in\/dateposted-public\/\" data-flickr-embed=\"true\"><img loading=\"lazy\" decoding=\"async\" class=\"alignleft\" src=\"https:\/\/live.staticflickr.com\/65535\/54338282516_c4cb520187_h.jpg\" alt=\"IMG-20250219-WA0007\" width=\"352\" height=\"352\"><\/a><\/p>\n<p><a title=\"IMG-20250219-WA0009\" href=\"https:\/\/www.flickr.com\/photos\/147552640@N03\/54338507513\/in\/dateposted-public\/\" data-flickr-embed=\"true\"><img loading=\"lazy\" decoding=\"async\" class=\"alignright\" src=\"https:\/\/live.staticflickr.com\/65535\/54338507513_948a69a604_h.jpg\" alt=\"IMG-20250219-WA0009\" width=\"339\" height=\"339\"><\/a>&nbsp;<\/td>\n<\/tr>\n<\/tbody>\n<\/table>\n","protected":false},"excerpt":{"rendered":"<p>La ma\u00f1ana del martes, nuestro grupo aprendi\u00f3 sobre el patrimonio hist\u00f3rico y cultural de Fuengirola, gracias a la ilustrada charla de D. Ram\u00f3n Hidalgo, arque\u00f3logo del Ayuntamiento de Fuengirola y a la posterior visita al Castillo de Sohail. Finalizaron la jornada con una convivencia en el Parque Fluvial. &nbsp; El mi\u00e9rcoles, el grupo visit\u00f3 el [&hellip;]<\/p>\n","protected":false},"author":2391,"featured_media":0,"comment_status":"closed","ping_status":"closed","sticky":false,"template":"","format":"standard","meta":{"_et_pb_use_builder":"","_et_pb_old_content":"","_et_gb_content_width":"","ngg_post_thumbnail":0,"footnotes":""},"categories":[232],"tags":[233,234],"aioseo_notices":[],"_links":{"self":[{"href":"https:\/\/blogsaverroes.juntadeandalucia.es\/iessantiagoramonycajal\/wp-json\/wp\/v2\/posts\/15096"}],"collection":[{"href":"https:\/\/blogsaverroes.juntadeandalucia.es\/iessantiagoramonycajal\/wp-json\/wp\/v2\/posts"}],"about":[{"href":"https:\/\/blogsaverroes.juntadeandalucia.es\/iessantiagoramonycajal\/wp-json\/wp\/v2\/types\/post"}],"author":[{"embeddable":true,"href":"https:\/\/blogsaverroes.juntadeandalucia.es\/iessantiagoramonycajal\/wp-json\/wp\/v2\/users\/2391"}],"replies":[{"embeddable":true,"href":"https:\/\/blogsaverroes.juntadeandalucia.es\/iessantiagoramonycajal\/wp-json\/wp\/v2\/comments?post=15096"}],"version-history":[{"count":0,"href":"https:\/\/blogsaverroes.juntadeandalucia.es\/iessantiagoramonycajal\/wp-json\/wp\/v2\/posts\/15096\/revisions"}],"wp:attachment":[{"href":"https:\/\/blogsaverroes.juntadeandalucia.es\/iessantiagoramonycajal\/wp-json\/wp\/v2\/media?parent=15096"}],"wp:term":[{"taxonomy":"category","embeddable":true,"href":"https:\/\/blogsaverroes.juntadeandalucia.es\/iessantiagoramonycajal\/wp-json\/wp\/v2\/categories?post=15096"},{"taxonomy":"post_tag","embeddable":true,"href":"https:\/\/blogsaverroes.juntadeandalucia.es\/iessantiagoramonycajal\/wp-json\/wp\/v2\/tags?post=15096"}],"curies":[{"name":"wp","href":"https:\/\/api.w.org\/{rel}","templated":true}]}}