{"id":16254,"date":"2025-12-05T17:12:17","date_gmt":"2025-12-05T16:12:17","guid":{"rendered":"https:\/\/blogsaverroes.juntadeandalucia.es\/iessantiagoramonycajal\/?p=16254"},"modified":"2025-12-05T17:49:26","modified_gmt":"2025-12-05T16:49:26","slug":"nuestro-ampa-dona-material-deportivo","status":"publish","type":"post","link":"https:\/\/blogsaverroes.juntadeandalucia.es\/iessantiagoramonycajal\/nuestro-ampa-dona-material-deportivo\/","title":{"rendered":"Nuestro AMPA dona material deportivo"},"content":{"rendered":"<p><strong><span style=\"color: #008080\">El AMPA del IES Santiago Ram\u00f3n y Cajal<\/span> <\/strong>ha hecho entrega de <strong>material deportivo<\/strong> en el marco de la Actividad<strong><span style=\"color: #ff6600\"> &#8220;Recreos Activos&#8221;<\/span><\/strong> dentro del Proyecto Escuela Espacio de Paz,<\/p>\n<p>Los &#8220;Recreos Activos&#8221; del IES Santiago Ram\u00f3n y Cajal facilitan:<\/p>\n<ul>\n<li>La funci\u00f3n de integraci\u00f3n social de la escuela.<\/li>\n<li>La gesti\u00f3n \u00fatil del tiempo libre.<\/li>\n<li>La pr\u00e1ctica de ejercicio f\u00edsico.<\/li>\n<li>La adquisici\u00f3n de valores positivos como el compa\u00f1erismo, la deportividad, el respeto, la igualdad, la paz&#8230;<\/li>\n<\/ul>\n<p>Todo ello dentro del marco de convivencia positiva que impulsa nuestro centro.<\/p>\n","protected":false},"excerpt":{"rendered":"<p>El AMPA del IES Santiago Ram\u00f3n y Cajal ha hecho entrega de material deportivo en el marco de la Actividad &#8220;Recreos Activos&#8221; dentro del Proyecto Escuela Espacio de Paz, Los &#8220;Recreos Activos&#8221; del IES Santiago Ram\u00f3n y Cajal facilitan: La funci\u00f3n de integraci\u00f3n social de la escuela. La gesti\u00f3n \u00fatil del tiempo libre. La pr\u00e1ctica [&hellip;]<\/p>\n","protected":false},"author":2391,"featured_media":16255,"comment_status":"closed","ping_status":"open","sticky":false,"template":"","format":"standard","meta":{"_et_pb_use_builder":"","_et_pb_old_content":"","_et_gb_content_width":"","ngg_post_thumbnail":0,"footnotes":""},"categories":[37,167,30,75],"tags":[166,29],"aioseo_notices":[],"_links":{"self":[{"href":"https:\/\/blogsaverroes.juntadeandalucia.es\/iessantiagoramonycajal\/wp-json\/wp\/v2\/posts\/16254"}],"collection":[{"href":"https:\/\/blogsaverroes.juntadeandalucia.es\/iessantiagoramonycajal\/wp-json\/wp\/v2\/posts"}],"about":[{"href":"https:\/\/blogsaverroes.juntadeandalucia.es\/iessantiagoramonycajal\/wp-json\/wp\/v2\/types\/post"}],"author":[{"embeddable":true,"href":"https:\/\/blogsaverroes.juntadeandalucia.es\/iessantiagoramonycajal\/wp-json\/wp\/v2\/users\/2391"}],"replies":[{"embeddable":true,"href":"https:\/\/blogsaverroes.juntadeandalucia.es\/iessantiagoramonycajal\/wp-json\/wp\/v2\/comments?post=16254"}],"version-history":[{"count":3,"href":"https:\/\/blogsaverroes.juntadeandalucia.es\/iessantiagoramonycajal\/wp-json\/wp\/v2\/posts\/16254\/revisions"}],"predecessor-version":[{"id":16261,"href":"https:\/\/blogsaverroes.juntadeandalucia.es\/iessantiagoramonycajal\/wp-json\/wp\/v2\/posts\/16254\/revisions\/16261"}],"wp:featuredmedia":[{"embeddable":true,"href":"https:\/\/blogsaverroes.juntadeandalucia.es\/iessantiagoramonycajal\/wp-json\/wp\/v2\/media\/16255"}],"wp:attachment":[{"href":"https:\/\/blogsaverroes.juntadeandalucia.es\/iessantiagoramonycajal\/wp-json\/wp\/v2\/media?parent=16254"}],"wp:term":[{"taxonomy":"category","embeddable":true,"href":"https:\/\/blogsaverroes.juntadeandalucia.es\/iessantiagoramonycajal\/wp-json\/wp\/v2\/categories?post=16254"},{"taxonomy":"post_tag","embeddable":true,"href":"https:\/\/blogsaverroes.juntadeandalucia.es\/iessantiagoramonycajal\/wp-json\/wp\/v2\/tags?post=16254"}],"curies":[{"name":"wp","href":"https:\/\/api.w.org\/{rel}","templated":true}]}}