{"id":16636,"date":"2026-01-22T12:43:45","date_gmt":"2026-01-22T11:43:45","guid":{"rendered":"https:\/\/blogsaverroes.juntadeandalucia.es\/iessantiagoramonycajal\/?p=16636"},"modified":"2026-01-22T12:43:45","modified_gmt":"2026-01-22T11:43:45","slug":"visita-erasmus-de-college-jacques-prevert-de-houndain-francia","status":"publish","type":"post","link":"https:\/\/blogsaverroes.juntadeandalucia.es\/iessantiagoramonycajal\/visita-erasmus-de-college-jacques-prevert-de-houndain-francia\/","title":{"rendered":"Visita Erasmus de College Jacques Prevert de Houndain (Francia)"},"content":{"rendered":"<p>El IES Santiago Ram\u00f3n y Cajal ha acogido a una veintena de alumnos y alumnas de Secundaria y de <strong><span style=\"color: #ff6600\">Cocina del College Jacques Prevert de Houndain (Francia)<\/span><\/strong> a tra v\u00e9s del <span style=\"color: #ff6600\"><strong>programa Erasmus+<\/strong><\/span>.&nbsp;<\/p>\n<p>Durante su estancia han participado en distintas actividades, como son la elaboraci\u00f3n de platos t\u00edpicos de Espa\u00f1a como la paella, la visita a la Alhambra o la charla sobre arqueolog\u00eda municipal.<\/p>\n<p>Los alumnos y alumnas de Secundaria tambi\u00e9n han compartido experiencias y clases con el alumnado de ESO y Bachillerato, lo que ha permitido crear lazos de amistad y colaboraci\u00f3n.<\/p>\nngg_shortcode_0_placeholder\n","protected":false},"excerpt":{"rendered":"<p>El IES Santiago Ram\u00f3n y Cajal ha acogido a una veintena de alumnos y alumnas de Secundaria y de Cocina del College Jacques Prevert de Houndain (Francia) a tra v\u00e9s del programa Erasmus+.&nbsp; Durante su estancia han participado en distintas actividades, como son la elaboraci\u00f3n de platos t\u00edpicos de Espa\u00f1a como la paella, la visita [&hellip;]<\/p>\n","protected":false},"author":2391,"featured_media":16650,"comment_status":"closed","ping_status":"open","sticky":false,"template":"","format":"standard","meta":{"_et_pb_use_builder":"","_et_pb_old_content":"","_et_gb_content_width":"","ngg_post_thumbnail":0,"footnotes":""},"categories":[70,101,145,75],"tags":[227,170],"aioseo_notices":[],"_links":{"self":[{"href":"https:\/\/blogsaverroes.juntadeandalucia.es\/iessantiagoramonycajal\/wp-json\/wp\/v2\/posts\/16636"}],"collection":[{"href":"https:\/\/blogsaverroes.juntadeandalucia.es\/iessantiagoramonycajal\/wp-json\/wp\/v2\/posts"}],"about":[{"href":"https:\/\/blogsaverroes.juntadeandalucia.es\/iessantiagoramonycajal\/wp-json\/wp\/v2\/types\/post"}],"author":[{"embeddable":true,"href":"https:\/\/blogsaverroes.juntadeandalucia.es\/iessantiagoramonycajal\/wp-json\/wp\/v2\/users\/2391"}],"replies":[{"embeddable":true,"href":"https:\/\/blogsaverroes.juntadeandalucia.es\/iessantiagoramonycajal\/wp-json\/wp\/v2\/comments?post=16636"}],"version-history":[{"count":1,"href":"https:\/\/blogsaverroes.juntadeandalucia.es\/iessantiagoramonycajal\/wp-json\/wp\/v2\/posts\/16636\/revisions"}],"predecessor-version":[{"id":16651,"href":"https:\/\/blogsaverroes.juntadeandalucia.es\/iessantiagoramonycajal\/wp-json\/wp\/v2\/posts\/16636\/revisions\/16651"}],"wp:featuredmedia":[{"embeddable":true,"href":"https:\/\/blogsaverroes.juntadeandalucia.es\/iessantiagoramonycajal\/wp-json\/wp\/v2\/media\/16650"}],"wp:attachment":[{"href":"https:\/\/blogsaverroes.juntadeandalucia.es\/iessantiagoramonycajal\/wp-json\/wp\/v2\/media?parent=16636"}],"wp:term":[{"taxonomy":"category","embeddable":true,"href":"https:\/\/blogsaverroes.juntadeandalucia.es\/iessantiagoramonycajal\/wp-json\/wp\/v2\/categories?post=16636"},{"taxonomy":"post_tag","embeddable":true,"href":"https:\/\/blogsaverroes.juntadeandalucia.es\/iessantiagoramonycajal\/wp-json\/wp\/v2\/tags?post=16636"}],"curies":[{"name":"wp","href":"https:\/\/api.w.org\/{rel}","templated":true}]}}