{"id":16710,"date":"2026-02-04T22:13:06","date_gmt":"2026-02-04T21:13:06","guid":{"rendered":"https:\/\/blogsaverroes.juntadeandalucia.es\/iessantiagoramonycajal\/?p=16710"},"modified":"2026-02-04T22:14:09","modified_gmt":"2026-02-04T21:14:09","slug":"16710-2","status":"publish","type":"post","link":"https:\/\/blogsaverroes.juntadeandalucia.es\/iessantiagoramonycajal\/16710-2\/","title":{"rendered":"Mantenimiento suspensi\u00f3n actividad lectiva presencial 5 febrero 2026"},"content":{"rendered":"<p>En el marco de la situaci\u00f3n operativa 2 del Plan de Emergencias de Andaluc\u00eda por el riesgo de inundaciones y fen\u00f3menos meteorol\u00f3gicos adversos, se comunica que ma\u00f1ana, <strong>jueves 5 de febrero de 2026<\/strong> se mantiene <strong>suspendida la actividad lectiva presencial<\/strong> en el IES Santiago Ram\u00f3n y Cajal, por lo que<strong> NO<\/strong> debe desplazarse al mismo.<\/p>\n<p>Le indicamos, asimismo, que sigan con atenci\u00f3n las recomendaciones e indicaciones de los canales oficiales del 112 Andaluc\u00eda para el seguimiento y evoluci\u00f3n de esta situaci\u00f3n de emergencia.<\/p>\n","protected":false},"excerpt":{"rendered":"<p>En el marco de la situaci\u00f3n operativa 2 del Plan de Emergencias de Andaluc\u00eda por el riesgo de inundaciones y fen\u00f3menos meteorol\u00f3gicos adversos, se comunica que ma\u00f1ana, jueves 5 de febrero de 2026 se mantiene suspendida la actividad lectiva presencial en el IES Santiago Ram\u00f3n y Cajal, por lo que NO debe desplazarse al mismo. [&hellip;]<\/p>\n","protected":false},"author":2391,"featured_media":15673,"comment_status":"closed","ping_status":"open","sticky":false,"template":"","format":"standard","meta":{"_et_pb_use_builder":"","_et_pb_old_content":"","_et_gb_content_width":"","ngg_post_thumbnail":0,"footnotes":""},"categories":[75],"tags":[],"aioseo_notices":[],"_links":{"self":[{"href":"https:\/\/blogsaverroes.juntadeandalucia.es\/iessantiagoramonycajal\/wp-json\/wp\/v2\/posts\/16710"}],"collection":[{"href":"https:\/\/blogsaverroes.juntadeandalucia.es\/iessantiagoramonycajal\/wp-json\/wp\/v2\/posts"}],"about":[{"href":"https:\/\/blogsaverroes.juntadeandalucia.es\/iessantiagoramonycajal\/wp-json\/wp\/v2\/types\/post"}],"author":[{"embeddable":true,"href":"https:\/\/blogsaverroes.juntadeandalucia.es\/iessantiagoramonycajal\/wp-json\/wp\/v2\/users\/2391"}],"replies":[{"embeddable":true,"href":"https:\/\/blogsaverroes.juntadeandalucia.es\/iessantiagoramonycajal\/wp-json\/wp\/v2\/comments?post=16710"}],"version-history":[{"count":2,"href":"https:\/\/blogsaverroes.juntadeandalucia.es\/iessantiagoramonycajal\/wp-json\/wp\/v2\/posts\/16710\/revisions"}],"predecessor-version":[{"id":16712,"href":"https:\/\/blogsaverroes.juntadeandalucia.es\/iessantiagoramonycajal\/wp-json\/wp\/v2\/posts\/16710\/revisions\/16712"}],"wp:featuredmedia":[{"embeddable":true,"href":"https:\/\/blogsaverroes.juntadeandalucia.es\/iessantiagoramonycajal\/wp-json\/wp\/v2\/media\/15673"}],"wp:attachment":[{"href":"https:\/\/blogsaverroes.juntadeandalucia.es\/iessantiagoramonycajal\/wp-json\/wp\/v2\/media?parent=16710"}],"wp:term":[{"taxonomy":"category","embeddable":true,"href":"https:\/\/blogsaverroes.juntadeandalucia.es\/iessantiagoramonycajal\/wp-json\/wp\/v2\/categories?post=16710"},{"taxonomy":"post_tag","embeddable":true,"href":"https:\/\/blogsaverroes.juntadeandalucia.es\/iessantiagoramonycajal\/wp-json\/wp\/v2\/tags?post=16710"}],"curies":[{"name":"wp","href":"https:\/\/api.w.org\/{rel}","templated":true}]}}