{"id":4181,"date":"2017-11-10T12:56:00","date_gmt":"2017-11-10T12:56:00","guid":{"rendered":"http:\/\/blogsaverroes.juntadeandalucia.es\/iesramonycajalfuengirola\/?p=4181"},"modified":"2017-11-10T12:56:00","modified_gmt":"2017-11-10T12:56:00","slug":"estacion-meteorologica","status":"publish","type":"post","link":"https:\/\/blogsaverroes.juntadeandalucia.es\/iessantiagoramonycajal\/estacion-meteorologica\/","title":{"rendered":"Estaci\u00f3n meteorol\u00f3gica"},"content":{"rendered":"<p>Los alumnos y alumnas de 2\u00ba PMAR realizaron una estaci\u00f3n meteorol\u00f3gica en la materia \u00c1mbito Cient\u00edfico_Matem\u00e1tico.<\/p>\n<p style=\"text-align: center\">&nbsp;<object width=\"500\" height=\"375\"><param name=\"flashvars\" value=\"offsite=true&amp;lang=es-us&amp;page_show_url=%2Fphotos%2F147552640%40N03%2Fsets%2F72157666148995309%2Fshow%2F&amp;page_show_back_url=%2Fphotos%2F147552640%40N03%2Fsets%2F72157666148995309%2F&amp;set_id=72157666148995309&amp;jump_to=\"><\/param><param name=\"movie\" value=\"https:\/\/www.flickr.com\/apps\/slideshow\/show.swf?v=261948265\"><\/param><param name=\"allowFullScreen\" value=\"true\"><\/param><embed type=\"application\/x-shockwave-flash\" src=\"https:\/\/www.flickr.com\/apps\/slideshow\/show.swf?v=261948265\" allowFullScreen=\"true\" flashvars=\"offsite=true&amp;lang=es-us&amp;page_show_url=%2Fphotos%2F147552640%40N03%2Fsets%2F72157666148995309%2Fshow%2F&amp;page_show_back_url=%2Fphotos%2F147552640%40N03%2Fsets%2F72157666148995309%2F&amp;set_id=72157666148995309&amp;jump_to=\" width=\"500\" height=\"375\"><\/embed><\/object><\/p>\n","protected":false},"excerpt":{"rendered":"<p>Los alumnos y alumnas de 2\u00ba PMAR realizaron una estaci\u00f3n meteorol\u00f3gica en la materia \u00c1mbito Cient\u00edfico_Matem\u00e1tico. &nbsp;<\/p>\n","protected":false},"author":2391,"featured_media":0,"comment_status":"closed","ping_status":"closed","sticky":false,"template":"","format":"standard","meta":{"_et_pb_use_builder":"","_et_pb_old_content":"","_et_gb_content_width":"","ngg_post_thumbnail":0,"footnotes":""},"categories":[17,71],"tags":[],"aioseo_notices":[],"_links":{"self":[{"href":"https:\/\/blogsaverroes.juntadeandalucia.es\/iessantiagoramonycajal\/wp-json\/wp\/v2\/posts\/4181"}],"collection":[{"href":"https:\/\/blogsaverroes.juntadeandalucia.es\/iessantiagoramonycajal\/wp-json\/wp\/v2\/posts"}],"about":[{"href":"https:\/\/blogsaverroes.juntadeandalucia.es\/iessantiagoramonycajal\/wp-json\/wp\/v2\/types\/post"}],"author":[{"embeddable":true,"href":"https:\/\/blogsaverroes.juntadeandalucia.es\/iessantiagoramonycajal\/wp-json\/wp\/v2\/users\/2391"}],"replies":[{"embeddable":true,"href":"https:\/\/blogsaverroes.juntadeandalucia.es\/iessantiagoramonycajal\/wp-json\/wp\/v2\/comments?post=4181"}],"version-history":[{"count":0,"href":"https:\/\/blogsaverroes.juntadeandalucia.es\/iessantiagoramonycajal\/wp-json\/wp\/v2\/posts\/4181\/revisions"}],"wp:attachment":[{"href":"https:\/\/blogsaverroes.juntadeandalucia.es\/iessantiagoramonycajal\/wp-json\/wp\/v2\/media?parent=4181"}],"wp:term":[{"taxonomy":"category","embeddable":true,"href":"https:\/\/blogsaverroes.juntadeandalucia.es\/iessantiagoramonycajal\/wp-json\/wp\/v2\/categories?post=4181"},{"taxonomy":"post_tag","embeddable":true,"href":"https:\/\/blogsaverroes.juntadeandalucia.es\/iessantiagoramonycajal\/wp-json\/wp\/v2\/tags?post=4181"}],"curies":[{"name":"wp","href":"https:\/\/api.w.org\/{rel}","templated":true}]}}