{"id":4890,"date":"2018-04-27T15:58:25","date_gmt":"2018-04-27T15:58:25","guid":{"rendered":"http:\/\/blogsaverroes.juntadeandalucia.es\/iesramonycajalfuengirola\/?p=4890"},"modified":"2018-04-27T15:58:25","modified_gmt":"2018-04-27T15:58:25","slug":"ultimo-taller-de-mosaico-y-escritura-antigua","status":"publish","type":"post","link":"https:\/\/blogsaverroes.juntadeandalucia.es\/iessantiagoramonycajal\/ultimo-taller-de-mosaico-y-escritura-antigua\/","title":{"rendered":"\u00daltimo Taller de Mosaico y Escritura Antigua"},"content":{"rendered":"<p>El jueves 26 fue el \u00faltimo<strong><span style=\"color: #ff6600\"> Taller de Mosaico y Escritura Antigua<\/span><\/strong>. En \u00e9l han participado alumnos de<strong><span style=\"color: #008000\"> 4\u00ba ESO C y de las Aulas Espec\u00edficas<\/span><\/strong>. Han contado con la colaboraci\u00f3n de sus compa\u00f1eros de<strong><span style=\"color: #008000\"> 3\u00ba ESO D de Cultura Cl\u00e1sica.<\/span><\/strong><\/p>\n<p><span style=\"color: #0000ff\">Haz click en la imagen para ver el \u00e1lbum<\/span><\/p>\n<p style=\"text-align: center\">&nbsp;<a title=\"Taller de Mos\u00e1ico y Escritura\" href=\"https:\/\/www.flickr.com\/photos\/147552640@N03\/albums\/72157693030918772\"><img loading=\"lazy\" decoding=\"async\" src=\"https:\/\/farm1.staticflickr.com\/943\/41694944122_935ceea1e1_z.jpg\" alt=\"Taller de Mos\u00e1ico y Escritura\" width=\"640\" height=\"384\"><\/a><\/p>\n","protected":false},"excerpt":{"rendered":"<p>El jueves 26 fue el \u00faltimo Taller de Mosaico y Escritura Antigua. En \u00e9l han participado alumnos de 4\u00ba ESO C y de las Aulas Espec\u00edficas. Han contado con la colaboraci\u00f3n de sus compa\u00f1eros de 3\u00ba ESO D de Cultura Cl\u00e1sica. Haz click en la imagen para ver el \u00e1lbum &nbsp;<\/p>\n","protected":false},"author":2391,"featured_media":0,"comment_status":"closed","ping_status":"closed","sticky":false,"template":"","format":"standard","meta":{"_et_pb_use_builder":"","_et_pb_old_content":"","_et_gb_content_width":"","ngg_post_thumbnail":0,"footnotes":""},"categories":[17,64,78,87],"tags":[],"aioseo_notices":[],"_links":{"self":[{"href":"https:\/\/blogsaverroes.juntadeandalucia.es\/iessantiagoramonycajal\/wp-json\/wp\/v2\/posts\/4890"}],"collection":[{"href":"https:\/\/blogsaverroes.juntadeandalucia.es\/iessantiagoramonycajal\/wp-json\/wp\/v2\/posts"}],"about":[{"href":"https:\/\/blogsaverroes.juntadeandalucia.es\/iessantiagoramonycajal\/wp-json\/wp\/v2\/types\/post"}],"author":[{"embeddable":true,"href":"https:\/\/blogsaverroes.juntadeandalucia.es\/iessantiagoramonycajal\/wp-json\/wp\/v2\/users\/2391"}],"replies":[{"embeddable":true,"href":"https:\/\/blogsaverroes.juntadeandalucia.es\/iessantiagoramonycajal\/wp-json\/wp\/v2\/comments?post=4890"}],"version-history":[{"count":0,"href":"https:\/\/blogsaverroes.juntadeandalucia.es\/iessantiagoramonycajal\/wp-json\/wp\/v2\/posts\/4890\/revisions"}],"wp:attachment":[{"href":"https:\/\/blogsaverroes.juntadeandalucia.es\/iessantiagoramonycajal\/wp-json\/wp\/v2\/media?parent=4890"}],"wp:term":[{"taxonomy":"category","embeddable":true,"href":"https:\/\/blogsaverroes.juntadeandalucia.es\/iessantiagoramonycajal\/wp-json\/wp\/v2\/categories?post=4890"},{"taxonomy":"post_tag","embeddable":true,"href":"https:\/\/blogsaverroes.juntadeandalucia.es\/iessantiagoramonycajal\/wp-json\/wp\/v2\/tags?post=4890"}],"curies":[{"name":"wp","href":"https:\/\/api.w.org\/{rel}","templated":true}]}}