{"id":5587,"date":"2018-11-29T20:34:19","date_gmt":"2018-11-29T20:34:19","guid":{"rendered":"https:\/\/blogsaverroes.juntadeandalucia.es\/iesramonycajalfuengirola\/?p=5587"},"modified":"2018-11-29T20:34:19","modified_gmt":"2018-11-29T20:34:19","slug":"5587-2","status":"publish","type":"post","link":"https:\/\/blogsaverroes.juntadeandalucia.es\/iessantiagoramonycajal\/5587-2\/","title":{"rendered":"Reportaje de la Manifestaci\u00f3n contra el machismo y la violencia de g\u00e9nero"},"content":{"rendered":"<p>En este v\u00eddeos nuestro equipo de <span style=\"color: #008000\"><strong>RYC MEDIA<\/strong><\/span> se desplaza hacia M\u00e1laga para asistir a la <strong><span style=\"color: #ff6600\">manifestaci\u00f3n contra el machismo y la violencia de g\u00e9nero<\/span><\/strong> , haciendo tambi\u00e9n un reportaje de la misma incluyendo entrevistas a personas que asistieron.<\/p>\n<p><strong><span style=\"color: #ff0000\">\u00a1Enhorabuena por el magn\u00edfico reportaje!<\/span><\/strong><\/p>\n<p style=\"text-align: center\">&nbsp;<iframe loading=\"lazy\" src=\"https:\/\/www.youtube.com\/embed\/knqssLRI62s\" width=\"560\" height=\"315\" frameborder=\"0\"><\/iframe><\/p>\n","protected":false},"excerpt":{"rendered":"<p>En este v\u00eddeos nuestro equipo de RYC MEDIA se desplaza hacia M\u00e1laga para asistir a la manifestaci\u00f3n contra el machismo y la violencia de g\u00e9nero , haciendo tambi\u00e9n un reportaje de la misma incluyendo entrevistas a personas que asistieron. \u00a1Enhorabuena por el magn\u00edfico reportaje! &nbsp;<\/p>\n","protected":false},"author":2391,"featured_media":0,"comment_status":"closed","ping_status":"closed","sticky":false,"template":"","format":"standard","meta":{"_et_pb_use_builder":"","_et_pb_old_content":"","_et_gb_content_width":"","ngg_post_thumbnail":0,"footnotes":""},"categories":[36,76,31,97],"tags":[],"aioseo_notices":[],"_links":{"self":[{"href":"https:\/\/blogsaverroes.juntadeandalucia.es\/iessantiagoramonycajal\/wp-json\/wp\/v2\/posts\/5587"}],"collection":[{"href":"https:\/\/blogsaverroes.juntadeandalucia.es\/iessantiagoramonycajal\/wp-json\/wp\/v2\/posts"}],"about":[{"href":"https:\/\/blogsaverroes.juntadeandalucia.es\/iessantiagoramonycajal\/wp-json\/wp\/v2\/types\/post"}],"author":[{"embeddable":true,"href":"https:\/\/blogsaverroes.juntadeandalucia.es\/iessantiagoramonycajal\/wp-json\/wp\/v2\/users\/2391"}],"replies":[{"embeddable":true,"href":"https:\/\/blogsaverroes.juntadeandalucia.es\/iessantiagoramonycajal\/wp-json\/wp\/v2\/comments?post=5587"}],"version-history":[{"count":0,"href":"https:\/\/blogsaverroes.juntadeandalucia.es\/iessantiagoramonycajal\/wp-json\/wp\/v2\/posts\/5587\/revisions"}],"wp:attachment":[{"href":"https:\/\/blogsaverroes.juntadeandalucia.es\/iessantiagoramonycajal\/wp-json\/wp\/v2\/media?parent=5587"}],"wp:term":[{"taxonomy":"category","embeddable":true,"href":"https:\/\/blogsaverroes.juntadeandalucia.es\/iessantiagoramonycajal\/wp-json\/wp\/v2\/categories?post=5587"},{"taxonomy":"post_tag","embeddable":true,"href":"https:\/\/blogsaverroes.juntadeandalucia.es\/iessantiagoramonycajal\/wp-json\/wp\/v2\/tags?post=5587"}],"curies":[{"name":"wp","href":"https:\/\/api.w.org\/{rel}","templated":true}]}}