{"id":6599,"date":"2019-06-23T06:50:54","date_gmt":"2019-06-23T06:50:54","guid":{"rendered":"https:\/\/blogsaverroes.juntadeandalucia.es\/iesramonycajalfuengirola\/?p=6599"},"modified":"2019-06-23T06:50:54","modified_gmt":"2019-06-23T06:50:54","slug":"acto-de-graduacion-ies-santiago-ramon-y-cajal","status":"publish","type":"post","link":"https:\/\/blogsaverroes.juntadeandalucia.es\/iessantiagoramonycajal\/acto-de-graduacion-ies-santiago-ramon-y-cajal\/","title":{"rendered":"Acto de Graduaci\u00f3n IES Santiago Ram\u00f3n y Cajal"},"content":{"rendered":"<p>El viernes se celebr\u00f3 el<strong><span style=\"color: #ff6600\"> Acto de Graduaci\u00f3n del IES Santiago Ram\u00f3n y Cajal<\/span><\/strong> para los alumnos y alumnas de:<\/p>\n<p style=\"text-align: center\"><strong><span style=\"color: #ff0000\">4\u00ba ESO<\/span><\/strong><\/p>\n<p style=\"text-align: center\"><strong><span style=\"color: #ff0000\">2\u00ba Bachillerato<\/span><\/strong><\/p>\n<p style=\"text-align: center\"><strong><span style=\"color: #ff0000\">Programa Espec\u00edfico de Formaci\u00f3n de Cocina y Restauraci\u00f3n<\/span><\/strong><\/p>\n<p><strong>Ciclos Formativos de:<\/strong><\/p>\n<p style=\"text-align: center\"><strong><span style=\"color: #ff0000\">Educaci\u00f3n Infantil<\/span><\/strong><\/p>\n<p style=\"text-align: center\"><strong><span style=\"color: #ff0000\">Atenci\u00f3n a Personas en Situaci\u00f3n de Dependencia<\/span><\/strong><\/p>\n<p style=\"text-align: center\"><strong><span style=\"color: #ff0000\">Instalaciones El\u00e9ctricas y Autom\u00e1ticas<\/span><\/strong><\/p>\n<p>Tanto familiares como profesorado pudimos compartir la emoci\u00f3n de la Graducaci\u00f3n <strong>gracias a la colaboraci\u00f3n de los alumnos y alumnas que presentaron los diferentes actos<\/strong> y a la organizaci\u00f3n por parte de la Vicedirectora <strong><span style=\"color: #008000\">Mar\u00eda Matas<\/span><\/strong> y el jefe de Departamento de DACE <span style=\"color: #008000\"><strong>V\u00edctor Cubero<\/strong><\/span>.<\/p>\n<p><strong>Desde el IES Santiago Ram\u00f3n y Cajal deseamos a nuestro alumnado graduado mucha suerte y aciertos en su futuro.<\/strong><\/p>\n<p><a href=\"https:\/\/blogsaverroes.juntadeandalucia.es\/iessantiagoramonycajal\/files\/2019\/06\/IMG-20190623-WA0001-e1561271958175.jpg\"><img loading=\"lazy\" decoding=\"async\" class=\"size-full wp-image-6595 aligncenter\" src=\"https:\/\/blogsaverroes.juntadeandalucia.es\/iessantiagoramonycajal\/files\/2019\/06\/IMG-20190623-WA0001-e1561271958175.jpg\" alt=\"\" width=\"600\" height=\"450\" srcset=\"https:\/\/blogsaverroes.juntadeandalucia.es\/iessantiagoramonycajal\/files\/2019\/06\/IMG-20190623-WA0001-e1561271958175.jpg 600w, https:\/\/blogsaverroes.juntadeandalucia.es\/iessantiagoramonycajal\/files\/2019\/06\/IMG-20190623-WA0001-e1561271958175-480x360.jpg 480w\" sizes=\"(min-width: 0px) and (max-width: 480px) 480px, (min-width: 481px) 600px, 100vw\" \/><\/a><\/p>\n<p><a href=\"https:\/\/blogsaverroes.juntadeandalucia.es\/iessantiagoramonycajal\/files\/2019\/06\/IMG-20190623-WA0000-e1561271984210.jpg\"><img loading=\"lazy\" decoding=\"async\" class=\"size-full wp-image-6597 aligncenter\" src=\"https:\/\/blogsaverroes.juntadeandalucia.es\/iessantiagoramonycajal\/files\/2019\/06\/IMG-20190623-WA0000-e1561271984210.jpg\" alt=\"\" width=\"600\" height=\"450\" srcset=\"https:\/\/blogsaverroes.juntadeandalucia.es\/iessantiagoramonycajal\/files\/2019\/06\/IMG-20190623-WA0000-e1561271984210.jpg 600w, https:\/\/blogsaverroes.juntadeandalucia.es\/iessantiagoramonycajal\/files\/2019\/06\/IMG-20190623-WA0000-e1561271984210-480x360.jpg 480w\" sizes=\"(min-width: 0px) and (max-width: 480px) 480px, (min-width: 481px) 600px, 100vw\" \/><\/a><\/p>\n<p><a href=\"https:\/\/blogsaverroes.juntadeandalucia.es\/iessantiagoramonycajal\/files\/2019\/06\/IMG-20190623-WA0002-e1561271971977.jpg\"><img loading=\"lazy\" decoding=\"async\" class=\"size-full wp-image-6596 aligncenter\" src=\"https:\/\/blogsaverroes.juntadeandalucia.es\/iessantiagoramonycajal\/files\/2019\/06\/IMG-20190623-WA0002-e1561271971977.jpg\" alt=\"\" width=\"600\" height=\"450\" srcset=\"https:\/\/blogsaverroes.juntadeandalucia.es\/iessantiagoramonycajal\/files\/2019\/06\/IMG-20190623-WA0002-e1561271971977.jpg 600w, https:\/\/blogsaverroes.juntadeandalucia.es\/iessantiagoramonycajal\/files\/2019\/06\/IMG-20190623-WA0002-e1561271971977-480x360.jpg 480w\" sizes=\"(min-width: 0px) and (max-width: 480px) 480px, (min-width: 481px) 600px, 100vw\" \/><\/a><\/p>\n<p><a href=\"https:\/\/blogsaverroes.juntadeandalucia.es\/iessantiagoramonycajal\/files\/2019\/06\/IMG-20190623-WA0003-e1561272134131.jpg\"><img loading=\"lazy\" decoding=\"async\" class=\"size-full wp-image-6598 aligncenter\" src=\"https:\/\/blogsaverroes.juntadeandalucia.es\/iessantiagoramonycajal\/files\/2019\/06\/IMG-20190623-WA0003-e1561272134131.jpg\" alt=\"\" width=\"600\" height=\"450\" srcset=\"https:\/\/blogsaverroes.juntadeandalucia.es\/iessantiagoramonycajal\/files\/2019\/06\/IMG-20190623-WA0003-e1561272134131.jpg 600w, https:\/\/blogsaverroes.juntadeandalucia.es\/iessantiagoramonycajal\/files\/2019\/06\/IMG-20190623-WA0003-e1561272134131-480x360.jpg 480w\" sizes=\"(min-width: 0px) and (max-width: 480px) 480px, (min-width: 481px) 600px, 100vw\" \/><\/a><\/p>\n<p>&nbsp;<\/p>\n<p style=\"text-align: center\">&nbsp;<\/p>\n<p>&nbsp;<\/p>\n<p>&nbsp;<\/p>\n","protected":false},"excerpt":{"rendered":"<p>El viernes se celebr\u00f3 el Acto de Graduaci\u00f3n del IES Santiago Ram\u00f3n y Cajal para los alumnos y alumnas de: 4\u00ba ESO 2\u00ba Bachillerato Programa Espec\u00edfico de Formaci\u00f3n de Cocina y Restauraci\u00f3n Ciclos Formativos de: Educaci\u00f3n Infantil Atenci\u00f3n a Personas en Situaci\u00f3n de Dependencia Instalaciones El\u00e9ctricas y Autom\u00e1ticas Tanto familiares como profesorado pudimos compartir la [&hellip;]<\/p>\n","protected":false},"author":2391,"featured_media":0,"comment_status":"closed","ping_status":"closed","sticky":false,"template":"","format":"standard","meta":{"_et_pb_use_builder":"","_et_pb_old_content":"","_et_gb_content_width":"","ngg_post_thumbnail":0,"footnotes":""},"categories":[128],"tags":[],"aioseo_notices":[],"_links":{"self":[{"href":"https:\/\/blogsaverroes.juntadeandalucia.es\/iessantiagoramonycajal\/wp-json\/wp\/v2\/posts\/6599"}],"collection":[{"href":"https:\/\/blogsaverroes.juntadeandalucia.es\/iessantiagoramonycajal\/wp-json\/wp\/v2\/posts"}],"about":[{"href":"https:\/\/blogsaverroes.juntadeandalucia.es\/iessantiagoramonycajal\/wp-json\/wp\/v2\/types\/post"}],"author":[{"embeddable":true,"href":"https:\/\/blogsaverroes.juntadeandalucia.es\/iessantiagoramonycajal\/wp-json\/wp\/v2\/users\/2391"}],"replies":[{"embeddable":true,"href":"https:\/\/blogsaverroes.juntadeandalucia.es\/iessantiagoramonycajal\/wp-json\/wp\/v2\/comments?post=6599"}],"version-history":[{"count":0,"href":"https:\/\/blogsaverroes.juntadeandalucia.es\/iessantiagoramonycajal\/wp-json\/wp\/v2\/posts\/6599\/revisions"}],"wp:attachment":[{"href":"https:\/\/blogsaverroes.juntadeandalucia.es\/iessantiagoramonycajal\/wp-json\/wp\/v2\/media?parent=6599"}],"wp:term":[{"taxonomy":"category","embeddable":true,"href":"https:\/\/blogsaverroes.juntadeandalucia.es\/iessantiagoramonycajal\/wp-json\/wp\/v2\/categories?post=6599"},{"taxonomy":"post_tag","embeddable":true,"href":"https:\/\/blogsaverroes.juntadeandalucia.es\/iessantiagoramonycajal\/wp-json\/wp\/v2\/tags?post=6599"}],"curies":[{"name":"wp","href":"https:\/\/api.w.org\/{rel}","templated":true}]}}