{"id":6946,"date":"2019-11-03T20:27:23","date_gmt":"2019-11-03T20:27:23","guid":{"rendered":"https:\/\/blogsaverroes.juntadeandalucia.es\/iesramonycajalfuengirola\/?p=6946"},"modified":"2019-11-03T20:27:23","modified_gmt":"2019-11-03T20:27:23","slug":"pasaje-del-terror-2","status":"publish","type":"post","link":"https:\/\/blogsaverroes.juntadeandalucia.es\/iessantiagoramonycajal\/pasaje-del-terror-2\/","title":{"rendered":"Pasaje del Terror"},"content":{"rendered":"<p>Un a\u00f1o m\u00e1 lleg\u00f3 a nuestra biblioteca el&nbsp; <span style=\"font-size: 28pt;color: #ff0000\"><strong><span style=\"font-family: chiller\">Pasaje del Terror<\/span><\/strong><\/span> realizado por <strong><span style=\"color: #008000\">FPIGS Educaci\u00f3n Infantil<\/span><\/strong> para<strong><span style=\"color: #008000\"> 1\u00ba ESO.<\/span><\/strong><\/p>\n<p><span style=\"color: #0000ff\">Haz click en la imagen para ver el \u00e1lbum<\/span><\/p>\n<p style=\"text-align: center\">&nbsp;<a title=\"Pasaje del Terror 2019\/2020\" href=\"https:\/\/www.flickr.com\/photos\/147552640@N03\/albums\/72157711627054991\" data-flickr-embed=\"true\"><img loading=\"lazy\" decoding=\"async\" src=\"https:\/\/live.staticflickr.com\/65535\/49008530721_6f942a858b_z.jpg\" alt=\"Pasaje del Terror 2019\/2020\" width=\"540\" height=\"540\"><\/a><\/p>\n<p style=\"text-align: center\">&nbsp;<iframe loading=\"lazy\" src=\"https:\/\/www.youtube.com\/embed\/IZO0Abe0pFU\" width=\"560\" height=\"315\" frameborder=\"0\"><\/iframe><\/p>\n","protected":false},"excerpt":{"rendered":"<p>Un a\u00f1o m\u00e1 lleg\u00f3 a nuestra biblioteca el&nbsp; Pasaje del Terror realizado por FPIGS Educaci\u00f3n Infantil para 1\u00ba ESO. Haz click en la imagen para ver el \u00e1lbum &nbsp; &nbsp;<\/p>\n","protected":false},"author":2391,"featured_media":0,"comment_status":"closed","ping_status":"closed","sticky":false,"template":"","format":"standard","meta":{"_et_pb_use_builder":"","_et_pb_old_content":"","_et_gb_content_width":"","ngg_post_thumbnail":0,"footnotes":""},"categories":[50,40],"tags":[],"aioseo_notices":[],"_links":{"self":[{"href":"https:\/\/blogsaverroes.juntadeandalucia.es\/iessantiagoramonycajal\/wp-json\/wp\/v2\/posts\/6946"}],"collection":[{"href":"https:\/\/blogsaverroes.juntadeandalucia.es\/iessantiagoramonycajal\/wp-json\/wp\/v2\/posts"}],"about":[{"href":"https:\/\/blogsaverroes.juntadeandalucia.es\/iessantiagoramonycajal\/wp-json\/wp\/v2\/types\/post"}],"author":[{"embeddable":true,"href":"https:\/\/blogsaverroes.juntadeandalucia.es\/iessantiagoramonycajal\/wp-json\/wp\/v2\/users\/2391"}],"replies":[{"embeddable":true,"href":"https:\/\/blogsaverroes.juntadeandalucia.es\/iessantiagoramonycajal\/wp-json\/wp\/v2\/comments?post=6946"}],"version-history":[{"count":0,"href":"https:\/\/blogsaverroes.juntadeandalucia.es\/iessantiagoramonycajal\/wp-json\/wp\/v2\/posts\/6946\/revisions"}],"wp:attachment":[{"href":"https:\/\/blogsaverroes.juntadeandalucia.es\/iessantiagoramonycajal\/wp-json\/wp\/v2\/media?parent=6946"}],"wp:term":[{"taxonomy":"category","embeddable":true,"href":"https:\/\/blogsaverroes.juntadeandalucia.es\/iessantiagoramonycajal\/wp-json\/wp\/v2\/categories?post=6946"},{"taxonomy":"post_tag","embeddable":true,"href":"https:\/\/blogsaverroes.juntadeandalucia.es\/iessantiagoramonycajal\/wp-json\/wp\/v2\/tags?post=6946"}],"curies":[{"name":"wp","href":"https:\/\/api.w.org\/{rel}","templated":true}]}}