{"id":9778,"date":"2020-12-23T09:20:23","date_gmt":"2020-12-23T09:20:23","guid":{"rendered":"https:\/\/blogsaverroes.juntadeandalucia.es\/iesramonycajalfuengirola\/?p=9778"},"modified":"2020-12-23T09:20:23","modified_gmt":"2020-12-23T09:20:23","slug":"decalogo-de-habitos-saludables","status":"publish","type":"post","link":"https:\/\/blogsaverroes.juntadeandalucia.es\/iessantiagoramonycajal\/decalogo-de-habitos-saludables\/","title":{"rendered":"Dec\u00e1logo de H\u00e1bitos Saludables"},"content":{"rendered":"<table style=\"border-collapse: collapse;width: 100%\">\n<tbody>\n<tr>\n<td style=\"width: 100%\">Los alumnos y alumnas de <strong><span style=\"color: #008080\">3\u00ba ESO D<\/span><\/strong> junto con su tutora <strong><span style=\"color: #008080\">Carmen M\u00aa Garrido<\/span><\/strong>, han realizado un <strong><span style=\"color: #ff6600\">dec\u00e1logo de h\u00e1bitos saludables<\/span><\/strong> para el programa &#8220;<strong><span style=\"color: #008080\">Forma Joven<\/span><\/strong>&#8220;.<\/p>\n<p><span style=\"font-size: 10pt;color: #0000ff\">Haz click en la imagen para ver el \u00e1lbum<\/span><\/p>\n<p style=\"text-align: center\"><a title=\"Dec\u00e1logo de h\u00e1bitos saludables\" href=\"https:\/\/www.flickr.com\/photos\/147552640@N03\/albums\/72157717490179222\" data-flickr-embed=\"true\"><img loading=\"lazy\" decoding=\"async\" class=\"\" src=\"https:\/\/live.staticflickr.com\/65535\/50749688933_4af389e748_z.jpg\" alt=\"Dec\u00e1logo de h\u00e1bitos saludables\" width=\"451\" height=\"362\"><\/a>&nbsp;<\/p>\n<\/td>\n<\/tr>\n<\/tbody>\n<\/table>\n","protected":false},"excerpt":{"rendered":"<p>Los alumnos y alumnas de 3\u00ba ESO D junto con su tutora Carmen M\u00aa Garrido, han realizado un dec\u00e1logo de h\u00e1bitos saludables para el programa &#8220;Forma Joven&#8220;. Haz click en la imagen para ver el \u00e1lbum &nbsp;<\/p>\n","protected":false},"author":2391,"featured_media":0,"comment_status":"closed","ping_status":"closed","sticky":false,"template":"","format":"standard","meta":{"_et_pb_use_builder":"","_et_pb_old_content":"","_et_gb_content_width":"","ngg_post_thumbnail":0,"footnotes":""},"categories":[131,84],"tags":[],"aioseo_notices":[],"_links":{"self":[{"href":"https:\/\/blogsaverroes.juntadeandalucia.es\/iessantiagoramonycajal\/wp-json\/wp\/v2\/posts\/9778"}],"collection":[{"href":"https:\/\/blogsaverroes.juntadeandalucia.es\/iessantiagoramonycajal\/wp-json\/wp\/v2\/posts"}],"about":[{"href":"https:\/\/blogsaverroes.juntadeandalucia.es\/iessantiagoramonycajal\/wp-json\/wp\/v2\/types\/post"}],"author":[{"embeddable":true,"href":"https:\/\/blogsaverroes.juntadeandalucia.es\/iessantiagoramonycajal\/wp-json\/wp\/v2\/users\/2391"}],"replies":[{"embeddable":true,"href":"https:\/\/blogsaverroes.juntadeandalucia.es\/iessantiagoramonycajal\/wp-json\/wp\/v2\/comments?post=9778"}],"version-history":[{"count":0,"href":"https:\/\/blogsaverroes.juntadeandalucia.es\/iessantiagoramonycajal\/wp-json\/wp\/v2\/posts\/9778\/revisions"}],"wp:attachment":[{"href":"https:\/\/blogsaverroes.juntadeandalucia.es\/iessantiagoramonycajal\/wp-json\/wp\/v2\/media?parent=9778"}],"wp:term":[{"taxonomy":"category","embeddable":true,"href":"https:\/\/blogsaverroes.juntadeandalucia.es\/iessantiagoramonycajal\/wp-json\/wp\/v2\/categories?post=9778"},{"taxonomy":"post_tag","embeddable":true,"href":"https:\/\/blogsaverroes.juntadeandalucia.es\/iessantiagoramonycajal\/wp-json\/wp\/v2\/tags?post=9778"}],"curies":[{"name":"wp","href":"https:\/\/api.w.org\/{rel}","templated":true}]}}