{"id":5076,"date":"2022-05-10T18:28:34","date_gmt":"2022-05-10T18:28:34","guid":{"rendered":"https:\/\/blogsaverroes.juntadeandalucia.es\/iesseneca\/?p=5076"},"modified":"2022-05-10T18:31:37","modified_gmt":"2022-05-10T18:31:37","slug":"beca-general-hasta-12-de-mayo","status":"publish","type":"post","link":"https:\/\/blogsaverroes.juntadeandalucia.es\/iesseneca\/beca-general-hasta-12-de-mayo\/","title":{"rendered":"Beca general hasta 12 de mayo"},"content":{"rendered":"<p style=\"text-align: justify\">Recordamos que el plazo para solicitar beca general acaba el pr\u00f3ximo<strong>&nbsp;jueves 12 de mayo de 2022.<\/strong><\/p>\n<p style=\"text-align: justify\">Es importante continuar dando difusi\u00f3n y recordando al alumnado el plazo establecido para que la soliciten aunque todav\u00eda no sepan si van a continuar sus estudios o los estudios que van a cursar el pr\u00f3ximo 22-23. (Especialmente al que actualmente est\u00e9 cursando 4\u00ba de E.S.O)<\/p>\n<p style=\"text-align: justify\">Para m\u00e1s informaci\u00f3n pueden consultar en el Portal de Becas de la web de la Consejer\u00eda de Educaci\u00f3n y Deporte de la Junta de Andaluc\u00eda en los siguientes enlaces:<\/p>\n<p><strong><a href=\"https:\/\/www.juntadeandalucia.es\/educacion\/portals\/web\/becas-y-ayudas\" target=\"_blank\" rel=\"noopener noreferrer\" data-saferedirecturl=\"https:\/\/www.google.com\/url?q=https:\/\/www.juntadeandalucia.es\/educacion\/portals\/web\/becas-y-ayudas&amp;source=gmail&amp;ust=1652272547034000&amp;usg=AOvVaw2h8FF5OhnI4fn4FUlIyo9g\">https:\/\/www.juntadeandalucia.es\/educacion\/portals\/web\/becas-y-ayudas<\/a><\/strong><br \/>\n<strong><a href=\"https:\/\/www.juntadeandalucia.es\/educacion\/portals\/web\/becas-y-ayudas\/tu-beca-en-nueve-pasos-andalucia\" target=\"_blank\" rel=\"noopener noreferrer\" data-saferedirecturl=\"https:\/\/www.google.com\/url?q=https:\/\/www.juntadeandalucia.es\/educacion\/portals\/web\/becas-y-ayudas\/tu-beca-en-nueve-pasos-andalucia&amp;source=gmail&amp;ust=1652272547034000&amp;usg=AOvVaw0BVim-BHvytkErj9g-sxrF\">https:\/\/www.juntadeandalucia.es\/educacion\/portals\/web\/becas-y-ayudas\/tu-beca-en-nueve-pasos-andalucia<\/a><\/strong><\/p>\n<p><strong><a href=\"https:\/\/blogsaverroes.juntadeandalucia.es\/iesseneca\/files\/2022\/05\/Cartel-Beca-General-2022_23-Andaluci\u0301a.pdf\">Cartel Beca General 2022_23 Andaluci\u0301a<\/a><\/strong><\/p>\n","protected":false},"excerpt":{"rendered":"<p>Recordamos que el plazo para solicitar beca general acaba el pr\u00f3ximo&nbsp;jueves 12 de mayo de 2022. Es importante continuar dando difusi\u00f3n y recordando al alumnado el plazo establecido para que la soliciten aunque todav\u00eda&#46;&#46;&#46;<\/p>\n","protected":false},"author":11434,"featured_media":4948,"comment_status":"open","ping_status":"open","sticky":false,"template":"","format":"standard","meta":{"ngg_post_thumbnail":0,"footnotes":""},"categories":[2351701,526],"tags":[],"aioseo_notices":[],"_links":{"self":[{"href":"https:\/\/blogsaverroes.juntadeandalucia.es\/iesseneca\/wp-json\/wp\/v2\/posts\/5076"}],"collection":[{"href":"https:\/\/blogsaverroes.juntadeandalucia.es\/iesseneca\/wp-json\/wp\/v2\/posts"}],"about":[{"href":"https:\/\/blogsaverroes.juntadeandalucia.es\/iesseneca\/wp-json\/wp\/v2\/types\/post"}],"author":[{"embeddable":true,"href":"https:\/\/blogsaverroes.juntadeandalucia.es\/iesseneca\/wp-json\/wp\/v2\/users\/11434"}],"replies":[{"embeddable":true,"href":"https:\/\/blogsaverroes.juntadeandalucia.es\/iesseneca\/wp-json\/wp\/v2\/comments?post=5076"}],"version-history":[{"count":2,"href":"https:\/\/blogsaverroes.juntadeandalucia.es\/iesseneca\/wp-json\/wp\/v2\/posts\/5076\/revisions"}],"predecessor-version":[{"id":5079,"href":"https:\/\/blogsaverroes.juntadeandalucia.es\/iesseneca\/wp-json\/wp\/v2\/posts\/5076\/revisions\/5079"}],"wp:featuredmedia":[{"embeddable":true,"href":"https:\/\/blogsaverroes.juntadeandalucia.es\/iesseneca\/wp-json\/wp\/v2\/media\/4948"}],"wp:attachment":[{"href":"https:\/\/blogsaverroes.juntadeandalucia.es\/iesseneca\/wp-json\/wp\/v2\/media?parent=5076"}],"wp:term":[{"taxonomy":"category","embeddable":true,"href":"https:\/\/blogsaverroes.juntadeandalucia.es\/iesseneca\/wp-json\/wp\/v2\/categories?post=5076"},{"taxonomy":"post_tag","embeddable":true,"href":"https:\/\/blogsaverroes.juntadeandalucia.es\/iesseneca\/wp-json\/wp\/v2\/tags?post=5076"}],"curies":[{"name":"wp","href":"https:\/\/api.w.org\/{rel}","templated":true}]}}