{"id":5324,"date":"2022-10-17T17:05:09","date_gmt":"2022-10-17T17:05:09","guid":{"rendered":"https:\/\/blogsaverroes.juntadeandalucia.es\/iesseneca\/?p=5324"},"modified":"2022-10-17T17:05:09","modified_gmt":"2022-10-17T17:05:09","slug":"vii-dia-de-las-escritoras","status":"publish","type":"post","link":"https:\/\/blogsaverroes.juntadeandalucia.es\/iesseneca\/vii-dia-de-las-escritoras\/","title":{"rendered":"VII D\u00eda de las Escritoras"},"content":{"rendered":"<p style=\"font-weight: 400;text-align: justify\">Como todos los a\u00f1os, hoy lunes 17 de octubre ( el m\u00e1s cercano al 15 de octubre, festividad de santa Teresa de Jes\u00fas), la&nbsp;Biblioteca Nacional de Espa\u00f1a, en colaboraci\u00f3n con otras entidades, celebra la&nbsp;<strong>VII edici\u00f3n del D\u00eda de las Escritoras<\/strong> para reivindicar la labor y el legado de las mujeres que han escrito a lo largo de la historia.<\/p>\n<p style=\"font-weight: 400;text-align: justify\">Esta s\u00e9ptima edici\u00f3n cuenta con el comisariado de la escritora Carmen Domingo, y el tema elegido es <strong>\u201cAntes, durante y despu\u00e9s de las guerras\u201d&nbsp;<\/strong>&nbsp;desde el punto de vista de las mujeres. Los m\u00e1s de veinte textos seleccionados abarcan la mayor\u00eda de los conflictos b\u00e9licos ocurridos a los dos lados del Atl\u00e1ntico en los siglos XIX y XX y las repercusiones de esos conflictos.<\/p>\n<p style=\"font-weight: 400;text-align: justify\"><em>\u201cUn a\u00f1o m\u00e1s \u2013&nbsp;<\/em>avanza Ana Santos Aramburo, directora de la BNE<em>&nbsp;\u2013 recuperamos la palabra de mujeres escritoras que en sus textos reflejan sentimientos, b\u00fasquedas y luchas. Mujeres valientes cuya obra, en muchas ocasiones, ha sido ignorada. Rescatar hoy su voz es un acto de justicia y reconocimiento hacia todas ellas\u201d. El lema de este a\u00f1o \u201ces un homenaje al papel fundamental que han cumplido en situaciones de conflicto b\u00e9lico y ayuda a reflexionar y contemplar con otros ojos una situaci\u00f3n de sufrimiento, pero tambi\u00e9n de generosidad y compromiso.\u201d<\/em><\/p>\n<p style=\"font-weight: 400;text-align: justify\">Desde el Plan de Trabajo de nuestra biblioteca, nos queremos unir a la celebraci\u00f3n de esta efem\u00e9ride (como ya hicimos a\u00f1os anteriores) con la propuesta de las siguientes actividades que se trabajar\u00e1n&nbsp; durante esta semana:<\/p>\n<ul>\n<li style=\"font-weight: 400;text-align: justify\">Lectura completa o fragmentaria del <strong><a href=\"https:\/\/blogsaverroes.juntadeandalucia.es\/iesseneca\/files\/2022\/10\/Manifiesto-VII-Di\u0301a-de-las-Escritoras.pdf\"><u>manifiesto<\/u><\/a><\/strong>&nbsp;y posible debate posterior sobre la visi\u00f3n de la guerra desde el punto de vista de estas mujeres. Tambi\u00e9n se leer\u00e1 la&nbsp;<u>selecci\u00f3n de textos de escritoras<\/u>&nbsp;en un pdf interactivo.<\/li>\n<li style=\"font-weight: 400;text-align: justify\">Lectura e ilustraci\u00f3n de poemas de Gloria Fuertes contra la guerra.<\/li>\n<li style=\"font-weight: 400;text-align: justify\">Visionado y posterior an\u00e1lisis de este breve v\u00eddeo en el que la joven escritora y periodista ucraniana Margaryta Yakovenko, afincada en Espa\u00f1a, explica en primera persona la respuesta de la poblaci\u00f3n civil ucraniana ante los ataques de Rusia.<\/li>\n<\/ul>\n<p style=\"text-align: center\"><strong><a href=\"https:\/\/blogsaverroes.juntadeandalucia.es\/iesseneca\/files\/2022\/10\/Manifiesto-VII-Di\u0301a-de-las-Escritoras.pdf\">Manifiesto VII Di\u0301a de las Escritoras<\/a><\/strong><\/p>\n<p><a href=\"https:\/\/blogsaverroes.juntadeandalucia.es\/iesseneca\/files\/2022\/10\/Imagen-de-cabecera.png\"><img loading=\"lazy\" decoding=\"async\" class=\"alignleft size-full wp-image-5327\" src=\"https:\/\/blogsaverroes.juntadeandalucia.es\/iesseneca\/files\/2022\/10\/Imagen-de-cabecera.png\" alt=\"\" width=\"1600\" height=\"378\" srcset=\"https:\/\/blogsaverroes.juntadeandalucia.es\/iesseneca\/files\/2022\/10\/Imagen-de-cabecera.png 1600w, https:\/\/blogsaverroes.juntadeandalucia.es\/iesseneca\/files\/2022\/10\/Imagen-de-cabecera-300x71.png 300w, https:\/\/blogsaverroes.juntadeandalucia.es\/iesseneca\/files\/2022\/10\/Imagen-de-cabecera-1024x242.png 1024w, https:\/\/blogsaverroes.juntadeandalucia.es\/iesseneca\/files\/2022\/10\/Imagen-de-cabecera-768x181.png 768w, https:\/\/blogsaverroes.juntadeandalucia.es\/iesseneca\/files\/2022\/10\/Imagen-de-cabecera-1536x363.png 1536w\" sizes=\"(max-width: 1600px) 100vw, 1600px\" \/><\/a><\/p>\n","protected":false},"excerpt":{"rendered":"<p>Como todos los a\u00f1os, hoy lunes 17 de octubre ( el m\u00e1s cercano al 15 de octubre, festividad de santa Teresa de Jes\u00fas), la&nbsp;Biblioteca Nacional de Espa\u00f1a, en colaboraci\u00f3n con otras entidades, celebra la&nbsp;VII&#46;&#46;&#46;<\/p>\n","protected":false},"author":11434,"featured_media":5326,"comment_status":"open","ping_status":"open","sticky":false,"template":"","format":"standard","meta":{"ngg_post_thumbnail":0,"footnotes":""},"categories":[213,25505,526],"tags":[],"aioseo_notices":[],"_links":{"self":[{"href":"https:\/\/blogsaverroes.juntadeandalucia.es\/iesseneca\/wp-json\/wp\/v2\/posts\/5324"}],"collection":[{"href":"https:\/\/blogsaverroes.juntadeandalucia.es\/iesseneca\/wp-json\/wp\/v2\/posts"}],"about":[{"href":"https:\/\/blogsaverroes.juntadeandalucia.es\/iesseneca\/wp-json\/wp\/v2\/types\/post"}],"author":[{"embeddable":true,"href":"https:\/\/blogsaverroes.juntadeandalucia.es\/iesseneca\/wp-json\/wp\/v2\/users\/11434"}],"replies":[{"embeddable":true,"href":"https:\/\/blogsaverroes.juntadeandalucia.es\/iesseneca\/wp-json\/wp\/v2\/comments?post=5324"}],"version-history":[{"count":1,"href":"https:\/\/blogsaverroes.juntadeandalucia.es\/iesseneca\/wp-json\/wp\/v2\/posts\/5324\/revisions"}],"predecessor-version":[{"id":5329,"href":"https:\/\/blogsaverroes.juntadeandalucia.es\/iesseneca\/wp-json\/wp\/v2\/posts\/5324\/revisions\/5329"}],"wp:featuredmedia":[{"embeddable":true,"href":"https:\/\/blogsaverroes.juntadeandalucia.es\/iesseneca\/wp-json\/wp\/v2\/media\/5326"}],"wp:attachment":[{"href":"https:\/\/blogsaverroes.juntadeandalucia.es\/iesseneca\/wp-json\/wp\/v2\/media?parent=5324"}],"wp:term":[{"taxonomy":"category","embeddable":true,"href":"https:\/\/blogsaverroes.juntadeandalucia.es\/iesseneca\/wp-json\/wp\/v2\/categories?post=5324"},{"taxonomy":"post_tag","embeddable":true,"href":"https:\/\/blogsaverroes.juntadeandalucia.es\/iesseneca\/wp-json\/wp\/v2\/tags?post=5324"}],"curies":[{"name":"wp","href":"https:\/\/api.w.org\/{rel}","templated":true}]}}