{"id":5518,"date":"2023-02-24T10:58:51","date_gmt":"2023-02-24T10:58:51","guid":{"rendered":"https:\/\/blogsaverroes.juntadeandalucia.es\/iesseneca\/?p=5518"},"modified":"2023-03-01T15:09:36","modified_gmt":"2023-03-01T15:09:36","slug":"concurso-dia-de-andalucia-2","status":"publish","type":"post","link":"https:\/\/blogsaverroes.juntadeandalucia.es\/iesseneca\/concurso-dia-de-andalucia-2\/","title":{"rendered":"Concurso d\u00eda de Andaluc\u00eda"},"content":{"rendered":"<p style=\"text-align: justify\">Desde el Departamento de Geograf\u00eda e Historia se propone un&nbsp;<b>concurso<\/b>&nbsp;para conmemorar el&nbsp;<b>D\u00eda de Andaluc\u00eda<\/b>, destinado a todo el alumnado del Centro, buscando iniciar o profundizar en el conocimiento de la muralla almohade situada en el instituto.<\/p>\n<p><strong><a href=\"https:\/\/blogsaverroes.juntadeandalucia.es\/iesseneca\/files\/2023\/02\/TIK-TOK-MURALLA.pdf\">Instrucciones concurso Tik Tok muralla<\/a><\/strong><\/p>\n<p><a href=\"https:\/\/blogsaverroes.juntadeandalucia.es\/iesseneca\/files\/2023\/02\/Captura-de-pantalla-2023-02-24-a-las-11.53.56.png\"><img loading=\"lazy\" decoding=\"async\" class=\"size-full wp-image-5521 aligncenter\" src=\"https:\/\/blogsaverroes.juntadeandalucia.es\/iesseneca\/files\/2023\/02\/Captura-de-pantalla-2023-02-24-a-las-11.53.56.png\" alt=\"\" width=\"1600\" height=\"1135\" srcset=\"https:\/\/blogsaverroes.juntadeandalucia.es\/iesseneca\/files\/2023\/02\/Captura-de-pantalla-2023-02-24-a-las-11.53.56.png 1600w, https:\/\/blogsaverroes.juntadeandalucia.es\/iesseneca\/files\/2023\/02\/Captura-de-pantalla-2023-02-24-a-las-11.53.56-300x213.png 300w, https:\/\/blogsaverroes.juntadeandalucia.es\/iesseneca\/files\/2023\/02\/Captura-de-pantalla-2023-02-24-a-las-11.53.56-1024x727.png 1024w, https:\/\/blogsaverroes.juntadeandalucia.es\/iesseneca\/files\/2023\/02\/Captura-de-pantalla-2023-02-24-a-las-11.53.56-768x545.png 768w, https:\/\/blogsaverroes.juntadeandalucia.es\/iesseneca\/files\/2023\/02\/Captura-de-pantalla-2023-02-24-a-las-11.53.56-1536x1090.png 1536w, https:\/\/blogsaverroes.juntadeandalucia.es\/iesseneca\/files\/2023\/02\/Captura-de-pantalla-2023-02-24-a-las-11.53.56-2048x1453.png 2048w\" sizes=\"(max-width: 1600px) 100vw, 1600px\" \/><\/a><\/p>\n<p style=\"text-align: center\"><iframe loading=\"lazy\" src=\"https:\/\/www.youtube.com\/embed\/1gmvX8xK0gc\" width=\"560\" height=\"315\" frameborder=\"0\"><\/iframe>&nbsp;<\/p>\n","protected":false},"excerpt":{"rendered":"<p>Desde el Departamento de Geograf\u00eda e Historia se propone un&nbsp;concurso&nbsp;para conmemorar el&nbsp;D\u00eda de Andaluc\u00eda, destinado a todo el alumnado del Centro, buscando iniciar o profundizar en el conocimiento de la muralla almohade situada en&#46;&#46;&#46;<\/p>\n","protected":false},"author":11434,"featured_media":5519,"comment_status":"open","ping_status":"open","sticky":false,"template":"","format":"standard","meta":{"ngg_post_thumbnail":0,"footnotes":""},"categories":[25503,526],"tags":[],"aioseo_notices":[],"_links":{"self":[{"href":"https:\/\/blogsaverroes.juntadeandalucia.es\/iesseneca\/wp-json\/wp\/v2\/posts\/5518"}],"collection":[{"href":"https:\/\/blogsaverroes.juntadeandalucia.es\/iesseneca\/wp-json\/wp\/v2\/posts"}],"about":[{"href":"https:\/\/blogsaverroes.juntadeandalucia.es\/iesseneca\/wp-json\/wp\/v2\/types\/post"}],"author":[{"embeddable":true,"href":"https:\/\/blogsaverroes.juntadeandalucia.es\/iesseneca\/wp-json\/wp\/v2\/users\/11434"}],"replies":[{"embeddable":true,"href":"https:\/\/blogsaverroes.juntadeandalucia.es\/iesseneca\/wp-json\/wp\/v2\/comments?post=5518"}],"version-history":[{"count":3,"href":"https:\/\/blogsaverroes.juntadeandalucia.es\/iesseneca\/wp-json\/wp\/v2\/posts\/5518\/revisions"}],"predecessor-version":[{"id":5532,"href":"https:\/\/blogsaverroes.juntadeandalucia.es\/iesseneca\/wp-json\/wp\/v2\/posts\/5518\/revisions\/5532"}],"wp:featuredmedia":[{"embeddable":true,"href":"https:\/\/blogsaverroes.juntadeandalucia.es\/iesseneca\/wp-json\/wp\/v2\/media\/5519"}],"wp:attachment":[{"href":"https:\/\/blogsaverroes.juntadeandalucia.es\/iesseneca\/wp-json\/wp\/v2\/media?parent=5518"}],"wp:term":[{"taxonomy":"category","embeddable":true,"href":"https:\/\/blogsaverroes.juntadeandalucia.es\/iesseneca\/wp-json\/wp\/v2\/categories?post=5518"},{"taxonomy":"post_tag","embeddable":true,"href":"https:\/\/blogsaverroes.juntadeandalucia.es\/iesseneca\/wp-json\/wp\/v2\/tags?post=5518"}],"curies":[{"name":"wp","href":"https:\/\/api.w.org\/{rel}","templated":true}]}}