{"id":5640,"date":"2023-04-25T15:57:15","date_gmt":"2023-04-25T15:57:15","guid":{"rendered":"https:\/\/blogsaverroes.juntadeandalucia.es\/iesseneca\/?p=5640"},"modified":"2023-04-25T15:57:15","modified_gmt":"2023-04-25T15:57:15","slug":"taller-de-poesia-visual","status":"publish","type":"post","link":"https:\/\/blogsaverroes.juntadeandalucia.es\/iesseneca\/taller-de-poesia-visual\/","title":{"rendered":"Taller de poes\u00eda visual"},"content":{"rendered":"<p style=\"text-align: justify\">El alumnado de 3\u00ba ESO E ha realizado un peque\u00f1o proyecto en clase de poes\u00eda visual. Tras haber asistido a la magn\u00edfica conferencia-taller impartida por nuestro compa\u00f1ero Andr\u00e9s Moriel, han realizado sus propios poemas visuales y los han complementado con una explicaci\u00f3n personal de esas im\u00e1genes cargadas de connotaciones y que han sido tomadas (en su mayor\u00eda) en el entorno de nuestro centro. Os invitamos a ver la presentaci\u00f3n y esperamos que os guste.<\/p>\n<p><strong><a href=\"https:\/\/drive.google.com\/file\/d\/1jX0Ovvg3Ij6osX8zJBbyNMgcRUgS4a6m\/view?usp=drive_web\">Presentaci\u00f3n poes\u00eda visual<\/a><\/strong><\/p>\n","protected":false},"excerpt":{"rendered":"<p>El alumnado de 3\u00ba ESO E ha realizado un peque\u00f1o proyecto en clase de poes\u00eda visual. Tras haber asistido a la magn\u00edfica conferencia-taller impartida por nuestro compa\u00f1ero Andr\u00e9s Moriel, han realizado sus propios poemas&#46;&#46;&#46;<\/p>\n","protected":false},"author":11434,"featured_media":5641,"comment_status":"open","ping_status":"open","sticky":false,"template":"","format":"standard","meta":{"ngg_post_thumbnail":0,"footnotes":""},"categories":[213],"tags":[],"aioseo_notices":[],"_links":{"self":[{"href":"https:\/\/blogsaverroes.juntadeandalucia.es\/iesseneca\/wp-json\/wp\/v2\/posts\/5640"}],"collection":[{"href":"https:\/\/blogsaverroes.juntadeandalucia.es\/iesseneca\/wp-json\/wp\/v2\/posts"}],"about":[{"href":"https:\/\/blogsaverroes.juntadeandalucia.es\/iesseneca\/wp-json\/wp\/v2\/types\/post"}],"author":[{"embeddable":true,"href":"https:\/\/blogsaverroes.juntadeandalucia.es\/iesseneca\/wp-json\/wp\/v2\/users\/11434"}],"replies":[{"embeddable":true,"href":"https:\/\/blogsaverroes.juntadeandalucia.es\/iesseneca\/wp-json\/wp\/v2\/comments?post=5640"}],"version-history":[{"count":1,"href":"https:\/\/blogsaverroes.juntadeandalucia.es\/iesseneca\/wp-json\/wp\/v2\/posts\/5640\/revisions"}],"predecessor-version":[{"id":5642,"href":"https:\/\/blogsaverroes.juntadeandalucia.es\/iesseneca\/wp-json\/wp\/v2\/posts\/5640\/revisions\/5642"}],"wp:featuredmedia":[{"embeddable":true,"href":"https:\/\/blogsaverroes.juntadeandalucia.es\/iesseneca\/wp-json\/wp\/v2\/media\/5641"}],"wp:attachment":[{"href":"https:\/\/blogsaverroes.juntadeandalucia.es\/iesseneca\/wp-json\/wp\/v2\/media?parent=5640"}],"wp:term":[{"taxonomy":"category","embeddable":true,"href":"https:\/\/blogsaverroes.juntadeandalucia.es\/iesseneca\/wp-json\/wp\/v2\/categories?post=5640"},{"taxonomy":"post_tag","embeddable":true,"href":"https:\/\/blogsaverroes.juntadeandalucia.es\/iesseneca\/wp-json\/wp\/v2\/tags?post=5640"}],"curies":[{"name":"wp","href":"https:\/\/api.w.org\/{rel}","templated":true}]}}