{"id":6423,"date":"2025-04-02T15:35:42","date_gmt":"2025-04-02T15:35:42","guid":{"rendered":"https:\/\/blogsaverroes.juntadeandalucia.es\/iesseneca\/?p=6423"},"modified":"2025-04-02T15:35:42","modified_gmt":"2025-04-02T15:35:42","slug":"la-luna-de-anoche-taller-de-poesia-con-olga-valenzuela-albarran-en-el-ies-seneca","status":"publish","type":"post","link":"https:\/\/blogsaverroes.juntadeandalucia.es\/iesseneca\/la-luna-de-anoche-taller-de-poesia-con-olga-valenzuela-albarran-en-el-ies-seneca\/","title":{"rendered":"\u201cLa luna de anoche\u201d, taller de poes\u00eda con Olga Valenzuela Albarr\u00e1n en el IES S\u00e9neca"},"content":{"rendered":"<p style=\"text-align: justify\">El viernes 28 de marzo pudimos disfrutar de un Taller de Poes\u00eda impartido por la profesora y poeta Olga Valenzuela Albarr\u00e1n. Particip\u00f3 el alumnado de 3\u00ba de ESO F y 1\u00ba de Bachillerato A. Esta actividad forma parte del Plan de Biblioteca y ha sido coordinada por las profesoras Carmen Jim\u00e9nez y Mar\u00eda de Gu\u00eda Penco.<\/p>\n<p style=\"text-align: justify\">Se enmarca en el programa \u201cEncuentros con escritores y escritoras docentes\u201d, acci\u00f3n formativa y divulgadora de la Delegaci\u00f3n Territorial de Desarrollo Educativo y Formaci\u00f3n Profesional de C\u00f3rdoba, promovida y organizada por la Coordinaci\u00f3n Provincial de Lectura y Bibliotecas Escolares y el Centro de Profesorado de nuestra ciudad.<\/p>\n<p style=\"text-align: justify\">La actividad comenz\u00f3 con una motivadora conversaci\u00f3n entre Olga y el alumnado, en la que se reflexion\u00f3 sobre cuestiones como por qu\u00e9 y cu\u00e1ndo empez\u00f3 a escribir, c\u00f3mo se inici\u00f3 en el mundo de la poes\u00eda o las fases de su proceso creativo. Comparti\u00f3 con nosotros algunas interesantes vivencias personales y se centr\u00f3 en la lectura comentada de algunos poemas de su libro \u201cLa luna de anoche\u201d. Tras ello, tuvo lugar el taller pr\u00e1ctico cooperativo en el que alumnado ley\u00f3 sus variaciones de poemas y mostr\u00f3 sus ilustraciones a la autora. Adem\u00e1s de fomentar la lectura y capacidad creativa de los asistentes, ha suscitado un gran inter\u00e9s, pues hemos conocido de la mano de una experta c\u00f3mo se componen poemas.<\/p>\n<p style=\"text-align: justify\">Queremos agradecer a Olga Valenzuela su capacidad para motivar al alumnado y sus interesantes reflexiones y aportaciones para acercar la poes\u00eda a los adolescentes, as\u00ed como su cercan\u00eda y conexi\u00f3n con el p\u00fablico asistente.<\/p>\nngg_shortcode_0_placeholder\n","protected":false},"excerpt":{"rendered":"<p>El viernes 28 de marzo pudimos disfrutar de un Taller de Poes\u00eda impartido por la profesora y poeta Olga Valenzuela Albarr\u00e1n. Particip\u00f3 el alumnado de 3\u00ba de ESO F y 1\u00ba de Bachillerato A.&#46;&#46;&#46;<\/p>\n","protected":false},"author":11434,"featured_media":6424,"comment_status":"open","ping_status":"open","sticky":false,"template":"","format":"standard","meta":{"ngg_post_thumbnail":0,"footnotes":""},"categories":[213],"tags":[],"aioseo_notices":[],"_links":{"self":[{"href":"https:\/\/blogsaverroes.juntadeandalucia.es\/iesseneca\/wp-json\/wp\/v2\/posts\/6423"}],"collection":[{"href":"https:\/\/blogsaverroes.juntadeandalucia.es\/iesseneca\/wp-json\/wp\/v2\/posts"}],"about":[{"href":"https:\/\/blogsaverroes.juntadeandalucia.es\/iesseneca\/wp-json\/wp\/v2\/types\/post"}],"author":[{"embeddable":true,"href":"https:\/\/blogsaverroes.juntadeandalucia.es\/iesseneca\/wp-json\/wp\/v2\/users\/11434"}],"replies":[{"embeddable":true,"href":"https:\/\/blogsaverroes.juntadeandalucia.es\/iesseneca\/wp-json\/wp\/v2\/comments?post=6423"}],"version-history":[{"count":1,"href":"https:\/\/blogsaverroes.juntadeandalucia.es\/iesseneca\/wp-json\/wp\/v2\/posts\/6423\/revisions"}],"predecessor-version":[{"id":6430,"href":"https:\/\/blogsaverroes.juntadeandalucia.es\/iesseneca\/wp-json\/wp\/v2\/posts\/6423\/revisions\/6430"}],"wp:featuredmedia":[{"embeddable":true,"href":"https:\/\/blogsaverroes.juntadeandalucia.es\/iesseneca\/wp-json\/wp\/v2\/media\/6424"}],"wp:attachment":[{"href":"https:\/\/blogsaverroes.juntadeandalucia.es\/iesseneca\/wp-json\/wp\/v2\/media?parent=6423"}],"wp:term":[{"taxonomy":"category","embeddable":true,"href":"https:\/\/blogsaverroes.juntadeandalucia.es\/iesseneca\/wp-json\/wp\/v2\/categories?post=6423"},{"taxonomy":"post_tag","embeddable":true,"href":"https:\/\/blogsaverroes.juntadeandalucia.es\/iesseneca\/wp-json\/wp\/v2\/tags?post=6423"}],"curies":[{"name":"wp","href":"https:\/\/api.w.org\/{rel}","templated":true}]}}