{"id":6495,"date":"2025-06-25T15:58:23","date_gmt":"2025-06-25T15:58:23","guid":{"rendered":"https:\/\/blogsaverroes.juntadeandalucia.es\/iesseneca\/?p=6495"},"modified":"2025-06-25T15:58:23","modified_gmt":"2025-06-25T15:58:23","slug":"charla-sobre-ciclos-formativos-de-grado-basico","status":"publish","type":"post","link":"https:\/\/blogsaverroes.juntadeandalucia.es\/iesseneca\/charla-sobre-ciclos-formativos-de-grado-basico\/","title":{"rendered":"Charla sobre Ciclos Formativos de Grado B\u00e1sico"},"content":{"rendered":"<p>Os dejamos la presentaci\u00f3n utilizada en la charla sobre los Ciclos Formativos de Grado B\u00e1sico.<\/p>\n<p><strong><a href=\"https:\/\/blogsaverroes.juntadeandalucia.es\/iesseneca\/files\/2025\/06\/Presentacion-CFGB-24-25.pptx\">Presentacion CFGB 24-25<\/a><\/strong><\/p>\n","protected":false},"excerpt":{"rendered":"<p>Os dejamos la presentaci\u00f3n utilizada en la charla sobre los Ciclos Formativos de Grado B\u00e1sico. Presentacion CFGB 24-25<\/p>\n","protected":false},"author":11434,"featured_media":5042,"comment_status":"open","ping_status":"open","sticky":false,"template":"","format":"standard","meta":{"ngg_post_thumbnail":0,"footnotes":""},"categories":[2351705],"tags":[],"aioseo_notices":[],"_links":{"self":[{"href":"https:\/\/blogsaverroes.juntadeandalucia.es\/iesseneca\/wp-json\/wp\/v2\/posts\/6495"}],"collection":[{"href":"https:\/\/blogsaverroes.juntadeandalucia.es\/iesseneca\/wp-json\/wp\/v2\/posts"}],"about":[{"href":"https:\/\/blogsaverroes.juntadeandalucia.es\/iesseneca\/wp-json\/wp\/v2\/types\/post"}],"author":[{"embeddable":true,"href":"https:\/\/blogsaverroes.juntadeandalucia.es\/iesseneca\/wp-json\/wp\/v2\/users\/11434"}],"replies":[{"embeddable":true,"href":"https:\/\/blogsaverroes.juntadeandalucia.es\/iesseneca\/wp-json\/wp\/v2\/comments?post=6495"}],"version-history":[{"count":1,"href":"https:\/\/blogsaverroes.juntadeandalucia.es\/iesseneca\/wp-json\/wp\/v2\/posts\/6495\/revisions"}],"predecessor-version":[{"id":6497,"href":"https:\/\/blogsaverroes.juntadeandalucia.es\/iesseneca\/wp-json\/wp\/v2\/posts\/6495\/revisions\/6497"}],"wp:featuredmedia":[{"embeddable":true,"href":"https:\/\/blogsaverroes.juntadeandalucia.es\/iesseneca\/wp-json\/wp\/v2\/media\/5042"}],"wp:attachment":[{"href":"https:\/\/blogsaverroes.juntadeandalucia.es\/iesseneca\/wp-json\/wp\/v2\/media?parent=6495"}],"wp:term":[{"taxonomy":"category","embeddable":true,"href":"https:\/\/blogsaverroes.juntadeandalucia.es\/iesseneca\/wp-json\/wp\/v2\/categories?post=6495"},{"taxonomy":"post_tag","embeddable":true,"href":"https:\/\/blogsaverroes.juntadeandalucia.es\/iesseneca\/wp-json\/wp\/v2\/tags?post=6495"}],"curies":[{"name":"wp","href":"https:\/\/api.w.org\/{rel}","templated":true}]}}