{"id":6516,"date":"2025-09-10T12:45:59","date_gmt":"2025-09-10T12:45:59","guid":{"rendered":"https:\/\/blogsaverroes.juntadeandalucia.es\/iesseneca\/?p=6516"},"modified":"2025-09-11T14:29:14","modified_gmt":"2025-09-11T14:29:14","slug":"recepcion-del-alumnado-diurno-lunes-15-de-septiembre","status":"publish","type":"post","link":"https:\/\/blogsaverroes.juntadeandalucia.es\/iesseneca\/recepcion-del-alumnado-diurno-lunes-15-de-septiembre\/","title":{"rendered":"Recepci\u00f3n del Alumnado Diurno, Ciclos Formativos y ESPA el Lunes 15 de Septiembre"},"content":{"rendered":"<p>Os dejamos la informaci\u00f3n de como se va a realizar la recepci\u00f3n del alumnado diurno durante la ma\u00f1ana del lunes 15 de septiembre, horarios, lugar de entrada y transporte escolar.<\/p>\n<p><strong><a href=\"https:\/\/blogsaverroes.juntadeandalucia.es\/iesseneca\/files\/2025\/09\/RECEPCION-DEL-ALUMNADO-DIURNO.pdf\">Recepci\u00f3n del alumnado diurno<\/a><\/strong><\/p>\n<p><strong><a href=\"https:\/\/blogsaverroes.juntadeandalucia.es\/iesseneca\/files\/2025\/09\/RECEPCION-DEL-ALUMNADO-Ciclos-Formativos-y-ESPA.pdf\">Recepci\u00f3n del alumnado de Ciclos Formativos y ESPA<\/a><\/strong><\/p>\n<p><strong><a href=\"https:\/\/blogsaverroes.juntadeandalucia.es\/iesseneca\/files\/2025\/09\/Tutores-Aulas-referencia-25-26.pdf\">Tutores-Aulas de referencia 25-26<\/a><\/strong><\/p>\n<p><strong><a href=\"https:\/\/blogsaverroes.juntadeandalucia.es\/iesseneca\/files\/2025\/09\/TRANSPORTE-ESCOLAR-2.pdf\">Transporte escolar<\/a><\/strong><\/p>\n","protected":false},"excerpt":{"rendered":"<p>Os dejamos la informaci\u00f3n de como se va a realizar la recepci\u00f3n del alumnado diurno durante la ma\u00f1ana del lunes 15 de septiembre, horarios, lugar de entrada y transporte escolar. Recepci\u00f3n del alumnado diurno&#46;&#46;&#46;<\/p>\n","protected":false},"author":11434,"featured_media":5784,"comment_status":"open","ping_status":"open","sticky":false,"template":"","format":"standard","meta":{"ngg_post_thumbnail":0,"footnotes":""},"categories":[2351701],"tags":[],"aioseo_notices":[],"_links":{"self":[{"href":"https:\/\/blogsaverroes.juntadeandalucia.es\/iesseneca\/wp-json\/wp\/v2\/posts\/6516"}],"collection":[{"href":"https:\/\/blogsaverroes.juntadeandalucia.es\/iesseneca\/wp-json\/wp\/v2\/posts"}],"about":[{"href":"https:\/\/blogsaverroes.juntadeandalucia.es\/iesseneca\/wp-json\/wp\/v2\/types\/post"}],"author":[{"embeddable":true,"href":"https:\/\/blogsaverroes.juntadeandalucia.es\/iesseneca\/wp-json\/wp\/v2\/users\/11434"}],"replies":[{"embeddable":true,"href":"https:\/\/blogsaverroes.juntadeandalucia.es\/iesseneca\/wp-json\/wp\/v2\/comments?post=6516"}],"version-history":[{"count":4,"href":"https:\/\/blogsaverroes.juntadeandalucia.es\/iesseneca\/wp-json\/wp\/v2\/posts\/6516\/revisions"}],"predecessor-version":[{"id":6525,"href":"https:\/\/blogsaverroes.juntadeandalucia.es\/iesseneca\/wp-json\/wp\/v2\/posts\/6516\/revisions\/6525"}],"wp:featuredmedia":[{"embeddable":true,"href":"https:\/\/blogsaverroes.juntadeandalucia.es\/iesseneca\/wp-json\/wp\/v2\/media\/5784"}],"wp:attachment":[{"href":"https:\/\/blogsaverroes.juntadeandalucia.es\/iesseneca\/wp-json\/wp\/v2\/media?parent=6516"}],"wp:term":[{"taxonomy":"category","embeddable":true,"href":"https:\/\/blogsaverroes.juntadeandalucia.es\/iesseneca\/wp-json\/wp\/v2\/categories?post=6516"},{"taxonomy":"post_tag","embeddable":true,"href":"https:\/\/blogsaverroes.juntadeandalucia.es\/iesseneca\/wp-json\/wp\/v2\/tags?post=6516"}],"curies":[{"name":"wp","href":"https:\/\/api.w.org\/{rel}","templated":true}]}}