{"id":6766,"date":"2026-01-14T16:42:30","date_gmt":"2026-01-14T16:42:30","guid":{"rendered":"https:\/\/blogsaverroes.juntadeandalucia.es\/iesseneca\/?p=6766"},"modified":"2026-01-14T16:42:30","modified_gmt":"2026-01-14T16:42:30","slug":"pruebas-de-acceso-a-ciclos-formativos","status":"publish","type":"post","link":"https:\/\/blogsaverroes.juntadeandalucia.es\/iesseneca\/pruebas-de-acceso-a-ciclos-formativos\/","title":{"rendered":"Pruebas de acceso a ciclos formativos"},"content":{"rendered":"<p>Desde el d\u00eda 12 de enero y hasta el d\u00eda 23 de este mes est\u00e1 abierto el plazo de inscripci\u00f3n a las pruebas de acceso a ciclo formativo.&nbsp;<\/p>\n<p>En los siguientes documentos se encuentra&nbsp;la informaci\u00f3n completa tanto del procedimiento a seguir para la inscripci\u00f3n, como de la estructura de los ex\u00e1menes y varios modelos de examen.&nbsp;<\/p>\n<p><strong><a href=\"https:\/\/blogsaverroes.juntadeandalucia.es\/iesseneca\/files\/2026\/01\/PruebaAccesoGS.pdf\">Prueba de acceso a grado superior<\/a> <\/strong><\/p>\n<p><strong><a href=\"https:\/\/blogsaverroes.juntadeandalucia.es\/iesseneca\/files\/2026\/01\/PruebaAccesoGM.pdf\">Prueba de acceso a grado medio<\/a><\/strong><\/p>\n","protected":false},"excerpt":{"rendered":"<p>Desde el d\u00eda 12 de enero y hasta el d\u00eda 23 de este mes est\u00e1 abierto el plazo de inscripci\u00f3n a las pruebas de acceso a ciclo formativo.&nbsp; En los siguientes documentos se encuentra&nbsp;la&#46;&#46;&#46;<\/p>\n","protected":false},"author":11434,"featured_media":6165,"comment_status":"open","ping_status":"open","sticky":false,"template":"","format":"standard","meta":{"ngg_post_thumbnail":0,"footnotes":""},"categories":[2351705],"tags":[],"aioseo_notices":[],"_links":{"self":[{"href":"https:\/\/blogsaverroes.juntadeandalucia.es\/iesseneca\/wp-json\/wp\/v2\/posts\/6766"}],"collection":[{"href":"https:\/\/blogsaverroes.juntadeandalucia.es\/iesseneca\/wp-json\/wp\/v2\/posts"}],"about":[{"href":"https:\/\/blogsaverroes.juntadeandalucia.es\/iesseneca\/wp-json\/wp\/v2\/types\/post"}],"author":[{"embeddable":true,"href":"https:\/\/blogsaverroes.juntadeandalucia.es\/iesseneca\/wp-json\/wp\/v2\/users\/11434"}],"replies":[{"embeddable":true,"href":"https:\/\/blogsaverroes.juntadeandalucia.es\/iesseneca\/wp-json\/wp\/v2\/comments?post=6766"}],"version-history":[{"count":1,"href":"https:\/\/blogsaverroes.juntadeandalucia.es\/iesseneca\/wp-json\/wp\/v2\/posts\/6766\/revisions"}],"predecessor-version":[{"id":6769,"href":"https:\/\/blogsaverroes.juntadeandalucia.es\/iesseneca\/wp-json\/wp\/v2\/posts\/6766\/revisions\/6769"}],"wp:featuredmedia":[{"embeddable":true,"href":"https:\/\/blogsaverroes.juntadeandalucia.es\/iesseneca\/wp-json\/wp\/v2\/media\/6165"}],"wp:attachment":[{"href":"https:\/\/blogsaverroes.juntadeandalucia.es\/iesseneca\/wp-json\/wp\/v2\/media?parent=6766"}],"wp:term":[{"taxonomy":"category","embeddable":true,"href":"https:\/\/blogsaverroes.juntadeandalucia.es\/iesseneca\/wp-json\/wp\/v2\/categories?post=6766"},{"taxonomy":"post_tag","embeddable":true,"href":"https:\/\/blogsaverroes.juntadeandalucia.es\/iesseneca\/wp-json\/wp\/v2\/tags?post=6766"}],"curies":[{"name":"wp","href":"https:\/\/api.w.org\/{rel}","templated":true}]}}