{"id":6774,"date":"2026-02-23T19:18:51","date_gmt":"2026-02-23T19:18:51","guid":{"rendered":"https:\/\/blogsaverroes.juntadeandalucia.es\/iesseneca\/?p=6774"},"modified":"2026-02-23T19:19:50","modified_gmt":"2026-02-23T19:19:50","slug":"jornada-de-puertas-abiertas","status":"publish","type":"post","link":"https:\/\/blogsaverroes.juntadeandalucia.es\/iesseneca\/jornada-de-puertas-abiertas\/","title":{"rendered":"Jornada de puertas abiertas"},"content":{"rendered":"<p style=\"text-align: justify\">Desde el IES S\u00e9neca queremos invitarle a las jornadas informativas que celebraremos pr\u00f3ximamente para dar a conocer el centro:<\/p>\n<p style=\"text-align: justify\">El d\u00eda 4 de marzo realizaremos unas jornadas de puertas abiertas para informar a todas aquellas familias interesadas en matricular en el IES S\u00e9neca a sus hijos\/as para el pr\u00f3ximo curso 2026\/2027. Se dar\u00e1 a conocer el proyecto educativo del centro y responderemos a todas las cuestiones que les puedan surgir.<\/p>\n<p style=\"text-align: justify\">La reuni\u00f3n ser\u00e1 a las 17:00 horas y daremos a conocer todos los aspectos relativos al Proyecto Educativo de nuestro centro.<\/p>\n<p style=\"text-align: justify\">Esperamos contar con su asistencia y poder ayudarle en todas las dudas que le puedan surgir.<\/p>\n","protected":false},"excerpt":{"rendered":"<p>Desde el IES S\u00e9neca queremos invitarle a las jornadas informativas que celebraremos pr\u00f3ximamente para dar a conocer el centro: El d\u00eda 4 de marzo realizaremos unas jornadas de puertas abiertas para informar a todas&#46;&#46;&#46;<\/p>\n","protected":false},"author":11434,"featured_media":6775,"comment_status":"open","ping_status":"open","sticky":false,"template":"","format":"standard","meta":{"ngg_post_thumbnail":0,"footnotes":""},"categories":[2351701],"tags":[],"aioseo_notices":[],"_links":{"self":[{"href":"https:\/\/blogsaverroes.juntadeandalucia.es\/iesseneca\/wp-json\/wp\/v2\/posts\/6774"}],"collection":[{"href":"https:\/\/blogsaverroes.juntadeandalucia.es\/iesseneca\/wp-json\/wp\/v2\/posts"}],"about":[{"href":"https:\/\/blogsaverroes.juntadeandalucia.es\/iesseneca\/wp-json\/wp\/v2\/types\/post"}],"author":[{"embeddable":true,"href":"https:\/\/blogsaverroes.juntadeandalucia.es\/iesseneca\/wp-json\/wp\/v2\/users\/11434"}],"replies":[{"embeddable":true,"href":"https:\/\/blogsaverroes.juntadeandalucia.es\/iesseneca\/wp-json\/wp\/v2\/comments?post=6774"}],"version-history":[{"count":2,"href":"https:\/\/blogsaverroes.juntadeandalucia.es\/iesseneca\/wp-json\/wp\/v2\/posts\/6774\/revisions"}],"predecessor-version":[{"id":6777,"href":"https:\/\/blogsaverroes.juntadeandalucia.es\/iesseneca\/wp-json\/wp\/v2\/posts\/6774\/revisions\/6777"}],"wp:featuredmedia":[{"embeddable":true,"href":"https:\/\/blogsaverroes.juntadeandalucia.es\/iesseneca\/wp-json\/wp\/v2\/media\/6775"}],"wp:attachment":[{"href":"https:\/\/blogsaverroes.juntadeandalucia.es\/iesseneca\/wp-json\/wp\/v2\/media?parent=6774"}],"wp:term":[{"taxonomy":"category","embeddable":true,"href":"https:\/\/blogsaverroes.juntadeandalucia.es\/iesseneca\/wp-json\/wp\/v2\/categories?post=6774"},{"taxonomy":"post_tag","embeddable":true,"href":"https:\/\/blogsaverroes.juntadeandalucia.es\/iesseneca\/wp-json\/wp\/v2\/tags?post=6774"}],"curies":[{"name":"wp","href":"https:\/\/api.w.org\/{rel}","templated":true}]}}