{"id":5294,"date":"2021-04-23T18:32:22","date_gmt":"2021-04-23T16:32:22","guid":{"rendered":"https:\/\/blogsaverroes.juntadeandalucia.es\/iessierradegrazalema\/?p=5294"},"modified":"2024-12-30T00:22:35","modified_gmt":"2024-12-29T23:22:35","slug":"dia-del-libro","status":"publish","type":"post","link":"https:\/\/blogsaverroes.juntadeandalucia.es\/iessierradegrazalema\/dia-del-libro\/","title":{"rendered":"D\u00eda del libro"},"content":{"rendered":"<div id=\":nq\" class=\"ii gt\">\n<div id=\":np\" class=\"a3s aiL \">\n<div dir=\"auto\">El 23 de abril de 2021 celebramos en nuestro centro el D\u00eda Internacional del Libro. Profesorado y alumnado han realizado diferentes aportaciones para disfrutar de este d\u00eda ya que \u00abVivir sin leer es vivir sin amar, vivir sin vivir\u00bb.<\/div>\n<div dir=\"auto\">Actividad realizada por los departamentos de Lengua Castellana y Literatura, M\u00fasica, Educaci\u00f3n Pl\u00e1stica y Audiovisual y proyecto VidaGraz.<\/div>\n<div class=\"adL\"><a href=\"https:\/\/blogsaverroes.juntadeandalucia.es\/iessierradegrazalema\/files\/2021\/04\/IMG_20210423_113731-scaled.jpg\" target=\"_blank\" rel=\"noopener noreferrer\"><img loading=\"lazy\" decoding=\"async\" class=\"aligncenter wp-image-5295\" title=\"Exposici\u00f3n del D\u00eda del Libro\" src=\"https:\/\/blogsaverroes.juntadeandalucia.es\/iessierradegrazalema\/files\/2021\/04\/IMG_20210423_113731-scaled.jpg\" alt=\"\" width=\"472\" height=\"800\" srcset=\"https:\/\/blogsaverroes.juntadeandalucia.es\/iessierradegrazalema\/files\/2021\/04\/IMG_20210423_113731-scaled.jpg 1511w, https:\/\/blogsaverroes.juntadeandalucia.es\/iessierradegrazalema\/files\/2021\/04\/IMG_20210423_113731-177x300.jpg 177w, https:\/\/blogsaverroes.juntadeandalucia.es\/iessierradegrazalema\/files\/2021\/04\/IMG_20210423_113731-604x1024.jpg 604w, https:\/\/blogsaverroes.juntadeandalucia.es\/iessierradegrazalema\/files\/2021\/04\/IMG_20210423_113731-768x1301.jpg 768w, https:\/\/blogsaverroes.juntadeandalucia.es\/iessierradegrazalema\/files\/2021\/04\/IMG_20210423_113731-907x1536.jpg 907w, https:\/\/blogsaverroes.juntadeandalucia.es\/iessierradegrazalema\/files\/2021\/04\/IMG_20210423_113731-1209x2048.jpg 1209w\" sizes=\"(max-width: 472px) 100vw, 472px\" \/><\/a> <a href=\"https:\/\/blogsaverroes.juntadeandalucia.es\/iessierradegrazalema\/files\/2021\/04\/IMG_20210423_113759-scaled.jpg\" target=\"_blank\" rel=\"noopener noreferrer\"><img loading=\"lazy\" decoding=\"async\" class=\"aligncenter wp-image-5296\" title=\"Exposici\u00f3n del D\u00eda del Libro\" src=\"https:\/\/blogsaverroes.juntadeandalucia.es\/iessierradegrazalema\/files\/2021\/04\/IMG_20210423_113759-scaled.jpg\" alt=\"\" width=\"800\" height=\"450\" srcset=\"https:\/\/blogsaverroes.juntadeandalucia.es\/iessierradegrazalema\/files\/2021\/04\/IMG_20210423_113759-scaled.jpg 2560w, https:\/\/blogsaverroes.juntadeandalucia.es\/iessierradegrazalema\/files\/2021\/04\/IMG_20210423_113759-300x169.jpg 300w, https:\/\/blogsaverroes.juntadeandalucia.es\/iessierradegrazalema\/files\/2021\/04\/IMG_20210423_113759-1024x576.jpg 1024w, https:\/\/blogsaverroes.juntadeandalucia.es\/iessierradegrazalema\/files\/2021\/04\/IMG_20210423_113759-768x432.jpg 768w, https:\/\/blogsaverroes.juntadeandalucia.es\/iessierradegrazalema\/files\/2021\/04\/IMG_20210423_113759-1536x864.jpg 1536w, https:\/\/blogsaverroes.juntadeandalucia.es\/iessierradegrazalema\/files\/2021\/04\/IMG_20210423_113759-2048x1152.jpg 2048w\" sizes=\"(max-width: 800px) 100vw, 800px\" \/><\/a> <a href=\"https:\/\/blogsaverroes.juntadeandalucia.es\/iessierradegrazalema\/files\/2021\/04\/IMG_20210423_113810-scaled.jpg\" target=\"_blank\" rel=\"noopener noreferrer\"><img loading=\"lazy\" decoding=\"async\" class=\"aligncenter wp-image-5297\" title=\"Exposici\u00f3n del D\u00eda del Libro\" src=\"https:\/\/blogsaverroes.juntadeandalucia.es\/iessierradegrazalema\/files\/2021\/04\/IMG_20210423_113810-scaled.jpg\" alt=\"\" width=\"450\" height=\"800\" srcset=\"https:\/\/blogsaverroes.juntadeandalucia.es\/iessierradegrazalema\/files\/2021\/04\/IMG_20210423_113810-scaled.jpg 1439w, https:\/\/blogsaverroes.juntadeandalucia.es\/iessierradegrazalema\/files\/2021\/04\/IMG_20210423_113810-169x300.jpg 169w, https:\/\/blogsaverroes.juntadeandalucia.es\/iessierradegrazalema\/files\/2021\/04\/IMG_20210423_113810-576x1024.jpg 576w, https:\/\/blogsaverroes.juntadeandalucia.es\/iessierradegrazalema\/files\/2021\/04\/IMG_20210423_113810-768x1366.jpg 768w, https:\/\/blogsaverroes.juntadeandalucia.es\/iessierradegrazalema\/files\/2021\/04\/IMG_20210423_113810-864x1536.jpg 864w, https:\/\/blogsaverroes.juntadeandalucia.es\/iessierradegrazalema\/files\/2021\/04\/IMG_20210423_113810-1152x2048.jpg 1152w\" sizes=\"(max-width: 450px) 100vw, 450px\" \/><\/a> <a href=\"https:\/\/blogsaverroes.juntadeandalucia.es\/iessierradegrazalema\/files\/2021\/04\/IMG_20210423_113818-scaled.jpg\" target=\"_blank\" rel=\"noopener noreferrer\"><img loading=\"lazy\" decoding=\"async\" class=\"aligncenter wp-image-5298\" title=\"Exposici\u00f3n del D\u00eda del Libro\" src=\"https:\/\/blogsaverroes.juntadeandalucia.es\/iessierradegrazalema\/files\/2021\/04\/IMG_20210423_113818-scaled.jpg\" alt=\"\" width=\"450\" height=\"800\" srcset=\"https:\/\/blogsaverroes.juntadeandalucia.es\/iessierradegrazalema\/files\/2021\/04\/IMG_20210423_113818-scaled.jpg 1439w, https:\/\/blogsaverroes.juntadeandalucia.es\/iessierradegrazalema\/files\/2021\/04\/IMG_20210423_113818-169x300.jpg 169w, https:\/\/blogsaverroes.juntadeandalucia.es\/iessierradegrazalema\/files\/2021\/04\/IMG_20210423_113818-576x1024.jpg 576w, https:\/\/blogsaverroes.juntadeandalucia.es\/iessierradegrazalema\/files\/2021\/04\/IMG_20210423_113818-768x1366.jpg 768w, https:\/\/blogsaverroes.juntadeandalucia.es\/iessierradegrazalema\/files\/2021\/04\/IMG_20210423_113818-864x1536.jpg 864w, https:\/\/blogsaverroes.juntadeandalucia.es\/iessierradegrazalema\/files\/2021\/04\/IMG_20210423_113818-1152x2048.jpg 1152w\" sizes=\"(max-width: 450px) 100vw, 450px\" \/><\/a><\/div>\n<div>&nbsp;<\/div>\n<div class=\"adL\">D\u00eda del libro by <a href=\"https:\/\/blogsaverroes.juntadeandalucia.es\/iessierradegrazalema\/\" target=\"_blank\" rel=\"cc:attributionURL noopener noreferrer\">IES Sierra de Grazalema <\/a>is licensed under <a href=\"https:\/\/creativecommons.org\/licenses\/by-sa\/4.0\/?ref=chooser-v1\" target=\"_blank\" rel=\"license noopener noreferrer\">CC BY-SA 4.0 <span class=\"icon\" data-v-a0d4e8a8=\"\"><img loading=\"lazy\" decoding=\"async\" src=\"https:\/\/chooser-beta.creativecommons.org\/img\/cc-logo.f0ab4ebe.svg\" width=\"20\" height=\"20\" data-v-a0d4e8a8=\"\"><img loading=\"lazy\" decoding=\"async\" src=\"https:\/\/chooser-beta.creativecommons.org\/img\/cc-by.21b728bb.svg\" width=\"20\" height=\"20\" data-v-a0d4e8a8=\"\"><img loading=\"lazy\" decoding=\"async\" src=\"https:\/\/chooser-beta.creativecommons.org\/img\/cc-sa.d1572b71.svg\" width=\"20\" height=\"20\" data-v-a0d4e8a8=\"\"><\/span><\/a><\/div>\n<\/div>\n<\/div>\n","protected":false},"excerpt":{"rendered":"<p>El 23 de abril de 2021 celebramos en nuestro centro el D\u00eda Internacional del Libro. Profesorado y alumnado han realizado diferentes aportaciones para disfrutar de este d\u00eda ya que \u00abVivir sin leer es vivir&#46;&#46;&#46;<\/p>\n","protected":false},"author":2162,"featured_media":5299,"comment_status":"open","ping_status":"open","sticky":false,"template":"","format":"standard","meta":{"ngg_post_thumbnail":0,"footnotes":""},"categories":[2266007],"tags":[2279982,2279981,2279977,2279983],"aioseo_notices":[],"_links":{"self":[{"href":"https:\/\/blogsaverroes.juntadeandalucia.es\/iessierradegrazalema\/wp-json\/wp\/v2\/posts\/5294"}],"collection":[{"href":"https:\/\/blogsaverroes.juntadeandalucia.es\/iessierradegrazalema\/wp-json\/wp\/v2\/posts"}],"about":[{"href":"https:\/\/blogsaverroes.juntadeandalucia.es\/iessierradegrazalema\/wp-json\/wp\/v2\/types\/post"}],"author":[{"embeddable":true,"href":"https:\/\/blogsaverroes.juntadeandalucia.es\/iessierradegrazalema\/wp-json\/wp\/v2\/users\/2162"}],"replies":[{"embeddable":true,"href":"https:\/\/blogsaverroes.juntadeandalucia.es\/iessierradegrazalema\/wp-json\/wp\/v2\/comments?post=5294"}],"version-history":[{"count":9,"href":"https:\/\/blogsaverroes.juntadeandalucia.es\/iessierradegrazalema\/wp-json\/wp\/v2\/posts\/5294\/revisions"}],"predecessor-version":[{"id":8610,"href":"https:\/\/blogsaverroes.juntadeandalucia.es\/iessierradegrazalema\/wp-json\/wp\/v2\/posts\/5294\/revisions\/8610"}],"wp:featuredmedia":[{"embeddable":true,"href":"https:\/\/blogsaverroes.juntadeandalucia.es\/iessierradegrazalema\/wp-json\/wp\/v2\/media\/5299"}],"wp:attachment":[{"href":"https:\/\/blogsaverroes.juntadeandalucia.es\/iessierradegrazalema\/wp-json\/wp\/v2\/media?parent=5294"}],"wp:term":[{"taxonomy":"category","embeddable":true,"href":"https:\/\/blogsaverroes.juntadeandalucia.es\/iessierradegrazalema\/wp-json\/wp\/v2\/categories?post=5294"},{"taxonomy":"post_tag","embeddable":true,"href":"https:\/\/blogsaverroes.juntadeandalucia.es\/iessierradegrazalema\/wp-json\/wp\/v2\/tags?post=5294"}],"curies":[{"name":"wp","href":"https:\/\/api.w.org\/{rel}","templated":true}]}}