{"id":5304,"date":"2021-05-18T19:11:00","date_gmt":"2021-05-18T17:11:00","guid":{"rendered":"https:\/\/blogsaverroes.juntadeandalucia.es\/iessierradegrazalema\/?p=5304"},"modified":"2024-12-26T23:54:25","modified_gmt":"2024-12-26T22:54:25","slug":"practica-sobre-el-ph","status":"publish","type":"post","link":"https:\/\/blogsaverroes.juntadeandalucia.es\/iessierradegrazalema\/practica-sobre-el-ph\/","title":{"rendered":"Pr\u00e1ctica sobre el pH"},"content":{"rendered":"<p align=\"justify\">La pr\u00e1ctica realizada con el alumnado de Ciencias aplicadas a la Actividad Profesional de 4\u00ba de ESO nos permite acercarnos al concepto de pH de una manera pr\u00e1ctica y utilizar t\u00e9cnicas colorim\u00e9tricas de medida, pudiendo extraer esta cianidina de la col lombarda ya sea hirviendo las hojas de la col o triturando \u00e9sta en alcohol.<\/p>\n<p align=\"justify\">Se realizaron disoluciones neutra (agua destilada), \u00e1cida (agua + vinagre) y b\u00e1sica (agua + NaOH) para observar las diferencias de color m\u00e1s evidentes. El pH se corrobora con un ph\u00edmetro digital que muestra un valor num\u00e9rico exacto del pH.<\/p>\n<p align=\"justify\">A la finalizaci\u00f3n de la pr\u00e1ctica se puede observar c\u00f3mo la disoluci\u00f3n de vinagre (\u00e1cida) adquiere tonalidad rosa, la neutra un tono azul-violeta y la b\u00e1sica un tono verde.<\/p>\n<p align=\"justify\">El pH se define como el logaritmo negativo de base 10 de la actividad de los iones hidr\u00f3geno:<\/p>\n<p align=\"justify\">pH = -log[H3O+]<\/p>\n<p align=\"justify\">Un valor menor de pH nos indicar\u00e1 una mayor concentraci\u00f3n de protones en la disoluci\u00f3n, es decir, una disoluci\u00f3n m\u00e1s \u00e1cida. Al contrario, a mayor pH, menor concentraci\u00f3n de protones, por lo tanto, mayor alcalinidad de la disoluci\u00f3n.<\/p>\n<p align=\"justify\">Un indicador de pH es una sustancia que cambia de color dependiendo de si se encuentra en un medio \u00e1cido o b\u00e1sico. En el caso de la col lombarda (Brassica oleracea), contiene un pigmento azul del grupo de las antocianinas llamado cianidina susceptible de cambiar de color.<\/p>\n<p align=\"justify\">Pr\u00e1ctica organizada por el departamento de Biolog\u00eda.<\/p>\n<p align=\"justify\"><a href=\"https:\/\/blogsaverroes.juntadeandalucia.es\/iessierradegrazalema\/files\/2021\/05\/IMG-20210514-WA0001.jpg\" target=\"_blank\" rel=\"noopener noreferrer\"><img loading=\"lazy\" decoding=\"async\" class=\"aligncenter wp-image-5306\" title=\"Preparativos para la pr\u00e1ctica\" src=\"https:\/\/blogsaverroes.juntadeandalucia.es\/iessierradegrazalema\/files\/2021\/05\/IMG-20210514-WA0001.jpg\" alt=\"\" width=\"800\" height=\"600\" srcset=\"https:\/\/blogsaverroes.juntadeandalucia.es\/iessierradegrazalema\/files\/2021\/05\/IMG-20210514-WA0001.jpg 1984w, https:\/\/blogsaverroes.juntadeandalucia.es\/iessierradegrazalema\/files\/2021\/05\/IMG-20210514-WA0001-300x225.jpg 300w, https:\/\/blogsaverroes.juntadeandalucia.es\/iessierradegrazalema\/files\/2021\/05\/IMG-20210514-WA0001-1024x768.jpg 1024w, https:\/\/blogsaverroes.juntadeandalucia.es\/iessierradegrazalema\/files\/2021\/05\/IMG-20210514-WA0001-768x576.jpg 768w, https:\/\/blogsaverroes.juntadeandalucia.es\/iessierradegrazalema\/files\/2021\/05\/IMG-20210514-WA0001-1536x1152.jpg 1536w\" sizes=\"(max-width: 800px) 100vw, 800px\" \/><\/a><\/p>\n<p align=\"justify\"><a href=\"https:\/\/blogsaverroes.juntadeandalucia.es\/iessierradegrazalema\/files\/2021\/05\/IMG-20210514-WA0002.jpg\" target=\"_blank\" rel=\"noopener noreferrer\"><img loading=\"lazy\" decoding=\"async\" class=\"aligncenter wp-image-5307\" title=\"Preparativos para la pr\u00e1ctica\" src=\"https:\/\/blogsaverroes.juntadeandalucia.es\/iessierradegrazalema\/files\/2021\/05\/IMG-20210514-WA0002.jpg\" alt=\"\" width=\"800\" height=\"600\" srcset=\"https:\/\/blogsaverroes.juntadeandalucia.es\/iessierradegrazalema\/files\/2021\/05\/IMG-20210514-WA0002.jpg 1984w, https:\/\/blogsaverroes.juntadeandalucia.es\/iessierradegrazalema\/files\/2021\/05\/IMG-20210514-WA0002-300x225.jpg 300w, https:\/\/blogsaverroes.juntadeandalucia.es\/iessierradegrazalema\/files\/2021\/05\/IMG-20210514-WA0002-1024x768.jpg 1024w, https:\/\/blogsaverroes.juntadeandalucia.es\/iessierradegrazalema\/files\/2021\/05\/IMG-20210514-WA0002-768x576.jpg 768w, https:\/\/blogsaverroes.juntadeandalucia.es\/iessierradegrazalema\/files\/2021\/05\/IMG-20210514-WA0002-1536x1152.jpg 1536w\" sizes=\"(max-width: 800px) 100vw, 800px\" \/><\/a><a href=\"https:\/\/blogsaverroes.juntadeandalucia.es\/iessierradegrazalema\/files\/2021\/05\/IMG-20210514-WA0000.jpg\" target=\"_blank\" rel=\"noopener\"><img loading=\"lazy\" decoding=\"async\" class=\"aligncenter wp-image-5305\" title=\"Calentando los componentes\" src=\"https:\/\/blogsaverroes.juntadeandalucia.es\/iessierradegrazalema\/files\/2021\/05\/IMG-20210514-WA0000.jpg\" alt=\"\" width=\"800\" height=\"600\" srcset=\"https:\/\/blogsaverroes.juntadeandalucia.es\/iessierradegrazalema\/files\/2021\/05\/IMG-20210514-WA0000.jpg 1984w, https:\/\/blogsaverroes.juntadeandalucia.es\/iessierradegrazalema\/files\/2021\/05\/IMG-20210514-WA0000-300x225.jpg 300w, https:\/\/blogsaverroes.juntadeandalucia.es\/iessierradegrazalema\/files\/2021\/05\/IMG-20210514-WA0000-1024x768.jpg 1024w, https:\/\/blogsaverroes.juntadeandalucia.es\/iessierradegrazalema\/files\/2021\/05\/IMG-20210514-WA0000-768x576.jpg 768w, https:\/\/blogsaverroes.juntadeandalucia.es\/iessierradegrazalema\/files\/2021\/05\/IMG-20210514-WA0000-1536x1152.jpg 1536w\" sizes=\"(max-width: 800px) 100vw, 800px\" \/><\/a><a href=\"https:\/\/blogsaverroes.juntadeandalucia.es\/iessierradegrazalema\/files\/2021\/05\/IMG-20210518-WA0003.jpg\" target=\"_blank\" rel=\"noopener noreferrer\"><img loading=\"lazy\" decoding=\"async\" class=\"aligncenter wp-image-5309\" title=\"Desarrollando la pr\u00e1ctica\" src=\"https:\/\/blogsaverroes.juntadeandalucia.es\/iessierradegrazalema\/files\/2021\/05\/IMG-20210518-WA0003.jpg\" alt=\"\" width=\"600\" height=\"800\" srcset=\"https:\/\/blogsaverroes.juntadeandalucia.es\/iessierradegrazalema\/files\/2021\/05\/IMG-20210518-WA0003.jpg 1488w, https:\/\/blogsaverroes.juntadeandalucia.es\/iessierradegrazalema\/files\/2021\/05\/IMG-20210518-WA0003-225x300.jpg 225w, https:\/\/blogsaverroes.juntadeandalucia.es\/iessierradegrazalema\/files\/2021\/05\/IMG-20210518-WA0003-768x1024.jpg 768w, https:\/\/blogsaverroes.juntadeandalucia.es\/iessierradegrazalema\/files\/2021\/05\/IMG-20210518-WA0003-1152x1536.jpg 1152w\" sizes=\"(max-width: 600px) 100vw, 600px\" \/><\/a><a href=\"https:\/\/blogsaverroes.juntadeandalucia.es\/iessierradegrazalema\/files\/2021\/05\/IMG-20210518-WA0002.jpg\" target=\"_blank\" rel=\"noopener noreferrer\"><img loading=\"lazy\" decoding=\"async\" class=\"aligncenter wp-image-5308\" title=\"Observaci\u00f3n de los resultados\" src=\"https:\/\/blogsaverroes.juntadeandalucia.es\/iessierradegrazalema\/files\/2021\/05\/IMG-20210518-WA0002.jpg\" alt=\"\" width=\"800\" height=\"600\" srcset=\"https:\/\/blogsaverroes.juntadeandalucia.es\/iessierradegrazalema\/files\/2021\/05\/IMG-20210518-WA0002.jpg 1984w, https:\/\/blogsaverroes.juntadeandalucia.es\/iessierradegrazalema\/files\/2021\/05\/IMG-20210518-WA0002-300x225.jpg 300w, https:\/\/blogsaverroes.juntadeandalucia.es\/iessierradegrazalema\/files\/2021\/05\/IMG-20210518-WA0002-1024x768.jpg 1024w, https:\/\/blogsaverroes.juntadeandalucia.es\/iessierradegrazalema\/files\/2021\/05\/IMG-20210518-WA0002-768x576.jpg 768w, https:\/\/blogsaverroes.juntadeandalucia.es\/iessierradegrazalema\/files\/2021\/05\/IMG-20210518-WA0002-1536x1152.jpg 1536w\" sizes=\"(max-width: 800px) 100vw, 800px\" \/><\/a><\/p>\n<p>Pr\u00e1ctica sobre el pH by <a href=\"https:\/\/blogsaverroes.juntadeandalucia.es\/iessierradegrazalema\/\" target=\"_blank\" rel=\"cc:attributionURL noopener noreferrer\">Departamento de F\u00edsica y Qu\u00edmica <\/a>is licensed under <a href=\"https:\/\/creativecommons.org\/licenses\/by-sa\/4.0\/?ref=chooser-v1\" target=\"_blank\" rel=\"license noopener noreferrer\">CC BY-SA 4.0 <span class=\"icon\" data-v-a0d4e8a8=\"\"><img loading=\"lazy\" decoding=\"async\" src=\"https:\/\/chooser-beta.creativecommons.org\/img\/cc-logo.f0ab4ebe.svg\" width=\"20\" height=\"20\" data-v-a0d4e8a8=\"\"><img loading=\"lazy\" decoding=\"async\" src=\"https:\/\/chooser-beta.creativecommons.org\/img\/cc-by.21b728bb.svg\" width=\"20\" height=\"20\" data-v-a0d4e8a8=\"\"><img loading=\"lazy\" decoding=\"async\" src=\"https:\/\/chooser-beta.creativecommons.org\/img\/cc-sa.d1572b71.svg\" width=\"20\" height=\"20\" data-v-a0d4e8a8=\"\"><\/span><\/a><\/p>\n","protected":false},"excerpt":{"rendered":"<p>La pr\u00e1ctica realizada con el alumnado de Ciencias aplicadas a la Actividad Profesional de 4\u00ba de ESO nos permite acercarnos al concepto de pH de una manera pr\u00e1ctica y utilizar t\u00e9cnicas colorim\u00e9tricas de medida,&#46;&#46;&#46;<\/p>\n","protected":false},"author":2162,"featured_media":5308,"comment_status":"open","ping_status":"open","sticky":false,"template":"","format":"standard","meta":{"ngg_post_thumbnail":0,"footnotes":""},"categories":[10811,12185],"tags":[2279903],"aioseo_notices":[],"_links":{"self":[{"href":"https:\/\/blogsaverroes.juntadeandalucia.es\/iessierradegrazalema\/wp-json\/wp\/v2\/posts\/5304"}],"collection":[{"href":"https:\/\/blogsaverroes.juntadeandalucia.es\/iessierradegrazalema\/wp-json\/wp\/v2\/posts"}],"about":[{"href":"https:\/\/blogsaverroes.juntadeandalucia.es\/iessierradegrazalema\/wp-json\/wp\/v2\/types\/post"}],"author":[{"embeddable":true,"href":"https:\/\/blogsaverroes.juntadeandalucia.es\/iessierradegrazalema\/wp-json\/wp\/v2\/users\/2162"}],"replies":[{"embeddable":true,"href":"https:\/\/blogsaverroes.juntadeandalucia.es\/iessierradegrazalema\/wp-json\/wp\/v2\/comments?post=5304"}],"version-history":[{"count":6,"href":"https:\/\/blogsaverroes.juntadeandalucia.es\/iessierradegrazalema\/wp-json\/wp\/v2\/posts\/5304\/revisions"}],"predecessor-version":[{"id":8606,"href":"https:\/\/blogsaverroes.juntadeandalucia.es\/iessierradegrazalema\/wp-json\/wp\/v2\/posts\/5304\/revisions\/8606"}],"wp:featuredmedia":[{"embeddable":true,"href":"https:\/\/blogsaverroes.juntadeandalucia.es\/iessierradegrazalema\/wp-json\/wp\/v2\/media\/5308"}],"wp:attachment":[{"href":"https:\/\/blogsaverroes.juntadeandalucia.es\/iessierradegrazalema\/wp-json\/wp\/v2\/media?parent=5304"}],"wp:term":[{"taxonomy":"category","embeddable":true,"href":"https:\/\/blogsaverroes.juntadeandalucia.es\/iessierradegrazalema\/wp-json\/wp\/v2\/categories?post=5304"},{"taxonomy":"post_tag","embeddable":true,"href":"https:\/\/blogsaverroes.juntadeandalucia.es\/iessierradegrazalema\/wp-json\/wp\/v2\/tags?post=5304"}],"curies":[{"name":"wp","href":"https:\/\/api.w.org\/{rel}","templated":true}]}}