{"id":6621,"date":"2022-05-10T22:46:03","date_gmt":"2022-05-10T20:46:03","guid":{"rendered":"https:\/\/blogsaverroes.juntadeandalucia.es\/iessierradegrazalema\/?p=6621"},"modified":"2024-12-28T23:45:51","modified_gmt":"2024-12-28T22:45:51","slug":"excursion-a-jerez","status":"publish","type":"post","link":"https:\/\/blogsaverroes.juntadeandalucia.es\/iessierradegrazalema\/excursion-a-jerez\/","title":{"rendered":"Excursi\u00f3n a Jerez"},"content":{"rendered":"<p>El viernes 6 mayo de 2022 se retomaron las actividades extraescolares en nuestro centro tras m\u00e1s de dos a\u00f1os en los que la pandemia nos ha impedido realizarlas. El alumnado de 3\u00ba y 4\u00ba de ESO, junto con el profesorado acompa\u00f1ante, se desplaz\u00f3 a Jerez de la Frontera para asistir a la representaci\u00f3n de obra La Celestina en la Sala Compa\u00f1\u00eda y para realizar una visita cultural al Alc\u00e1zar de Jerez donde la profesora Mar\u00eda Jes\u00fas de Le\u00f3n Morgado ejerci\u00f3 de gu\u00eda. Posteriormente, el alumnado disfrut\u00f3 de un tiempo libre. Tanto alumnado como profesorado disfrutamos mucho de la salida.<\/p>\n<p><a href=\"https:\/\/blogsaverroes.juntadeandalucia.es\/iessierradegrazalema\/files\/2022\/05\/Excursio\u0301n-a-Jerez-1.jpg\" target=\"_blank\" rel=\"noopener noreferrer\"><img loading=\"lazy\" decoding=\"async\" class=\"aligncenter wp-image-6623\" title=\"Excursio\u0301n a Jerez 1\" src=\"https:\/\/blogsaverroes.juntadeandalucia.es\/iessierradegrazalema\/files\/2022\/05\/Excursio\u0301n-a-Jerez-1.jpg\" alt=\"\" width=\"800\" height=\"360\" srcset=\"https:\/\/blogsaverroes.juntadeandalucia.es\/iessierradegrazalema\/files\/2022\/05\/Excursio\u0301n-a-Jerez-1.jpg 1600w, https:\/\/blogsaverroes.juntadeandalucia.es\/iessierradegrazalema\/files\/2022\/05\/Excursio\u0301n-a-Jerez-1-300x135.jpg 300w, https:\/\/blogsaverroes.juntadeandalucia.es\/iessierradegrazalema\/files\/2022\/05\/Excursio\u0301n-a-Jerez-1-1024x461.jpg 1024w, https:\/\/blogsaverroes.juntadeandalucia.es\/iessierradegrazalema\/files\/2022\/05\/Excursio\u0301n-a-Jerez-1-768x346.jpg 768w, https:\/\/blogsaverroes.juntadeandalucia.es\/iessierradegrazalema\/files\/2022\/05\/Excursio\u0301n-a-Jerez-1-1536x691.jpg 1536w\" sizes=\"(max-width: 800px) 100vw, 800px\" \/><\/a><a href=\"https:\/\/blogsaverroes.juntadeandalucia.es\/iessierradegrazalema\/files\/2022\/05\/Excursio\u0301n-a-Jerez-2.jpg\" target=\"_blank\" rel=\"noopener noreferrer\"><img loading=\"lazy\" decoding=\"async\" class=\"aligncenter wp-image-6624\" title=\"Excursio\u0301n a Jerez 2\" src=\"https:\/\/blogsaverroes.juntadeandalucia.es\/iessierradegrazalema\/files\/2022\/05\/Excursio\u0301n-a-Jerez-2.jpg\" alt=\"\" width=\"800\" height=\"360\" srcset=\"https:\/\/blogsaverroes.juntadeandalucia.es\/iessierradegrazalema\/files\/2022\/05\/Excursio\u0301n-a-Jerez-2.jpg 1600w, https:\/\/blogsaverroes.juntadeandalucia.es\/iessierradegrazalema\/files\/2022\/05\/Excursio\u0301n-a-Jerez-2-300x135.jpg 300w, https:\/\/blogsaverroes.juntadeandalucia.es\/iessierradegrazalema\/files\/2022\/05\/Excursio\u0301n-a-Jerez-2-1024x461.jpg 1024w, https:\/\/blogsaverroes.juntadeandalucia.es\/iessierradegrazalema\/files\/2022\/05\/Excursio\u0301n-a-Jerez-2-768x346.jpg 768w, https:\/\/blogsaverroes.juntadeandalucia.es\/iessierradegrazalema\/files\/2022\/05\/Excursio\u0301n-a-Jerez-2-1536x691.jpg 1536w\" sizes=\"(max-width: 800px) 100vw, 800px\" \/><\/a><\/p>\n<p><a href=\"https:\/\/blogsaverroes.juntadeandalucia.es\/iessierradegrazalema\/files\/2022\/05\/Excursio\u0301n-a-Jerez-3.jpg\" target=\"_blank\" rel=\"noopener noreferrer\"><img loading=\"lazy\" decoding=\"async\" class=\"aligncenter wp-image-6622\" title=\"Excursio\u0301n a Jerez 3\" src=\"https:\/\/blogsaverroes.juntadeandalucia.es\/iessierradegrazalema\/files\/2022\/05\/Excursio\u0301n-a-Jerez-3.jpg\" alt=\"\" width=\"800\" height=\"360\" srcset=\"https:\/\/blogsaverroes.juntadeandalucia.es\/iessierradegrazalema\/files\/2022\/05\/Excursio\u0301n-a-Jerez-3.jpg 1600w, https:\/\/blogsaverroes.juntadeandalucia.es\/iessierradegrazalema\/files\/2022\/05\/Excursio\u0301n-a-Jerez-3-300x135.jpg 300w, https:\/\/blogsaverroes.juntadeandalucia.es\/iessierradegrazalema\/files\/2022\/05\/Excursio\u0301n-a-Jerez-3-1024x461.jpg 1024w, https:\/\/blogsaverroes.juntadeandalucia.es\/iessierradegrazalema\/files\/2022\/05\/Excursio\u0301n-a-Jerez-3-768x346.jpg 768w, https:\/\/blogsaverroes.juntadeandalucia.es\/iessierradegrazalema\/files\/2022\/05\/Excursio\u0301n-a-Jerez-3-1536x691.jpg 1536w\" sizes=\"(max-width: 800px) 100vw, 800px\" \/><\/a><a href=\"https:\/\/blogsaverroes.juntadeandalucia.es\/iessierradegrazalema\/files\/2022\/05\/Excursio\u0301n-a-Jerez-4.jpg\" target=\"_blank\" rel=\"noopener noreferrer\"><img loading=\"lazy\" decoding=\"async\" class=\"aligncenter wp-image-6625\" title=\"Excursio\u0301n a Jerez 4\" src=\"https:\/\/blogsaverroes.juntadeandalucia.es\/iessierradegrazalema\/files\/2022\/05\/Excursio\u0301n-a-Jerez-4.jpg\" alt=\"\" width=\"800\" height=\"600\" srcset=\"https:\/\/blogsaverroes.juntadeandalucia.es\/iessierradegrazalema\/files\/2022\/05\/Excursio\u0301n-a-Jerez-4.jpg 1600w, https:\/\/blogsaverroes.juntadeandalucia.es\/iessierradegrazalema\/files\/2022\/05\/Excursio\u0301n-a-Jerez-4-300x225.jpg 300w, https:\/\/blogsaverroes.juntadeandalucia.es\/iessierradegrazalema\/files\/2022\/05\/Excursio\u0301n-a-Jerez-4-1024x768.jpg 1024w, https:\/\/blogsaverroes.juntadeandalucia.es\/iessierradegrazalema\/files\/2022\/05\/Excursio\u0301n-a-Jerez-4-768x576.jpg 768w, https:\/\/blogsaverroes.juntadeandalucia.es\/iessierradegrazalema\/files\/2022\/05\/Excursio\u0301n-a-Jerez-4-1536x1152.jpg 1536w\" sizes=\"(max-width: 800px) 100vw, 800px\" \/><\/a><a href=\"https:\/\/blogsaverroes.juntadeandalucia.es\/iessierradegrazalema\/files\/2022\/05\/Excursio\u0301n-a-Jerez-5.jpg\" target=\"_blank\" rel=\"noopener noreferrer\"><img loading=\"lazy\" decoding=\"async\" class=\"aligncenter wp-image-6626\" title=\"Excursio\u0301n a Jerez 5\" src=\"https:\/\/blogsaverroes.juntadeandalucia.es\/iessierradegrazalema\/files\/2022\/05\/Excursio\u0301n-a-Jerez-5.jpg\" alt=\"\" width=\"800\" height=\"360\" srcset=\"https:\/\/blogsaverroes.juntadeandalucia.es\/iessierradegrazalema\/files\/2022\/05\/Excursio\u0301n-a-Jerez-5.jpg 1600w, https:\/\/blogsaverroes.juntadeandalucia.es\/iessierradegrazalema\/files\/2022\/05\/Excursio\u0301n-a-Jerez-5-300x135.jpg 300w, https:\/\/blogsaverroes.juntadeandalucia.es\/iessierradegrazalema\/files\/2022\/05\/Excursio\u0301n-a-Jerez-5-1024x461.jpg 1024w, https:\/\/blogsaverroes.juntadeandalucia.es\/iessierradegrazalema\/files\/2022\/05\/Excursio\u0301n-a-Jerez-5-768x346.jpg 768w, https:\/\/blogsaverroes.juntadeandalucia.es\/iessierradegrazalema\/files\/2022\/05\/Excursio\u0301n-a-Jerez-5-1536x691.jpg 1536w\" sizes=\"(max-width: 800px) 100vw, 800px\" \/><\/a><a href=\"https:\/\/blogsaverroes.juntadeandalucia.es\/iessierradegrazalema\/files\/2022\/05\/Excursio\u0301n-a-Jerez-6.jpg\" target=\"_blank\" rel=\"noopener noreferrer\"><img loading=\"lazy\" decoding=\"async\" class=\"aligncenter wp-image-6627\" title=\"Excursio\u0301n a Jerez 6\" src=\"https:\/\/blogsaverroes.juntadeandalucia.es\/iessierradegrazalema\/files\/2022\/05\/Excursio\u0301n-a-Jerez-6.jpg\" alt=\"\" width=\"800\" height=\"360\" srcset=\"https:\/\/blogsaverroes.juntadeandalucia.es\/iessierradegrazalema\/files\/2022\/05\/Excursio\u0301n-a-Jerez-6.jpg 1600w, https:\/\/blogsaverroes.juntadeandalucia.es\/iessierradegrazalema\/files\/2022\/05\/Excursio\u0301n-a-Jerez-6-300x135.jpg 300w, https:\/\/blogsaverroes.juntadeandalucia.es\/iessierradegrazalema\/files\/2022\/05\/Excursio\u0301n-a-Jerez-6-1024x461.jpg 1024w, https:\/\/blogsaverroes.juntadeandalucia.es\/iessierradegrazalema\/files\/2022\/05\/Excursio\u0301n-a-Jerez-6-768x346.jpg 768w, https:\/\/blogsaverroes.juntadeandalucia.es\/iessierradegrazalema\/files\/2022\/05\/Excursio\u0301n-a-Jerez-6-1536x691.jpg 1536w\" sizes=\"(max-width: 800px) 100vw, 800px\" \/><\/a><a href=\"https:\/\/blogsaverroes.juntadeandalucia.es\/iessierradegrazalema\/files\/2022\/05\/Excursio\u0301n-a-Jerez-7.jpg\" target=\"_blank\" rel=\"noopener noreferrer\"><img loading=\"lazy\" decoding=\"async\" class=\"aligncenter wp-image-6628\" title=\"Excursio\u0301n a Jerez 7\" src=\"https:\/\/blogsaverroes.juntadeandalucia.es\/iessierradegrazalema\/files\/2022\/05\/Excursio\u0301n-a-Jerez-7.jpg\" alt=\"\" width=\"600\" height=\"800\" srcset=\"https:\/\/blogsaverroes.juntadeandalucia.es\/iessierradegrazalema\/files\/2022\/05\/Excursio\u0301n-a-Jerez-7.jpg 1536w, https:\/\/blogsaverroes.juntadeandalucia.es\/iessierradegrazalema\/files\/2022\/05\/Excursio\u0301n-a-Jerez-7-225x300.jpg 225w, https:\/\/blogsaverroes.juntadeandalucia.es\/iessierradegrazalema\/files\/2022\/05\/Excursio\u0301n-a-Jerez-7-768x1024.jpg 768w, https:\/\/blogsaverroes.juntadeandalucia.es\/iessierradegrazalema\/files\/2022\/05\/Excursio\u0301n-a-Jerez-7-1152x1536.jpg 1152w\" sizes=\"(max-width: 600px) 100vw, 600px\" \/><\/a><a href=\"https:\/\/blogsaverroes.juntadeandalucia.es\/iessierradegrazalema\/files\/2022\/05\/Excursio\u0301n-a-Jerez-8.jpg\" target=\"_blank\" rel=\"noopener noreferrer\"><img loading=\"lazy\" decoding=\"async\" class=\"aligncenter wp-image-6629\" title=\"Excursio\u0301n a Jerez 8\" src=\"https:\/\/blogsaverroes.juntadeandalucia.es\/iessierradegrazalema\/files\/2022\/05\/Excursio\u0301n-a-Jerez-8.jpg\" alt=\"\" width=\"600\" height=\"800\" srcset=\"https:\/\/blogsaverroes.juntadeandalucia.es\/iessierradegrazalema\/files\/2022\/05\/Excursio\u0301n-a-Jerez-8.jpg 1200w, https:\/\/blogsaverroes.juntadeandalucia.es\/iessierradegrazalema\/files\/2022\/05\/Excursio\u0301n-a-Jerez-8-225x300.jpg 225w, https:\/\/blogsaverroes.juntadeandalucia.es\/iessierradegrazalema\/files\/2022\/05\/Excursio\u0301n-a-Jerez-8-768x1024.jpg 768w, https:\/\/blogsaverroes.juntadeandalucia.es\/iessierradegrazalema\/files\/2022\/05\/Excursio\u0301n-a-Jerez-8-1152x1536.jpg 1152w\" sizes=\"(max-width: 600px) 100vw, 600px\" \/><\/a><a href=\"https:\/\/blogsaverroes.juntadeandalucia.es\/iessierradegrazalema\/files\/2022\/05\/Excursio\u0301n-a-Jerez-9.jpg\" target=\"_blank\" rel=\"noopener noreferrer\"><img loading=\"lazy\" decoding=\"async\" class=\"aligncenter wp-image-6630\" title=\"Excursio\u0301n a Jerez 9\" src=\"https:\/\/blogsaverroes.juntadeandalucia.es\/iessierradegrazalema\/files\/2022\/05\/Excursio\u0301n-a-Jerez-9.jpg\" alt=\"\" width=\"600\" height=\"800\" srcset=\"https:\/\/blogsaverroes.juntadeandalucia.es\/iessierradegrazalema\/files\/2022\/05\/Excursio\u0301n-a-Jerez-9.jpg 1200w, https:\/\/blogsaverroes.juntadeandalucia.es\/iessierradegrazalema\/files\/2022\/05\/Excursio\u0301n-a-Jerez-9-225x300.jpg 225w, https:\/\/blogsaverroes.juntadeandalucia.es\/iessierradegrazalema\/files\/2022\/05\/Excursio\u0301n-a-Jerez-9-768x1024.jpg 768w, https:\/\/blogsaverroes.juntadeandalucia.es\/iessierradegrazalema\/files\/2022\/05\/Excursio\u0301n-a-Jerez-9-1152x1536.jpg 1152w\" sizes=\"(max-width: 600px) 100vw, 600px\" \/><\/a><a href=\"https:\/\/blogsaverroes.juntadeandalucia.es\/iessierradegrazalema\/files\/2022\/05\/Excursio\u0301n-a-Jerez-10.jpg\" target=\"_blank\" rel=\"noopener noreferrer\"><img loading=\"lazy\" decoding=\"async\" class=\"aligncenter wp-image-6631\" title=\"Excursio\u0301n a Jerez 10\" src=\"https:\/\/blogsaverroes.juntadeandalucia.es\/iessierradegrazalema\/files\/2022\/05\/Excursio\u0301n-a-Jerez-10.jpg\" alt=\"\" width=\"600\" height=\"800\" srcset=\"https:\/\/blogsaverroes.juntadeandalucia.es\/iessierradegrazalema\/files\/2022\/05\/Excursio\u0301n-a-Jerez-10.jpg 1536w, https:\/\/blogsaverroes.juntadeandalucia.es\/iessierradegrazalema\/files\/2022\/05\/Excursio\u0301n-a-Jerez-10-225x300.jpg 225w, https:\/\/blogsaverroes.juntadeandalucia.es\/iessierradegrazalema\/files\/2022\/05\/Excursio\u0301n-a-Jerez-10-768x1024.jpg 768w, https:\/\/blogsaverroes.juntadeandalucia.es\/iessierradegrazalema\/files\/2022\/05\/Excursio\u0301n-a-Jerez-10-1152x1536.jpg 1152w\" sizes=\"(max-width: 600px) 100vw, 600px\" \/><\/a><br \/>\nExcursi\u00f3n a Jerez by <a href=\"https:\/\/blogsaverroes.juntadeandalucia.es\/iessierradegrazalema\/\" target=\"_blank\" rel=\"cc:attributionURL noopener noreferrer\">Departamentos de Lengua Castellana y Literatura y Geograf\u00eda e Historia <\/a>is licensed under <a href=\"https:\/\/creativecommons.org\/licenses\/by-sa\/4.0\/?ref=chooser-v1\" target=\"_blank\" rel=\"license noopener noreferrer\">CC BY-SA 4.0 <span class=\"icon\" data-v-a0d4e8a8=\"\"><img loading=\"lazy\" decoding=\"async\" src=\"https:\/\/chooser-beta.creativecommons.org\/img\/cc-logo.f0ab4ebe.svg\" width=\"20\" height=\"20\" data-v-a0d4e8a8=\"\"><img loading=\"lazy\" decoding=\"async\" src=\"https:\/\/chooser-beta.creativecommons.org\/img\/cc-by.21b728bb.svg\" width=\"20\" height=\"20\" data-v-a0d4e8a8=\"\"><img loading=\"lazy\" decoding=\"async\" src=\"https:\/\/chooser-beta.creativecommons.org\/img\/cc-sa.d1572b71.svg\" width=\"20\" height=\"20\" data-v-a0d4e8a8=\"\"><\/span><\/a><\/p>\n","protected":false},"excerpt":{"rendered":"<p>El viernes 6 mayo de 2022 se retomaron las actividades extraescolares en nuestro centro tras m\u00e1s de dos a\u00f1os en los que la pandemia nos ha impedido realizarlas. El alumnado de 3\u00ba y 4\u00ba&#46;&#46;&#46;<\/p>\n","protected":false},"author":2162,"featured_media":6622,"comment_status":"open","ping_status":"open","sticky":false,"template":"","format":"standard","meta":{"ngg_post_thumbnail":0,"footnotes":""},"categories":[10477,2280085,18227],"tags":[10477,2279982],"aioseo_notices":[],"_links":{"self":[{"href":"https:\/\/blogsaverroes.juntadeandalucia.es\/iessierradegrazalema\/wp-json\/wp\/v2\/posts\/6621"}],"collection":[{"href":"https:\/\/blogsaverroes.juntadeandalucia.es\/iessierradegrazalema\/wp-json\/wp\/v2\/posts"}],"about":[{"href":"https:\/\/blogsaverroes.juntadeandalucia.es\/iessierradegrazalema\/wp-json\/wp\/v2\/types\/post"}],"author":[{"embeddable":true,"href":"https:\/\/blogsaverroes.juntadeandalucia.es\/iessierradegrazalema\/wp-json\/wp\/v2\/users\/2162"}],"replies":[{"embeddable":true,"href":"https:\/\/blogsaverroes.juntadeandalucia.es\/iessierradegrazalema\/wp-json\/wp\/v2\/comments?post=6621"}],"version-history":[{"count":4,"href":"https:\/\/blogsaverroes.juntadeandalucia.es\/iessierradegrazalema\/wp-json\/wp\/v2\/posts\/6621\/revisions"}],"predecessor-version":[{"id":8759,"href":"https:\/\/blogsaverroes.juntadeandalucia.es\/iessierradegrazalema\/wp-json\/wp\/v2\/posts\/6621\/revisions\/8759"}],"wp:featuredmedia":[{"embeddable":true,"href":"https:\/\/blogsaverroes.juntadeandalucia.es\/iessierradegrazalema\/wp-json\/wp\/v2\/media\/6622"}],"wp:attachment":[{"href":"https:\/\/blogsaverroes.juntadeandalucia.es\/iessierradegrazalema\/wp-json\/wp\/v2\/media?parent=6621"}],"wp:term":[{"taxonomy":"category","embeddable":true,"href":"https:\/\/blogsaverroes.juntadeandalucia.es\/iessierradegrazalema\/wp-json\/wp\/v2\/categories?post=6621"},{"taxonomy":"post_tag","embeddable":true,"href":"https:\/\/blogsaverroes.juntadeandalucia.es\/iessierradegrazalema\/wp-json\/wp\/v2\/tags?post=6621"}],"curies":[{"name":"wp","href":"https:\/\/api.w.org\/{rel}","templated":true}]}}