{"id":6907,"date":"2022-06-22T11:56:30","date_gmt":"2022-06-22T09:56:30","guid":{"rendered":"https:\/\/blogsaverroes.juntadeandalucia.es\/iessierradegrazalema\/?p=6907"},"modified":"2024-12-28T23:01:29","modified_gmt":"2024-12-28T22:01:29","slug":"programa-aldea","status":"publish","type":"post","link":"https:\/\/blogsaverroes.juntadeandalucia.es\/iessierradegrazalema\/programa-aldea\/","title":{"rendered":"Programa Aldea"},"content":{"rendered":"<p>Hoy, 21 de junio de 2022, despedimos nuestro proyecto de Educaci\u00f3n Ambiental Aldea con el alumnado de 1\u00b0 de ESO &nbsp;y una actividad de reciclaje creativo. Elaboraron unas preciosas macetas con botes de detergente, decorados con rostros humanos, y sembraron en ellas plantones de lechuga. Ojal\u00e1 que puedan esas lechugas alg\u00fan d\u00eda llegar a sus mesas, y nuestros ni\u00f1os y ni\u00f1as entender la importancia de tener una alimentaci\u00f3n sana y cuidar de nuestro planeta.<\/p>\n<p><a href=\"https:\/\/blogsaverroes.juntadeandalucia.es\/iessierradegrazalema\/files\/2022\/06\/Programa-Aldea-1.jpg\" target=\"_blank\" rel=\"noopener noreferrer\"><img loading=\"lazy\" decoding=\"async\" class=\"aligncenter wp-image-6911\" title=\"Programa Aldea 1\" src=\"https:\/\/blogsaverroes.juntadeandalucia.es\/iessierradegrazalema\/files\/2022\/06\/Programa-Aldea-1.jpg\" alt=\"\" width=\"800\" height=\"360\" srcset=\"https:\/\/blogsaverroes.juntadeandalucia.es\/iessierradegrazalema\/files\/2022\/06\/Programa-Aldea-1.jpg 1600w, https:\/\/blogsaverroes.juntadeandalucia.es\/iessierradegrazalema\/files\/2022\/06\/Programa-Aldea-1-300x135.jpg 300w, https:\/\/blogsaverroes.juntadeandalucia.es\/iessierradegrazalema\/files\/2022\/06\/Programa-Aldea-1-1024x461.jpg 1024w, https:\/\/blogsaverroes.juntadeandalucia.es\/iessierradegrazalema\/files\/2022\/06\/Programa-Aldea-1-768x346.jpg 768w, https:\/\/blogsaverroes.juntadeandalucia.es\/iessierradegrazalema\/files\/2022\/06\/Programa-Aldea-1-1536x691.jpg 1536w\" sizes=\"(max-width: 800px) 100vw, 800px\" \/><\/a><a href=\"https:\/\/blogsaverroes.juntadeandalucia.es\/iessierradegrazalema\/files\/2022\/06\/Programa-Aldea-2.jpg\" target=\"_blank\" rel=\"noopener noreferrer\"><img loading=\"lazy\" decoding=\"async\" class=\"aligncenter wp-image-6912\" title=\"Programa Aldea 2\" src=\"https:\/\/blogsaverroes.juntadeandalucia.es\/iessierradegrazalema\/files\/2022\/06\/Programa-Aldea-2.jpg\" alt=\"\" width=\"800\" height=\"360\" srcset=\"https:\/\/blogsaverroes.juntadeandalucia.es\/iessierradegrazalema\/files\/2022\/06\/Programa-Aldea-2.jpg 1600w, https:\/\/blogsaverroes.juntadeandalucia.es\/iessierradegrazalema\/files\/2022\/06\/Programa-Aldea-2-300x135.jpg 300w, https:\/\/blogsaverroes.juntadeandalucia.es\/iessierradegrazalema\/files\/2022\/06\/Programa-Aldea-2-1024x461.jpg 1024w, https:\/\/blogsaverroes.juntadeandalucia.es\/iessierradegrazalema\/files\/2022\/06\/Programa-Aldea-2-768x346.jpg 768w, https:\/\/blogsaverroes.juntadeandalucia.es\/iessierradegrazalema\/files\/2022\/06\/Programa-Aldea-2-1536x691.jpg 1536w\" sizes=\"(max-width: 800px) 100vw, 800px\" \/><\/a><a href=\"https:\/\/blogsaverroes.juntadeandalucia.es\/iessierradegrazalema\/files\/2022\/06\/Programa-Aldea-3.jpg\" target=\"_blank\" rel=\"noopener noreferrer\"><img loading=\"lazy\" decoding=\"async\" class=\"aligncenter wp-image-6913\" title=\"Programa Aldea 3\" src=\"https:\/\/blogsaverroes.juntadeandalucia.es\/iessierradegrazalema\/files\/2022\/06\/Programa-Aldea-3.jpg\" alt=\"\" width=\"800\" height=\"360\" srcset=\"https:\/\/blogsaverroes.juntadeandalucia.es\/iessierradegrazalema\/files\/2022\/06\/Programa-Aldea-3.jpg 1600w, https:\/\/blogsaverroes.juntadeandalucia.es\/iessierradegrazalema\/files\/2022\/06\/Programa-Aldea-3-300x135.jpg 300w, https:\/\/blogsaverroes.juntadeandalucia.es\/iessierradegrazalema\/files\/2022\/06\/Programa-Aldea-3-1024x461.jpg 1024w, https:\/\/blogsaverroes.juntadeandalucia.es\/iessierradegrazalema\/files\/2022\/06\/Programa-Aldea-3-768x346.jpg 768w, https:\/\/blogsaverroes.juntadeandalucia.es\/iessierradegrazalema\/files\/2022\/06\/Programa-Aldea-3-1536x691.jpg 1536w\" sizes=\"(max-width: 800px) 100vw, 800px\" \/><\/a><a href=\"https:\/\/blogsaverroes.juntadeandalucia.es\/iessierradegrazalema\/files\/2022\/06\/Programa-Aldea-4.jpg\" target=\"_blank\" rel=\"noopener noreferrer\"><img loading=\"lazy\" decoding=\"async\" class=\"aligncenter wp-image-6914\" title=\"Programa Aldea 4\" src=\"https:\/\/blogsaverroes.juntadeandalucia.es\/iessierradegrazalema\/files\/2022\/06\/Programa-Aldea-4.jpg\" alt=\"\" width=\"800\" height=\"360\" srcset=\"https:\/\/blogsaverroes.juntadeandalucia.es\/iessierradegrazalema\/files\/2022\/06\/Programa-Aldea-4.jpg 1600w, https:\/\/blogsaverroes.juntadeandalucia.es\/iessierradegrazalema\/files\/2022\/06\/Programa-Aldea-4-300x135.jpg 300w, https:\/\/blogsaverroes.juntadeandalucia.es\/iessierradegrazalema\/files\/2022\/06\/Programa-Aldea-4-1024x461.jpg 1024w, https:\/\/blogsaverroes.juntadeandalucia.es\/iessierradegrazalema\/files\/2022\/06\/Programa-Aldea-4-768x346.jpg 768w, https:\/\/blogsaverroes.juntadeandalucia.es\/iessierradegrazalema\/files\/2022\/06\/Programa-Aldea-4-1536x691.jpg 1536w\" sizes=\"(max-width: 800px) 100vw, 800px\" \/><\/a><a href=\"https:\/\/blogsaverroes.juntadeandalucia.es\/iessierradegrazalema\/files\/2022\/06\/Programa-Aldea-5.jpg\" target=\"_blank\" rel=\"noopener noreferrer\"><img loading=\"lazy\" decoding=\"async\" class=\"aligncenter wp-image-6908\" title=\"Programa Aldea 5\" src=\"https:\/\/blogsaverroes.juntadeandalucia.es\/iessierradegrazalema\/files\/2022\/06\/Programa-Aldea-5.jpg\" alt=\"\" width=\"800\" height=\"360\" srcset=\"https:\/\/blogsaverroes.juntadeandalucia.es\/iessierradegrazalema\/files\/2022\/06\/Programa-Aldea-5.jpg 1600w, https:\/\/blogsaverroes.juntadeandalucia.es\/iessierradegrazalema\/files\/2022\/06\/Programa-Aldea-5-300x135.jpg 300w, https:\/\/blogsaverroes.juntadeandalucia.es\/iessierradegrazalema\/files\/2022\/06\/Programa-Aldea-5-1024x461.jpg 1024w, https:\/\/blogsaverroes.juntadeandalucia.es\/iessierradegrazalema\/files\/2022\/06\/Programa-Aldea-5-768x346.jpg 768w, https:\/\/blogsaverroes.juntadeandalucia.es\/iessierradegrazalema\/files\/2022\/06\/Programa-Aldea-5-1536x691.jpg 1536w\" sizes=\"(max-width: 800px) 100vw, 800px\" \/><\/a><a href=\"https:\/\/blogsaverroes.juntadeandalucia.es\/iessierradegrazalema\/files\/2022\/06\/Programa-Aldea-6.jpg\" target=\"_blank\" rel=\"noopener noreferrer\"><img loading=\"lazy\" decoding=\"async\" class=\"aligncenter wp-image-6915\" title=\"Programa Aldea 6\" src=\"https:\/\/blogsaverroes.juntadeandalucia.es\/iessierradegrazalema\/files\/2022\/06\/Programa-Aldea-6.jpg\" alt=\"\" width=\"800\" height=\"360\" srcset=\"https:\/\/blogsaverroes.juntadeandalucia.es\/iessierradegrazalema\/files\/2022\/06\/Programa-Aldea-6.jpg 1600w, https:\/\/blogsaverroes.juntadeandalucia.es\/iessierradegrazalema\/files\/2022\/06\/Programa-Aldea-6-300x135.jpg 300w, https:\/\/blogsaverroes.juntadeandalucia.es\/iessierradegrazalema\/files\/2022\/06\/Programa-Aldea-6-1024x461.jpg 1024w, https:\/\/blogsaverroes.juntadeandalucia.es\/iessierradegrazalema\/files\/2022\/06\/Programa-Aldea-6-768x346.jpg 768w, https:\/\/blogsaverroes.juntadeandalucia.es\/iessierradegrazalema\/files\/2022\/06\/Programa-Aldea-6-1536x691.jpg 1536w\" sizes=\"(max-width: 800px) 100vw, 800px\" \/><\/a><a href=\"https:\/\/blogsaverroes.juntadeandalucia.es\/iessierradegrazalema\/files\/2022\/06\/Programa-Aldea-7.jpg\" target=\"_blank\" rel=\"noopener noreferrer\"><img loading=\"lazy\" decoding=\"async\" class=\"aligncenter wp-image-6916\" title=\"Programa Aldea 7\" src=\"https:\/\/blogsaverroes.juntadeandalucia.es\/iessierradegrazalema\/files\/2022\/06\/Programa-Aldea-7.jpg\" alt=\"\" width=\"800\" height=\"360\" srcset=\"https:\/\/blogsaverroes.juntadeandalucia.es\/iessierradegrazalema\/files\/2022\/06\/Programa-Aldea-7.jpg 1600w, https:\/\/blogsaverroes.juntadeandalucia.es\/iessierradegrazalema\/files\/2022\/06\/Programa-Aldea-7-300x135.jpg 300w, https:\/\/blogsaverroes.juntadeandalucia.es\/iessierradegrazalema\/files\/2022\/06\/Programa-Aldea-7-1024x461.jpg 1024w, https:\/\/blogsaverroes.juntadeandalucia.es\/iessierradegrazalema\/files\/2022\/06\/Programa-Aldea-7-768x346.jpg 768w, https:\/\/blogsaverroes.juntadeandalucia.es\/iessierradegrazalema\/files\/2022\/06\/Programa-Aldea-7-1536x691.jpg 1536w\" sizes=\"(max-width: 800px) 100vw, 800px\" \/><\/a><a href=\"https:\/\/blogsaverroes.juntadeandalucia.es\/iessierradegrazalema\/files\/2022\/06\/Programa-Aldea-8.jpg\" target=\"_blank\" rel=\"noopener noreferrer\"><img loading=\"lazy\" decoding=\"async\" class=\"aligncenter wp-image-6917\" title=\"Programa Aldea 8\" src=\"https:\/\/blogsaverroes.juntadeandalucia.es\/iessierradegrazalema\/files\/2022\/06\/Programa-Aldea-8.jpg\" alt=\"\" width=\"800\" height=\"360\" srcset=\"https:\/\/blogsaverroes.juntadeandalucia.es\/iessierradegrazalema\/files\/2022\/06\/Programa-Aldea-8.jpg 1600w, https:\/\/blogsaverroes.juntadeandalucia.es\/iessierradegrazalema\/files\/2022\/06\/Programa-Aldea-8-300x135.jpg 300w, https:\/\/blogsaverroes.juntadeandalucia.es\/iessierradegrazalema\/files\/2022\/06\/Programa-Aldea-8-1024x461.jpg 1024w, https:\/\/blogsaverroes.juntadeandalucia.es\/iessierradegrazalema\/files\/2022\/06\/Programa-Aldea-8-768x346.jpg 768w, https:\/\/blogsaverroes.juntadeandalucia.es\/iessierradegrazalema\/files\/2022\/06\/Programa-Aldea-8-1536x691.jpg 1536w\" sizes=\"(max-width: 800px) 100vw, 800px\" \/><\/a><a href=\"https:\/\/blogsaverroes.juntadeandalucia.es\/iessierradegrazalema\/files\/2022\/06\/Programa-Aldea-9.jpg\" target=\"_blank\" rel=\"noopener noreferrer\"><img loading=\"lazy\" decoding=\"async\" class=\"aligncenter wp-image-6918\" title=\"Programa Aldea 9\" src=\"https:\/\/blogsaverroes.juntadeandalucia.es\/iessierradegrazalema\/files\/2022\/06\/Programa-Aldea-9.jpg\" alt=\"\" width=\"800\" height=\"360\" srcset=\"https:\/\/blogsaverroes.juntadeandalucia.es\/iessierradegrazalema\/files\/2022\/06\/Programa-Aldea-9.jpg 1600w, https:\/\/blogsaverroes.juntadeandalucia.es\/iessierradegrazalema\/files\/2022\/06\/Programa-Aldea-9-300x135.jpg 300w, https:\/\/blogsaverroes.juntadeandalucia.es\/iessierradegrazalema\/files\/2022\/06\/Programa-Aldea-9-1024x461.jpg 1024w, https:\/\/blogsaverroes.juntadeandalucia.es\/iessierradegrazalema\/files\/2022\/06\/Programa-Aldea-9-768x346.jpg 768w, https:\/\/blogsaverroes.juntadeandalucia.es\/iessierradegrazalema\/files\/2022\/06\/Programa-Aldea-9-1536x691.jpg 1536w\" sizes=\"(max-width: 800px) 100vw, 800px\" \/><\/a><a href=\"https:\/\/blogsaverroes.juntadeandalucia.es\/iessierradegrazalema\/files\/2022\/06\/Programa-Aldea-10.jpg\" target=\"_blank\" rel=\"noopener noreferrer\"><img loading=\"lazy\" decoding=\"async\" class=\"aligncenter wp-image-6919\" title=\"Programa Aldea 10\" src=\"https:\/\/blogsaverroes.juntadeandalucia.es\/iessierradegrazalema\/files\/2022\/06\/Programa-Aldea-10.jpg\" alt=\"\" width=\"800\" height=\"360\" srcset=\"https:\/\/blogsaverroes.juntadeandalucia.es\/iessierradegrazalema\/files\/2022\/06\/Programa-Aldea-10.jpg 1600w, https:\/\/blogsaverroes.juntadeandalucia.es\/iessierradegrazalema\/files\/2022\/06\/Programa-Aldea-10-300x135.jpg 300w, https:\/\/blogsaverroes.juntadeandalucia.es\/iessierradegrazalema\/files\/2022\/06\/Programa-Aldea-10-1024x461.jpg 1024w, https:\/\/blogsaverroes.juntadeandalucia.es\/iessierradegrazalema\/files\/2022\/06\/Programa-Aldea-10-768x346.jpg 768w, https:\/\/blogsaverroes.juntadeandalucia.es\/iessierradegrazalema\/files\/2022\/06\/Programa-Aldea-10-1536x691.jpg 1536w\" sizes=\"(max-width: 800px) 100vw, 800px\" \/><\/a><a href=\"https:\/\/blogsaverroes.juntadeandalucia.es\/iessierradegrazalema\/files\/2022\/06\/Programa-Aldea-11.jpg\" target=\"_blank\" rel=\"noopener noreferrer\"><img loading=\"lazy\" decoding=\"async\" class=\"aligncenter wp-image-6920\" title=\"Programa Aldea 11\" src=\"https:\/\/blogsaverroes.juntadeandalucia.es\/iessierradegrazalema\/files\/2022\/06\/Programa-Aldea-11.jpg\" alt=\"\" width=\"800\" height=\"360\" srcset=\"https:\/\/blogsaverroes.juntadeandalucia.es\/iessierradegrazalema\/files\/2022\/06\/Programa-Aldea-11.jpg 1600w, https:\/\/blogsaverroes.juntadeandalucia.es\/iessierradegrazalema\/files\/2022\/06\/Programa-Aldea-11-300x135.jpg 300w, https:\/\/blogsaverroes.juntadeandalucia.es\/iessierradegrazalema\/files\/2022\/06\/Programa-Aldea-11-1024x461.jpg 1024w, https:\/\/blogsaverroes.juntadeandalucia.es\/iessierradegrazalema\/files\/2022\/06\/Programa-Aldea-11-768x346.jpg 768w, https:\/\/blogsaverroes.juntadeandalucia.es\/iessierradegrazalema\/files\/2022\/06\/Programa-Aldea-11-1536x691.jpg 1536w\" sizes=\"(max-width: 800px) 100vw, 800px\" \/><\/a><a href=\"https:\/\/blogsaverroes.juntadeandalucia.es\/iessierradegrazalema\/files\/2022\/06\/Programa-Aldea-12.jpg\" target=\"_blank\" rel=\"noopener noreferrer\"><img loading=\"lazy\" decoding=\"async\" class=\"aligncenter wp-image-6921\" title=\"Programa Aldea\" src=\"https:\/\/blogsaverroes.juntadeandalucia.es\/iessierradegrazalema\/files\/2022\/06\/Programa-Aldea-12.jpg\" alt=\"\" width=\"800\" height=\"360\" srcset=\"https:\/\/blogsaverroes.juntadeandalucia.es\/iessierradegrazalema\/files\/2022\/06\/Programa-Aldea-12.jpg 1600w, https:\/\/blogsaverroes.juntadeandalucia.es\/iessierradegrazalema\/files\/2022\/06\/Programa-Aldea-12-300x135.jpg 300w, https:\/\/blogsaverroes.juntadeandalucia.es\/iessierradegrazalema\/files\/2022\/06\/Programa-Aldea-12-1024x461.jpg 1024w, https:\/\/blogsaverroes.juntadeandalucia.es\/iessierradegrazalema\/files\/2022\/06\/Programa-Aldea-12-768x346.jpg 768w, https:\/\/blogsaverroes.juntadeandalucia.es\/iessierradegrazalema\/files\/2022\/06\/Programa-Aldea-12-1536x691.jpg 1536w\" sizes=\"(max-width: 800px) 100vw, 800px\" \/><\/a><\/p>\n<p>Programa Aldea by <a href=\"https:\/\/blogsaverroes.juntadeandalucia.es\/iessierradegrazalema\/\" target=\"_blank\" rel=\"cc:attributionURL noopener noreferrer\">IES Sierra de Grazalema <\/a>is licensed under <a href=\"https:\/\/creativecommons.org\/licenses\/by-sa\/4.0\/?ref=chooser-v1\" target=\"_blank\" rel=\"license noopener noreferrer\">CC BY-SA 4.0 <span class=\"icon\" data-v-a0d4e8a8=\"\"><img loading=\"lazy\" decoding=\"async\" src=\"https:\/\/chooser-beta.creativecommons.org\/img\/cc-logo.f0ab4ebe.svg\" width=\"20\" height=\"20\" data-v-a0d4e8a8=\"\"><img loading=\"lazy\" decoding=\"async\" src=\"https:\/\/chooser-beta.creativecommons.org\/img\/cc-by.21b728bb.svg\" width=\"20\" height=\"20\" data-v-a0d4e8a8=\"\"><img loading=\"lazy\" decoding=\"async\" src=\"https:\/\/chooser-beta.creativecommons.org\/img\/cc-sa.d1572b71.svg\" width=\"20\" height=\"20\" data-v-a0d4e8a8=\"\"><\/span><\/a><\/p>\n","protected":false},"excerpt":{"rendered":"<p>Hoy, 21 de junio de 2022, despedimos nuestro proyecto de Educaci\u00f3n Ambiental Aldea con el alumnado de 1\u00b0 de ESO &nbsp;y una actividad de reciclaje creativo. Elaboraron unas preciosas macetas con botes de detergente,&#46;&#46;&#46;<\/p>\n","protected":false},"author":2162,"featured_media":6908,"comment_status":"open","ping_status":"open","sticky":false,"template":"","format":"standard","meta":{"ngg_post_thumbnail":0,"footnotes":""},"categories":[217183],"tags":[2280072],"aioseo_notices":[],"_links":{"self":[{"href":"https:\/\/blogsaverroes.juntadeandalucia.es\/iessierradegrazalema\/wp-json\/wp\/v2\/posts\/6907"}],"collection":[{"href":"https:\/\/blogsaverroes.juntadeandalucia.es\/iessierradegrazalema\/wp-json\/wp\/v2\/posts"}],"about":[{"href":"https:\/\/blogsaverroes.juntadeandalucia.es\/iessierradegrazalema\/wp-json\/wp\/v2\/types\/post"}],"author":[{"embeddable":true,"href":"https:\/\/blogsaverroes.juntadeandalucia.es\/iessierradegrazalema\/wp-json\/wp\/v2\/users\/2162"}],"replies":[{"embeddable":true,"href":"https:\/\/blogsaverroes.juntadeandalucia.es\/iessierradegrazalema\/wp-json\/wp\/v2\/comments?post=6907"}],"version-history":[{"count":4,"href":"https:\/\/blogsaverroes.juntadeandalucia.es\/iessierradegrazalema\/wp-json\/wp\/v2\/posts\/6907\/revisions"}],"predecessor-version":[{"id":6910,"href":"https:\/\/blogsaverroes.juntadeandalucia.es\/iessierradegrazalema\/wp-json\/wp\/v2\/posts\/6907\/revisions\/6910"}],"wp:featuredmedia":[{"embeddable":true,"href":"https:\/\/blogsaverroes.juntadeandalucia.es\/iessierradegrazalema\/wp-json\/wp\/v2\/media\/6908"}],"wp:attachment":[{"href":"https:\/\/blogsaverroes.juntadeandalucia.es\/iessierradegrazalema\/wp-json\/wp\/v2\/media?parent=6907"}],"wp:term":[{"taxonomy":"category","embeddable":true,"href":"https:\/\/blogsaverroes.juntadeandalucia.es\/iessierradegrazalema\/wp-json\/wp\/v2\/categories?post=6907"},{"taxonomy":"post_tag","embeddable":true,"href":"https:\/\/blogsaverroes.juntadeandalucia.es\/iessierradegrazalema\/wp-json\/wp\/v2\/tags?post=6907"}],"curies":[{"name":"wp","href":"https:\/\/api.w.org\/{rel}","templated":true}]}}