{"id":2088,"date":"2026-02-16T13:29:56","date_gmt":"2026-02-16T12:29:56","guid":{"rendered":"https:\/\/blogsaverroes.juntadeandalucia.es\/iessierradelosfilabres\/?p=2088"},"modified":"2026-02-16T13:29:56","modified_gmt":"2026-02-16T12:29:56","slug":"san-valentin-bilingue","status":"publish","type":"post","link":"https:\/\/blogsaverroes.juntadeandalucia.es\/iessierradelosfilabres\/san-valentin-bilingue\/","title":{"rendered":"San Valent\u00edn Biling\u00fce"},"content":{"rendered":"<p>Esta semana, tomando como inspiraci\u00f3n el emblem\u00e1tico &#8220;Mur des Je t&#8217;aime&#8221;&nbsp;del barrio parisino de&nbsp;Montmartre, el alumnado del&nbsp;IES Sierra de los Filabres&nbsp;ha celebrado San Valent\u00edn de una manera muy especial. Dentro del Proyecto Biling\u00fce, y con el objetivo de fomentar el pluriling\u00fcismo, han llenado nuestro centro de mensajes de amor y amistad en diferentes idiomas. Adem\u00e1s, han elaborado preciosas tarjetas donde las palabras han sido las verdaderas protagonistas.<\/p>\n\n\t\t<style>\n\t\t\t#gallery-1 {\n\t\t\t\tmargin: auto;\n\t\t\t}\n\t\t\t#gallery-1 .gallery-item {\n\t\t\t\tfloat: left;\n\t\t\t\tmargin-top: 10px;\n\t\t\t\ttext-align: center;\n\t\t\t\twidth: 33%;\n\t\t\t}\n\t\t\t#gallery-1 img {\n\t\t\t\tborder: 2px solid #cfcfcf;\n\t\t\t}\n\t\t\t#gallery-1 .gallery-caption {\n\t\t\t\tmargin-left: 0;\n\t\t\t}\n\t\t\t\/* see gallery_shortcode() in wp-includes\/media.php *\/\n\t\t<\/style>\n\t\t<div id='gallery-1' class='gallery galleryid-2088 gallery-columns-3 gallery-size-thumbnail'><dl class='gallery-item'>\n\t\t\t<dt class='gallery-icon portrait'>\n\t\t\t\t<a href='https:\/\/blogsaverroes.juntadeandalucia.es\/iessierradelosfilabres\/san-valentin-bilingue\/20260213_102900\/'><img loading=\"lazy\" decoding=\"async\" width=\"150\" height=\"150\" src=\"https:\/\/blogsaverroes.juntadeandalucia.es\/iessierradelosfilabres\/files\/2026\/02\/20260213_102900-150x150.jpg\" class=\"attachment-thumbnail size-thumbnail\" alt=\"\" \/><\/a>\n\t\t\t<\/dt><\/dl><dl class='gallery-item'>\n\t\t\t<dt class='gallery-icon portrait'>\n\t\t\t\t<a href='https:\/\/blogsaverroes.juntadeandalucia.es\/iessierradelosfilabres\/san-valentin-bilingue\/20260213_112843\/'><img loading=\"lazy\" decoding=\"async\" width=\"150\" height=\"150\" src=\"https:\/\/blogsaverroes.juntadeandalucia.es\/iessierradelosfilabres\/files\/2026\/02\/20260213_112843-150x150.jpg\" class=\"attachment-thumbnail size-thumbnail\" alt=\"\" \/><\/a>\n\t\t\t<\/dt><\/dl><dl class='gallery-item'>\n\t\t\t<dt class='gallery-icon portrait'>\n\t\t\t\t<a href='https:\/\/blogsaverroes.juntadeandalucia.es\/iessierradelosfilabres\/san-valentin-bilingue\/20260213_123218-1\/'><img loading=\"lazy\" decoding=\"async\" width=\"150\" height=\"150\" src=\"https:\/\/blogsaverroes.juntadeandalucia.es\/iessierradelosfilabres\/files\/2026\/02\/20260213_123218-1-scaled-e1771244936125-150x150.jpg\" class=\"attachment-thumbnail size-thumbnail\" alt=\"\" \/><\/a>\n\t\t\t<\/dt><\/dl><br style=\"clear: both\" \/>\n\t\t<\/div>\n\n","protected":false},"excerpt":{"rendered":"<p>Esta semana, tomando como inspiraci\u00f3n el emblem\u00e1tico &#8220;Mur des Je t&#8217;aime&#8221;&nbsp;del barrio parisino de&nbsp;Montmartre, el alumnado del&nbsp;IES Sierra de los Filabres&nbsp;ha celebrado San Valent\u00edn de una manera muy especial. Dentro del Proyecto Biling\u00fce, y&#46;&#46;&#46;<\/p>\n","protected":false},"author":20038,"featured_media":2097,"comment_status":"closed","ping_status":"open","sticky":false,"template":"","format":"standard","meta":{"ngg_post_thumbnail":0,"footnotes":""},"categories":[21],"tags":[],"aioseo_notices":[],"_links":{"self":[{"href":"https:\/\/blogsaverroes.juntadeandalucia.es\/iessierradelosfilabres\/wp-json\/wp\/v2\/posts\/2088"}],"collection":[{"href":"https:\/\/blogsaverroes.juntadeandalucia.es\/iessierradelosfilabres\/wp-json\/wp\/v2\/posts"}],"about":[{"href":"https:\/\/blogsaverroes.juntadeandalucia.es\/iessierradelosfilabres\/wp-json\/wp\/v2\/types\/post"}],"author":[{"embeddable":true,"href":"https:\/\/blogsaverroes.juntadeandalucia.es\/iessierradelosfilabres\/wp-json\/wp\/v2\/users\/20038"}],"replies":[{"embeddable":true,"href":"https:\/\/blogsaverroes.juntadeandalucia.es\/iessierradelosfilabres\/wp-json\/wp\/v2\/comments?post=2088"}],"version-history":[{"count":1,"href":"https:\/\/blogsaverroes.juntadeandalucia.es\/iessierradelosfilabres\/wp-json\/wp\/v2\/posts\/2088\/revisions"}],"predecessor-version":[{"id":2099,"href":"https:\/\/blogsaverroes.juntadeandalucia.es\/iessierradelosfilabres\/wp-json\/wp\/v2\/posts\/2088\/revisions\/2099"}],"wp:featuredmedia":[{"embeddable":true,"href":"https:\/\/blogsaverroes.juntadeandalucia.es\/iessierradelosfilabres\/wp-json\/wp\/v2\/media\/2097"}],"wp:attachment":[{"href":"https:\/\/blogsaverroes.juntadeandalucia.es\/iessierradelosfilabres\/wp-json\/wp\/v2\/media?parent=2088"}],"wp:term":[{"taxonomy":"category","embeddable":true,"href":"https:\/\/blogsaverroes.juntadeandalucia.es\/iessierradelosfilabres\/wp-json\/wp\/v2\/categories?post=2088"},{"taxonomy":"post_tag","embeddable":true,"href":"https:\/\/blogsaverroes.juntadeandalucia.es\/iessierradelosfilabres\/wp-json\/wp\/v2\/tags?post=2088"}],"curies":[{"name":"wp","href":"https:\/\/api.w.org\/{rel}","templated":true}]}}