{"id":2867,"date":"2017-03-06T11:11:49","date_gmt":"2017-03-06T10:11:49","guid":{"rendered":"http:\/\/blogsaverroes.juntadeandalucia.es\/iessierrasur\/?p=2867"},"modified":"2017-03-07T11:07:01","modified_gmt":"2017-03-07T10:07:01","slug":"beca-adriano","status":"publish","type":"post","link":"https:\/\/blogsaverroes.juntadeandalucia.es\/iessierrasur\/2017\/03\/06\/beca-adriano\/","title":{"rendered":"Beca Adriano"},"content":{"rendered":"<p><img loading=\"lazy\" decoding=\"async\" class=\"aligncenter size-medium wp-image-2868\" src=\"http:\/\/blogsaverroes.juntadeandalucia.es\/iessierrasur\/files\/2017\/03\/beca-adriano-300x98.jpg\" alt=\"\" width=\"300\" height=\"98\" srcset=\"https:\/\/blogsaverroes.juntadeandalucia.es\/iessierrasur\/files\/2017\/03\/beca-adriano.jpg 300w, https:\/\/blogsaverroes.juntadeandalucia.es\/iessierrasur\/files\/2017\/03\/beca-adriano-24x8.jpg 24w, https:\/\/blogsaverroes.juntadeandalucia.es\/iessierrasur\/files\/2017\/03\/beca-adriano-36x12.jpg 36w, https:\/\/blogsaverroes.juntadeandalucia.es\/iessierrasur\/files\/2017\/03\/beca-adriano-48x16.jpg 48w\" sizes=\"(max-width: 300px) 100vw, 300px\" \/><\/p>\n<ul>\n<li>Destinada a alumnos de Bachillerato, alumnos de 2\u00ba curso de Ciclos Formativos de Grado Medio y alumnos de Ciclos Formativos de Grado Superior, entre otros, que cumpliendo los requisitos econ\u00f3micos de la normativa de becas y ayudas de car\u00e1cter general para estudios postobligatorios no universitarios del Ministerio competente en materia de educaci\u00f3n, y los requisitos acad\u00e9micos necesarios para continuar sus estudios, no ha alcanzado la puntuaci\u00f3n acad\u00e9mica referida a la nota media o no ha superado la carga lectiva exigida en dicha normativa. <a href=\"http:\/\/www.juntadeandalucia.es\/educacion\/webportal\/web\/becas-y-ayudas\/beca-adriano\/preguntas-frecuentes\/requisitos\"><strong>Requisitos<\/strong><\/a>.<\/li>\n<li>El <strong>plazo de presentaci\u00f3n<\/strong> del curso 2016\/17 es del 19 de octubre al 18 de noviembre de 2016.<\/li>\n<li><strong>Forma de presentaci\u00f3n<\/strong>: la solicitud se deber\u00e1 cumplimentar mediante el formulario electr\u00f3nico accesible por v\u00eda telem\u00e1tica a trav\u00e9s del portal web de becas y ayudas al estudio de la Consejer\u00eda de Educaci\u00f3n. La solicitud, una vez cumplimenada se imprimir\u00e1 y firmar\u00e1 y se presentar\u00e1 preferentemente en el centro docente donde se vayan a seguir los estudios para los que se concede la beca. Los alumnos que dispongan de firma electr\u00f3nica tambi\u00e9n pueden presentarla en el Registro Telem\u00e1tico \u00danico de la Administraci\u00f3n de la Junta de Andaluc\u00eda.<\/li>\n<li><a href=\"http:\/\/www.juntadeandalucia.es\/eboja\/2016\/200\/BOJA16-200-00009-18008-01_00100346.pdf\">Convocatoria Beca Adriano curso 2016\/17<\/a><\/li>\n<li>Toda la informaci\u00f3n relacionada con la Beca Adriano en el <a href=\"http:\/\/www.juntadeandalucia.es\/educacion\/portals\/web\/becas-y-ayudas\/beca-adriano\">portal de Becas y Ayudas de la Consejer\u00eda de Educaci\u00f3n<\/a>.<\/li>\n<li><a href=\"http:\/\/www.juntadeandalucia.es\/educacion\/webportal\/abaco-portlet\/content\/82b0ba11-e641-4a3b-858e-de563d94c0bc\">Orden de 29 de enero de 2014<\/a> por la que se establecen las bases reguladoras de la Beca Adriano.<\/li>\n<li>Acceso a la <a href=\"https:\/\/www.juntadeandalucia.es\/educacion\/apl\/becasadriano\/\">solicitud <\/a>de la beca Adriano para el curso 2016\/17.<\/li>\n<\/ul>\n","protected":false},"excerpt":{"rendered":"<p>Destinada a alumnos de Bachillerato, alumnos de 2\u00ba curso de Ciclos Formativos de Grado Medio y alumnos de Ciclos Formativos de Grado Superior, entre otros, que cumpliendo los requisitos econ\u00f3micos de la normativa de becas y ayudas de car\u00e1cter general para estudios postobligatorios no universitarios del Ministerio competente en materia de educaci\u00f3n, y los requisitos acad\u00e9micos necesarios para continuar sus estudios, no ha alcanzado la puntuaci\u00f3n acad\u00e9mica referida a la nota media o no ha superado la carga lectiva exigida en dicha normativa. Requisitos. El plazo de presentaci\u00f3n del curso 2016\/17 es del 19 de octubre al 18 de noviembre&#46;&#46;&#46;<\/p>\n","protected":false},"author":3820,"featured_media":2868,"comment_status":"open","ping_status":"open","sticky":false,"template":"","format":"standard","meta":{"ngg_post_thumbnail":0,"footnotes":""},"categories":[3910,1041316,4441],"tags":[],"aioseo_notices":[],"_links":{"self":[{"href":"https:\/\/blogsaverroes.juntadeandalucia.es\/iessierrasur\/wp-json\/wp\/v2\/posts\/2867"}],"collection":[{"href":"https:\/\/blogsaverroes.juntadeandalucia.es\/iessierrasur\/wp-json\/wp\/v2\/posts"}],"about":[{"href":"https:\/\/blogsaverroes.juntadeandalucia.es\/iessierrasur\/wp-json\/wp\/v2\/types\/post"}],"author":[{"embeddable":true,"href":"https:\/\/blogsaverroes.juntadeandalucia.es\/iessierrasur\/wp-json\/wp\/v2\/users\/3820"}],"replies":[{"embeddable":true,"href":"https:\/\/blogsaverroes.juntadeandalucia.es\/iessierrasur\/wp-json\/wp\/v2\/comments?post=2867"}],"version-history":[{"count":1,"href":"https:\/\/blogsaverroes.juntadeandalucia.es\/iessierrasur\/wp-json\/wp\/v2\/posts\/2867\/revisions"}],"predecessor-version":[{"id":2869,"href":"https:\/\/blogsaverroes.juntadeandalucia.es\/iessierrasur\/wp-json\/wp\/v2\/posts\/2867\/revisions\/2869"}],"wp:featuredmedia":[{"embeddable":true,"href":"https:\/\/blogsaverroes.juntadeandalucia.es\/iessierrasur\/wp-json\/wp\/v2\/media\/2868"}],"wp:attachment":[{"href":"https:\/\/blogsaverroes.juntadeandalucia.es\/iessierrasur\/wp-json\/wp\/v2\/media?parent=2867"}],"wp:term":[{"taxonomy":"category","embeddable":true,"href":"https:\/\/blogsaverroes.juntadeandalucia.es\/iessierrasur\/wp-json\/wp\/v2\/categories?post=2867"},{"taxonomy":"post_tag","embeddable":true,"href":"https:\/\/blogsaverroes.juntadeandalucia.es\/iessierrasur\/wp-json\/wp\/v2\/tags?post=2867"}],"curies":[{"name":"wp","href":"https:\/\/api.w.org\/{rel}","templated":true}]}}