{"id":7171,"date":"2023-10-09T00:15:57","date_gmt":"2023-10-08T23:15:57","guid":{"rendered":"https:\/\/blogsaverroes.juntadeandalucia.es\/iessierrasur\/?p=7171"},"modified":"2023-10-09T07:27:59","modified_gmt":"2023-10-09T06:27:59","slug":"7171","status":"publish","type":"post","link":"https:\/\/blogsaverroes.juntadeandalucia.es\/iessierrasur\/2023\/10\/09\/7171\/","title":{"rendered":"ABIERTO EL PLAZO DE PRESENTACI\u00d3N DE SOLICITUDES BECAS ERASMUS PARA CICLOS FORMATIVOS DE GRADO MEDIO"},"content":{"rendered":"<p style=\"text-align: justify\"><strong>Hasta el d\u00eda 20 de octubre, se encuentra abierto el plazo de presentaci\u00f3n de solicitudes de Becas Erasmus, con la posibilidad de visitar destinos en Italia, Bulgaria, Francia y Portugal.&nbsp; Unas becas de 90 d\u00edas de duraci\u00f3n que est\u00e1n dirigidas al alumnado de ciclos formativos de grado medio que deseen cursar la FCT en el extranjero o bien para reci\u00e9n titulados que quieran desarrollar una experiencia Erasmus.&nbsp;<\/strong><\/p>\n<p style=\"text-align: justify\"><strong>El formulario de solicitud junto a la carta de motivaci\u00f3n deben presentarse en la secretar\u00eda del centro. Os adjuntamos ambos documentos as\u00ed como las bases de la convocatoria.<\/strong><\/p>\n<p style=\"text-align: justify\"><strong>Bases movilidades:&nbsp;<a href=\"https:\/\/drive.google.com\/file\/d\/1OLxCxDB7iFAtkHEdW-aR_8HdD02kXflP\/view?usp=sharing\">https:\/\/drive.google.com\/file\/d\/1OLxCxDB7iFAtkHEdW-aR_8HdD02kXflP\/view?usp=sharing<\/a><\/strong><\/p>\n<p style=\"text-align: justify\"><strong>Formulario de solicitud :&nbsp;<a href=\"https:\/\/drive.google.com\/file\/d\/125mi6lbGv7aBmpyZTn1swzW2rj9O140d\/view?usp=sharing\">https:\/\/drive.google.com\/file\/d\/125mi6lbGv7aBmpyZTn1swzW2rj9O140d\/view?usp=sharing<\/a><\/strong><\/p>\n<p><strong>Carta de motivaci\u00f3n:&nbsp;<a href=\"https:\/\/drive.google.com\/file\/d\/1SLGGyVSjH-9Z5Pkf6NUSShEac77-3uS0\/view?usp=sharing\">https:\/\/drive.google.com\/file\/d\/1SLGGyVSjH-9Z5Pkf6NUSShEac77-3uS0\/view?usp=sharing<\/a><\/strong><\/p>\n<p><strong>IMPORTANTE: Tendr\u00e1 lugar &nbsp;un <span style=\"color: #79193d\">\u00abSEMINARIO INFORMATIVO ERASMUS+ MOVILIDADES DE 90 D\u00cdAS\u201d <\/span>&nbsp;para alumnado o familiar interesado ( en caso de alumnado menor de edad) en solicitar esta beca.&nbsp;<\/strong><\/p>\n<div><strong>Fecha: 10\/10\/2023<\/strong><\/div>\n<div><strong>Horario: 17.00 horas<\/strong><\/div>\n<div>\n<p><strong><strong>Link de acceso a la inscripci\u00f3n previa: <a href=\"https:\/\/us02web.zoom.us\/webinar\/register\/WN_p3E16MLsQuCH3rySEnP9mA\">https:\/\/us02web.zoom.us\/webinar\/register\/WN_p3E16MLsQuCH3rySEnP9mA<\/a><\/strong><\/strong>&nbsp;<\/p>\n<p>&nbsp;<\/p>\n<\/div>\n","protected":false},"excerpt":{"rendered":"<p>Hasta el d\u00eda 20 de octubre, se encuentra abierto el plazo de presentaci\u00f3n de solicitudes de Becas Erasmus, con la posibilidad de visitar destinos en Italia, Bulgaria, Francia y Portugal.&nbsp; Unas becas de 90 d\u00edas de duraci\u00f3n que est\u00e1n dirigidas al alumnado de ciclos formativos de grado medio que deseen cursar la FCT en el extranjero o bien para reci\u00e9n titulados que quieran desarrollar una experiencia Erasmus.&nbsp; El formulario de solicitud junto a la carta de motivaci\u00f3n deben presentarse en la secretar\u00eda del centro. Os adjuntamos ambos documentos as\u00ed como las bases de la convocatoria. Bases movilidades:&nbsp;https:\/\/drive.google.com\/file\/d\/1OLxCxDB7iFAtkHEdW-aR_8HdD02kXflP\/view?usp=sharing Formulario de solicitud&#46;&#46;&#46;<\/p>\n","protected":false},"author":4835,"featured_media":2418,"comment_status":"closed","ping_status":"open","sticky":false,"template":"","format":"standard","meta":{"ngg_post_thumbnail":0,"footnotes":""},"categories":[5991,1705],"tags":[],"aioseo_notices":[],"_links":{"self":[{"href":"https:\/\/blogsaverroes.juntadeandalucia.es\/iessierrasur\/wp-json\/wp\/v2\/posts\/7171"}],"collection":[{"href":"https:\/\/blogsaverroes.juntadeandalucia.es\/iessierrasur\/wp-json\/wp\/v2\/posts"}],"about":[{"href":"https:\/\/blogsaverroes.juntadeandalucia.es\/iessierrasur\/wp-json\/wp\/v2\/types\/post"}],"author":[{"embeddable":true,"href":"https:\/\/blogsaverroes.juntadeandalucia.es\/iessierrasur\/wp-json\/wp\/v2\/users\/4835"}],"replies":[{"embeddable":true,"href":"https:\/\/blogsaverroes.juntadeandalucia.es\/iessierrasur\/wp-json\/wp\/v2\/comments?post=7171"}],"version-history":[{"count":3,"href":"https:\/\/blogsaverroes.juntadeandalucia.es\/iessierrasur\/wp-json\/wp\/v2\/posts\/7171\/revisions"}],"predecessor-version":[{"id":7174,"href":"https:\/\/blogsaverroes.juntadeandalucia.es\/iessierrasur\/wp-json\/wp\/v2\/posts\/7171\/revisions\/7174"}],"wp:featuredmedia":[{"embeddable":true,"href":"https:\/\/blogsaverroes.juntadeandalucia.es\/iessierrasur\/wp-json\/wp\/v2\/media\/2418"}],"wp:attachment":[{"href":"https:\/\/blogsaverroes.juntadeandalucia.es\/iessierrasur\/wp-json\/wp\/v2\/media?parent=7171"}],"wp:term":[{"taxonomy":"category","embeddable":true,"href":"https:\/\/blogsaverroes.juntadeandalucia.es\/iessierrasur\/wp-json\/wp\/v2\/categories?post=7171"},{"taxonomy":"post_tag","embeddable":true,"href":"https:\/\/blogsaverroes.juntadeandalucia.es\/iessierrasur\/wp-json\/wp\/v2\/tags?post=7171"}],"curies":[{"name":"wp","href":"https:\/\/api.w.org\/{rel}","templated":true}]}}