{"id":7290,"date":"2024-02-07T14:02:56","date_gmt":"2024-02-07T13:02:56","guid":{"rendered":"https:\/\/blogsaverroes.juntadeandalucia.es\/iessierrasur\/?p=7290"},"modified":"2024-02-07T14:03:22","modified_gmt":"2024-02-07T13:03:22","slug":"7290","status":"publish","type":"post","link":"https:\/\/blogsaverroes.juntadeandalucia.es\/iessierrasur\/2024\/02\/07\/7290\/","title":{"rendered":"ABIERTO PLAZO DE SOLICITUDES MOVILIDADES ERASMUS 15 D\u00cdAS PARA ALUMNADO DE 1\u00ba CFGM"},"content":{"rendered":"<p style=\"text-align: justify\"><strong>Hasta el d\u00eda 16 de febrero, se encuentra abierto el plazo de presentaci\u00f3n de solicitudes de Becas Erasmus de 15 d\u00edas de movilidad a Italia,&nbsp; dirigidas al alumnado de primero de ciclos formativos de grado medio.&nbsp;<\/strong><\/p>\n<p style=\"text-align: justify\"><strong>El formulario de solicitud deben presentarse en la secretar\u00eda del centro. Os adjuntamos ambos documentos as\u00ed como las bases de la convocatoria.<\/strong><\/p>\n<p style=\"text-align: justify\"><strong>Bases movilidades:&nbsp;<a href=\"https:\/\/drive.google.com\/file\/d\/1s2C4VL8Y1D_d8PFBSDJFFHUybreZLUDG\/view?usp=sharing\">https:\/\/drive.google.com\/file\/d\/1s2C4VL8Y1D_d8PFBSDJFFHUybreZLUDG\/view?usp=sharing<\/a><\/strong><\/p>\n<p style=\"text-align: justify\"><strong>Formulario de solicitud :&nbsp;<a href=\"https:\/\/drive.google.com\/file\/d\/1x2yS-zjdSIy0Uc7KCDJUPGk4gUUdNAZ8\/view?usp=sharing\">https:\/\/drive.google.com\/file\/d\/1x2yS-zjdSIy0Uc7KCDJUPGk4gUUdNAZ8\/view?usp=sharing<\/a><\/strong><\/p>\n<p>&nbsp;<\/p>\n<div>&nbsp;<\/div>\n","protected":false},"excerpt":{"rendered":"<p>Hasta el d\u00eda 16 de febrero, se encuentra abierto el plazo de presentaci\u00f3n de solicitudes de Becas Erasmus de 15 d\u00edas de movilidad a Italia,&nbsp; dirigidas al alumnado de primero de ciclos formativos de grado medio.&nbsp; El formulario de solicitud deben presentarse en la secretar\u00eda del centro. Os adjuntamos ambos documentos as\u00ed como las bases de la convocatoria. Bases movilidades:&nbsp;https:\/\/drive.google.com\/file\/d\/1s2C4VL8Y1D_d8PFBSDJFFHUybreZLUDG\/view?usp=sharing Formulario de solicitud :&nbsp;https:\/\/drive.google.com\/file\/d\/1x2yS-zjdSIy0Uc7KCDJUPGk4gUUdNAZ8\/view?usp=sharing &nbsp; &nbsp;<\/p>\n","protected":false},"author":4835,"featured_media":2418,"comment_status":"closed","ping_status":"open","sticky":false,"template":"","format":"standard","meta":{"ngg_post_thumbnail":0,"footnotes":""},"categories":[4441,1705],"tags":[],"aioseo_notices":[],"_links":{"self":[{"href":"https:\/\/blogsaverroes.juntadeandalucia.es\/iessierrasur\/wp-json\/wp\/v2\/posts\/7290"}],"collection":[{"href":"https:\/\/blogsaverroes.juntadeandalucia.es\/iessierrasur\/wp-json\/wp\/v2\/posts"}],"about":[{"href":"https:\/\/blogsaverroes.juntadeandalucia.es\/iessierrasur\/wp-json\/wp\/v2\/types\/post"}],"author":[{"embeddable":true,"href":"https:\/\/blogsaverroes.juntadeandalucia.es\/iessierrasur\/wp-json\/wp\/v2\/users\/4835"}],"replies":[{"embeddable":true,"href":"https:\/\/blogsaverroes.juntadeandalucia.es\/iessierrasur\/wp-json\/wp\/v2\/comments?post=7290"}],"version-history":[{"count":2,"href":"https:\/\/blogsaverroes.juntadeandalucia.es\/iessierrasur\/wp-json\/wp\/v2\/posts\/7290\/revisions"}],"predecessor-version":[{"id":7292,"href":"https:\/\/blogsaverroes.juntadeandalucia.es\/iessierrasur\/wp-json\/wp\/v2\/posts\/7290\/revisions\/7292"}],"wp:featuredmedia":[{"embeddable":true,"href":"https:\/\/blogsaverroes.juntadeandalucia.es\/iessierrasur\/wp-json\/wp\/v2\/media\/2418"}],"wp:attachment":[{"href":"https:\/\/blogsaverroes.juntadeandalucia.es\/iessierrasur\/wp-json\/wp\/v2\/media?parent=7290"}],"wp:term":[{"taxonomy":"category","embeddable":true,"href":"https:\/\/blogsaverroes.juntadeandalucia.es\/iessierrasur\/wp-json\/wp\/v2\/categories?post=7290"},{"taxonomy":"post_tag","embeddable":true,"href":"https:\/\/blogsaverroes.juntadeandalucia.es\/iessierrasur\/wp-json\/wp\/v2\/tags?post=7290"}],"curies":[{"name":"wp","href":"https:\/\/api.w.org\/{rel}","templated":true}]}}