{"id":3560,"date":"2022-05-27T10:08:31","date_gmt":"2022-05-27T10:08:31","guid":{"rendered":"https:\/\/blogsaverroes.juntadeandalucia.es\/iessilena\/?p=3560"},"modified":"2022-10-25T07:40:41","modified_gmt":"2022-10-25T07:40:41","slug":"excursiones-de-final-de-curso","status":"publish","type":"post","link":"https:\/\/blogsaverroes.juntadeandalucia.es\/iessilena\/2022\/05\/27\/excursiones-de-final-de-curso\/","title":{"rendered":"Excursiones de final de curso"},"content":{"rendered":"<p>El d\u00eda 25 de Mayo, los alumnos de 3\u00ba de ESO fueron de excursi\u00f3n a \u00abEl Caminito del Rey\u00bb.<\/p>\n<p>El Caminito del Rey es un senda a\u00e9rea construida en las paredes del Desfiladero de los Gaitanes. Es un camino adosado al citado desfiladero con una longitud de 3 kil\u00f3metros que cuenta con largos tramos y con una anchura de apenas 1 metro. Se inicia en el t\u00e9rmino municipal de Ardales, atraviesa el de Antequera, y concluye en El Chorro (\u00c1lora). Este camino est\u00e1 colgado en las paredes verticales del desfiladero y a una distancia media de 100 metros sobre el r\u00edo.<\/p>\n<table style=\"border-collapse: collapse;width: 100%\">\n<tbody>\n<tr>\n<td style=\"width: 33.3333%;text-align: center\"><a href=\"https:\/\/blogsaverroes.juntadeandalucia.es\/iessilena\/files\/2022\/05\/photo_2022-05-27_11-14-58.jpg\"><img loading=\"lazy\" decoding=\"async\" class=\"alignnone size-medium wp-image-3566\" src=\"https:\/\/blogsaverroes.juntadeandalucia.es\/iessilena\/files\/2022\/05\/photo_2022-05-27_11-14-58-300x225.jpg\" alt=\"\" width=\"300\" height=\"225\" srcset=\"https:\/\/blogsaverroes.juntadeandalucia.es\/iessilena\/files\/2022\/05\/photo_2022-05-27_11-14-58-300x225.jpg 300w, https:\/\/blogsaverroes.juntadeandalucia.es\/iessilena\/files\/2022\/05\/photo_2022-05-27_11-14-58-1024x768.jpg 1024w, https:\/\/blogsaverroes.juntadeandalucia.es\/iessilena\/files\/2022\/05\/photo_2022-05-27_11-14-58-768x576.jpg 768w, https:\/\/blogsaverroes.juntadeandalucia.es\/iessilena\/files\/2022\/05\/photo_2022-05-27_11-14-58.jpg 1280w\" sizes=\"(max-width: 300px) 100vw, 300px\" \/><\/a><\/td>\n<td style=\"width: 33.3333%;text-align: center\"><a href=\"https:\/\/blogsaverroes.juntadeandalucia.es\/iessilena\/files\/2022\/05\/photo_2022-05-27_11-15-05.jpg\"><img loading=\"lazy\" decoding=\"async\" class=\"alignnone size-medium wp-image-3565\" src=\"https:\/\/blogsaverroes.juntadeandalucia.es\/iessilena\/files\/2022\/05\/photo_2022-05-27_11-15-05-300x225.jpg\" alt=\"\" width=\"300\" height=\"225\" srcset=\"https:\/\/blogsaverroes.juntadeandalucia.es\/iessilena\/files\/2022\/05\/photo_2022-05-27_11-15-05-300x225.jpg 300w, https:\/\/blogsaverroes.juntadeandalucia.es\/iessilena\/files\/2022\/05\/photo_2022-05-27_11-15-05-1024x768.jpg 1024w, https:\/\/blogsaverroes.juntadeandalucia.es\/iessilena\/files\/2022\/05\/photo_2022-05-27_11-15-05-768x576.jpg 768w, https:\/\/blogsaverroes.juntadeandalucia.es\/iessilena\/files\/2022\/05\/photo_2022-05-27_11-15-05.jpg 1280w\" sizes=\"(max-width: 300px) 100vw, 300px\" \/><\/a><\/td>\n<td style=\"width: 33.3333%\"><a href=\"https:\/\/blogsaverroes.juntadeandalucia.es\/iessilena\/files\/2022\/05\/photo_2022-05-27_11-15-15.jpg\"><img loading=\"lazy\" decoding=\"async\" class=\"alignnone size-medium wp-image-3564\" src=\"https:\/\/blogsaverroes.juntadeandalucia.es\/iessilena\/files\/2022\/05\/photo_2022-05-27_11-15-15-300x225.jpg\" alt=\"\" width=\"300\" height=\"225\" srcset=\"https:\/\/blogsaverroes.juntadeandalucia.es\/iessilena\/files\/2022\/05\/photo_2022-05-27_11-15-15-300x225.jpg 300w, https:\/\/blogsaverroes.juntadeandalucia.es\/iessilena\/files\/2022\/05\/photo_2022-05-27_11-15-15-1024x768.jpg 1024w, https:\/\/blogsaverroes.juntadeandalucia.es\/iessilena\/files\/2022\/05\/photo_2022-05-27_11-15-15-768x576.jpg 768w, https:\/\/blogsaverroes.juntadeandalucia.es\/iessilena\/files\/2022\/05\/photo_2022-05-27_11-15-15.jpg 1280w\" sizes=\"(max-width: 300px) 100vw, 300px\" \/><\/a><\/td>\n<\/tr>\n<tr>\n<td style=\"width: 33.3333%;text-align: center\"><a href=\"https:\/\/blogsaverroes.juntadeandalucia.es\/iessilena\/files\/2022\/05\/photo_2022-05-27_11-15-20.jpg\"><img loading=\"lazy\" decoding=\"async\" class=\"alignnone size-medium wp-image-3563\" src=\"https:\/\/blogsaverroes.juntadeandalucia.es\/iessilena\/files\/2022\/05\/photo_2022-05-27_11-15-20-300x225.jpg\" alt=\"\" width=\"300\" height=\"225\" srcset=\"https:\/\/blogsaverroes.juntadeandalucia.es\/iessilena\/files\/2022\/05\/photo_2022-05-27_11-15-20-300x225.jpg 300w, https:\/\/blogsaverroes.juntadeandalucia.es\/iessilena\/files\/2022\/05\/photo_2022-05-27_11-15-20-1024x769.jpg 1024w, https:\/\/blogsaverroes.juntadeandalucia.es\/iessilena\/files\/2022\/05\/photo_2022-05-27_11-15-20-768x577.jpg 768w, https:\/\/blogsaverroes.juntadeandalucia.es\/iessilena\/files\/2022\/05\/photo_2022-05-27_11-15-20.jpg 1280w\" sizes=\"(max-width: 300px) 100vw, 300px\" \/><\/a><\/td>\n<td style=\"width: 33.3333%;text-align: center\"><a href=\"https:\/\/blogsaverroes.juntadeandalucia.es\/iessilena\/files\/2022\/05\/photo_2022-05-27_11-15-50.jpg\"><img loading=\"lazy\" decoding=\"async\" class=\"alignnone size-medium wp-image-3562\" src=\"https:\/\/blogsaverroes.juntadeandalucia.es\/iessilena\/files\/2022\/05\/photo_2022-05-27_11-15-50-300x225.jpg\" alt=\"\" width=\"300\" height=\"225\" srcset=\"https:\/\/blogsaverroes.juntadeandalucia.es\/iessilena\/files\/2022\/05\/photo_2022-05-27_11-15-50-300x225.jpg 300w, https:\/\/blogsaverroes.juntadeandalucia.es\/iessilena\/files\/2022\/05\/photo_2022-05-27_11-15-50-1024x769.jpg 1024w, https:\/\/blogsaverroes.juntadeandalucia.es\/iessilena\/files\/2022\/05\/photo_2022-05-27_11-15-50-768x577.jpg 768w, https:\/\/blogsaverroes.juntadeandalucia.es\/iessilena\/files\/2022\/05\/photo_2022-05-27_11-15-50.jpg 1280w\" sizes=\"(max-width: 300px) 100vw, 300px\" \/><\/a><\/td>\n<td style=\"width: 33.3333%;text-align: center\"><a href=\"https:\/\/blogsaverroes.juntadeandalucia.es\/iessilena\/files\/2022\/05\/photo_2022-05-27_11-16-15.jpg\"><img loading=\"lazy\" decoding=\"async\" class=\"alignnone size-medium wp-image-3561\" src=\"https:\/\/blogsaverroes.juntadeandalucia.es\/iessilena\/files\/2022\/05\/photo_2022-05-27_11-16-15-300x225.jpg\" alt=\"\" width=\"300\" height=\"225\" srcset=\"https:\/\/blogsaverroes.juntadeandalucia.es\/iessilena\/files\/2022\/05\/photo_2022-05-27_11-16-15-300x225.jpg 300w, https:\/\/blogsaverroes.juntadeandalucia.es\/iessilena\/files\/2022\/05\/photo_2022-05-27_11-16-15-1024x769.jpg 1024w, https:\/\/blogsaverroes.juntadeandalucia.es\/iessilena\/files\/2022\/05\/photo_2022-05-27_11-16-15-768x577.jpg 768w, https:\/\/blogsaverroes.juntadeandalucia.es\/iessilena\/files\/2022\/05\/photo_2022-05-27_11-16-15.jpg 1280w\" sizes=\"(max-width: 300px) 100vw, 300px\" \/><\/a><\/td>\n<\/tr>\n<tr>\n<td style=\"width: 33.3333%;text-align: center\"><a href=\"https:\/\/blogsaverroes.juntadeandalucia.es\/iessilena\/files\/2022\/05\/photo_2022-05-27_11-15-32.jpg\"><img loading=\"lazy\" decoding=\"async\" class=\"alignnone size-medium wp-image-3569\" src=\"https:\/\/blogsaverroes.juntadeandalucia.es\/iessilena\/files\/2022\/05\/photo_2022-05-27_11-15-32-225x300.jpg\" alt=\"\" width=\"225\" height=\"300\" srcset=\"https:\/\/blogsaverroes.juntadeandalucia.es\/iessilena\/files\/2022\/05\/photo_2022-05-27_11-15-32-225x300.jpg 225w, https:\/\/blogsaverroes.juntadeandalucia.es\/iessilena\/files\/2022\/05\/photo_2022-05-27_11-15-32-769x1024.jpg 769w, https:\/\/blogsaverroes.juntadeandalucia.es\/iessilena\/files\/2022\/05\/photo_2022-05-27_11-15-32-768x1023.jpg 768w, https:\/\/blogsaverroes.juntadeandalucia.es\/iessilena\/files\/2022\/05\/photo_2022-05-27_11-15-32.jpg 961w\" sizes=\"(max-width: 225px) 100vw, 225px\" \/><\/a><\/td>\n<td style=\"width: 33.3333%;text-align: center\"><a href=\"https:\/\/blogsaverroes.juntadeandalucia.es\/iessilena\/files\/2022\/05\/photo_2022-05-27_11-15-56.jpg\"><img loading=\"lazy\" decoding=\"async\" class=\"alignnone size-medium wp-image-3568\" src=\"https:\/\/blogsaverroes.juntadeandalucia.es\/iessilena\/files\/2022\/05\/photo_2022-05-27_11-15-56-225x300.jpg\" alt=\"\" width=\"225\" height=\"300\" srcset=\"https:\/\/blogsaverroes.juntadeandalucia.es\/iessilena\/files\/2022\/05\/photo_2022-05-27_11-15-56-225x300.jpg 225w, https:\/\/blogsaverroes.juntadeandalucia.es\/iessilena\/files\/2022\/05\/photo_2022-05-27_11-15-56-769x1024.jpg 769w, https:\/\/blogsaverroes.juntadeandalucia.es\/iessilena\/files\/2022\/05\/photo_2022-05-27_11-15-56-768x1023.jpg 768w, https:\/\/blogsaverroes.juntadeandalucia.es\/iessilena\/files\/2022\/05\/photo_2022-05-27_11-15-56.jpg 961w\" sizes=\"(max-width: 225px) 100vw, 225px\" \/><\/a><\/td>\n<td style=\"width: 33.3333%;text-align: center\"><a href=\"https:\/\/blogsaverroes.juntadeandalucia.es\/iessilena\/files\/2022\/05\/photo_2022-05-27_11-16-10.jpg\"><img loading=\"lazy\" decoding=\"async\" class=\"alignnone size-medium wp-image-3567\" src=\"https:\/\/blogsaverroes.juntadeandalucia.es\/iessilena\/files\/2022\/05\/photo_2022-05-27_11-16-10-225x300.jpg\" alt=\"\" width=\"225\" height=\"300\" srcset=\"https:\/\/blogsaverroes.juntadeandalucia.es\/iessilena\/files\/2022\/05\/photo_2022-05-27_11-16-10-225x300.jpg 225w, https:\/\/blogsaverroes.juntadeandalucia.es\/iessilena\/files\/2022\/05\/photo_2022-05-27_11-16-10-769x1024.jpg 769w, https:\/\/blogsaverroes.juntadeandalucia.es\/iessilena\/files\/2022\/05\/photo_2022-05-27_11-16-10-768x1023.jpg 768w, https:\/\/blogsaverroes.juntadeandalucia.es\/iessilena\/files\/2022\/05\/photo_2022-05-27_11-16-10.jpg 961w\" sizes=\"(max-width: 225px) 100vw, 225px\" \/><\/a><\/td>\n<\/tr>\n<\/tbody>\n<\/table>\n<p>&nbsp;<\/p>\n<p>Excursi\u00f3n \u00abDolmenes y Torcal de Antequera\u00bb. El pasado 31 de Mayo, los alumnos de 1\u00ba de E.S.O. fueron de excursi\u00f3n a la cercana Antequera para visitar sus famosos d\u00f3lmenes, monumentos megal\u00edticos situados en el paraje natural del Torcal de Antequera, que a su vez nos muestra uno de los paisajes k\u00e1rsticos m\u00e1s impresionantes de toda Europa.<\/p>\n<table style=\"border-collapse: collapse;width: 100%\">\n<tbody>\n<tr>\n<td style=\"width: 33.3333%;text-align: center\"><a href=\"https:\/\/blogsaverroes.juntadeandalucia.es\/iessilena\/files\/2022\/05\/photo_2022-06-01_10-41-13.jpg\"><img loading=\"lazy\" decoding=\"async\" class=\"alignnone size-medium wp-image-3572\" src=\"https:\/\/blogsaverroes.juntadeandalucia.es\/iessilena\/files\/2022\/05\/photo_2022-06-01_10-41-13-300x225.jpg\" alt=\"\" width=\"300\" height=\"225\" srcset=\"https:\/\/blogsaverroes.juntadeandalucia.es\/iessilena\/files\/2022\/05\/photo_2022-06-01_10-41-13-300x225.jpg 300w, https:\/\/blogsaverroes.juntadeandalucia.es\/iessilena\/files\/2022\/05\/photo_2022-06-01_10-41-13-768x576.jpg 768w, https:\/\/blogsaverroes.juntadeandalucia.es\/iessilena\/files\/2022\/05\/photo_2022-06-01_10-41-13.jpg 1024w\" sizes=\"(max-width: 300px) 100vw, 300px\" \/><\/a><\/td>\n<td style=\"width: 33.3333%\"><a href=\"https:\/\/blogsaverroes.juntadeandalucia.es\/iessilena\/files\/2022\/05\/photo_2022-06-01_10-41-03.jpg\"><img loading=\"lazy\" decoding=\"async\" class=\"alignnone size-medium wp-image-3574\" src=\"https:\/\/blogsaverroes.juntadeandalucia.es\/iessilena\/files\/2022\/05\/photo_2022-06-01_10-41-03-300x225.jpg\" alt=\"\" width=\"300\" height=\"225\" srcset=\"https:\/\/blogsaverroes.juntadeandalucia.es\/iessilena\/files\/2022\/05\/photo_2022-06-01_10-41-03-300x225.jpg 300w, https:\/\/blogsaverroes.juntadeandalucia.es\/iessilena\/files\/2022\/05\/photo_2022-06-01_10-41-03-1024x768.jpg 1024w, https:\/\/blogsaverroes.juntadeandalucia.es\/iessilena\/files\/2022\/05\/photo_2022-06-01_10-41-03-768x576.jpg 768w, https:\/\/blogsaverroes.juntadeandalucia.es\/iessilena\/files\/2022\/05\/photo_2022-06-01_10-41-03.jpg 1280w\" sizes=\"(max-width: 300px) 100vw, 300px\" \/><\/a><\/td>\n<td style=\"width: 33.3333%\"><a href=\"https:\/\/blogsaverroes.juntadeandalucia.es\/iessilena\/files\/2022\/05\/photo_2022-06-01_10-41-10.jpg\"><img loading=\"lazy\" decoding=\"async\" class=\"alignnone size-medium wp-image-3573\" src=\"https:\/\/blogsaverroes.juntadeandalucia.es\/iessilena\/files\/2022\/05\/photo_2022-06-01_10-41-10-300x225.jpg\" alt=\"\" width=\"300\" height=\"225\" srcset=\"https:\/\/blogsaverroes.juntadeandalucia.es\/iessilena\/files\/2022\/05\/photo_2022-06-01_10-41-10-300x225.jpg 300w, https:\/\/blogsaverroes.juntadeandalucia.es\/iessilena\/files\/2022\/05\/photo_2022-06-01_10-41-10-1024x768.jpg 1024w, https:\/\/blogsaverroes.juntadeandalucia.es\/iessilena\/files\/2022\/05\/photo_2022-06-01_10-41-10-768x576.jpg 768w, https:\/\/blogsaverroes.juntadeandalucia.es\/iessilena\/files\/2022\/05\/photo_2022-06-01_10-41-10.jpg 1280w\" sizes=\"(max-width: 300px) 100vw, 300px\" \/><\/a><\/td>\n<\/tr>\n<tr>\n<td style=\"width: 33.3333%\"><a href=\"https:\/\/blogsaverroes.juntadeandalucia.es\/iessilena\/files\/2022\/05\/photo_2022-06-01_10-40-50.jpg\"><img loading=\"lazy\" decoding=\"async\" class=\"alignnone size-medium wp-image-3575\" src=\"https:\/\/blogsaverroes.juntadeandalucia.es\/iessilena\/files\/2022\/05\/photo_2022-06-01_10-40-50-300x225.jpg\" alt=\"\" width=\"300\" height=\"225\" srcset=\"https:\/\/blogsaverroes.juntadeandalucia.es\/iessilena\/files\/2022\/05\/photo_2022-06-01_10-40-50-300x225.jpg 300w, https:\/\/blogsaverroes.juntadeandalucia.es\/iessilena\/files\/2022\/05\/photo_2022-06-01_10-40-50-1024x768.jpg 1024w, https:\/\/blogsaverroes.juntadeandalucia.es\/iessilena\/files\/2022\/05\/photo_2022-06-01_10-40-50-768x576.jpg 768w, https:\/\/blogsaverroes.juntadeandalucia.es\/iessilena\/files\/2022\/05\/photo_2022-06-01_10-40-50.jpg 1280w\" sizes=\"(max-width: 300px) 100vw, 300px\" \/><\/a><\/td>\n<td style=\"width: 33.3333%\"><a href=\"https:\/\/blogsaverroes.juntadeandalucia.es\/iessilena\/files\/2022\/05\/photo_2022-06-01_10-40-39.jpg\"><img loading=\"lazy\" decoding=\"async\" class=\"alignnone size-medium wp-image-3576\" src=\"https:\/\/blogsaverroes.juntadeandalucia.es\/iessilena\/files\/2022\/05\/photo_2022-06-01_10-40-39-300x225.jpg\" alt=\"\" width=\"300\" height=\"225\" srcset=\"https:\/\/blogsaverroes.juntadeandalucia.es\/iessilena\/files\/2022\/05\/photo_2022-06-01_10-40-39-300x225.jpg 300w, https:\/\/blogsaverroes.juntadeandalucia.es\/iessilena\/files\/2022\/05\/photo_2022-06-01_10-40-39-1024x769.jpg 1024w, https:\/\/blogsaverroes.juntadeandalucia.es\/iessilena\/files\/2022\/05\/photo_2022-06-01_10-40-39-768x577.jpg 768w, https:\/\/blogsaverroes.juntadeandalucia.es\/iessilena\/files\/2022\/05\/photo_2022-06-01_10-40-39.jpg 1280w\" sizes=\"(max-width: 300px) 100vw, 300px\" \/><\/a><\/td>\n<td style=\"width: 33.3333%\"><a href=\"https:\/\/blogsaverroes.juntadeandalucia.es\/iessilena\/files\/2022\/05\/photo_2022-06-01_10-38-41.jpg\"><img loading=\"lazy\" decoding=\"async\" class=\"alignnone size-medium wp-image-3577\" src=\"https:\/\/blogsaverroes.juntadeandalucia.es\/iessilena\/files\/2022\/05\/photo_2022-06-01_10-38-41-300x225.jpg\" alt=\"\" width=\"300\" height=\"225\" srcset=\"https:\/\/blogsaverroes.juntadeandalucia.es\/iessilena\/files\/2022\/05\/photo_2022-06-01_10-38-41-300x225.jpg 300w, https:\/\/blogsaverroes.juntadeandalucia.es\/iessilena\/files\/2022\/05\/photo_2022-06-01_10-38-41-1024x769.jpg 1024w, https:\/\/blogsaverroes.juntadeandalucia.es\/iessilena\/files\/2022\/05\/photo_2022-06-01_10-38-41-768x577.jpg 768w, https:\/\/blogsaverroes.juntadeandalucia.es\/iessilena\/files\/2022\/05\/photo_2022-06-01_10-38-41.jpg 1280w\" sizes=\"(max-width: 300px) 100vw, 300px\" \/><\/a><\/td>\n<\/tr>\n<tr>\n<td style=\"width: 33.3333%;text-align: center\"><a href=\"https:\/\/blogsaverroes.juntadeandalucia.es\/iessilena\/files\/2022\/05\/photo_2022-06-01_10-41-00.jpg\"><img loading=\"lazy\" decoding=\"async\" class=\"alignnone size-medium wp-image-3578\" src=\"https:\/\/blogsaverroes.juntadeandalucia.es\/iessilena\/files\/2022\/05\/photo_2022-06-01_10-41-00-225x300.jpg\" alt=\"\" width=\"225\" height=\"300\" srcset=\"https:\/\/blogsaverroes.juntadeandalucia.es\/iessilena\/files\/2022\/05\/photo_2022-06-01_10-41-00-225x300.jpg 225w, https:\/\/blogsaverroes.juntadeandalucia.es\/iessilena\/files\/2022\/05\/photo_2022-06-01_10-41-00-768x1024.jpg 768w, https:\/\/blogsaverroes.juntadeandalucia.es\/iessilena\/files\/2022\/05\/photo_2022-06-01_10-41-00.jpg 960w\" sizes=\"(max-width: 225px) 100vw, 225px\" \/><\/a><\/td>\n<td style=\"width: 33.3333%;text-align: center\"><a href=\"https:\/\/blogsaverroes.juntadeandalucia.es\/iessilena\/files\/2022\/05\/photo_2022-06-01_10-40-48.jpg\"><img loading=\"lazy\" decoding=\"async\" class=\"alignnone size-medium wp-image-3579\" src=\"https:\/\/blogsaverroes.juntadeandalucia.es\/iessilena\/files\/2022\/05\/photo_2022-06-01_10-40-48-225x300.jpg\" alt=\"\" width=\"225\" height=\"300\" srcset=\"https:\/\/blogsaverroes.juntadeandalucia.es\/iessilena\/files\/2022\/05\/photo_2022-06-01_10-40-48-225x300.jpg 225w, https:\/\/blogsaverroes.juntadeandalucia.es\/iessilena\/files\/2022\/05\/photo_2022-06-01_10-40-48-768x1024.jpg 768w, https:\/\/blogsaverroes.juntadeandalucia.es\/iessilena\/files\/2022\/05\/photo_2022-06-01_10-40-48.jpg 960w\" sizes=\"(max-width: 225px) 100vw, 225px\" \/><\/a><\/td>\n<td style=\"width: 33.3333%;text-align: center\"><a href=\"https:\/\/blogsaverroes.juntadeandalucia.es\/iessilena\/files\/2022\/05\/photo_2022-06-01_10-40-43.jpg\"><img loading=\"lazy\" decoding=\"async\" class=\"alignnone size-medium wp-image-3580\" src=\"https:\/\/blogsaverroes.juntadeandalucia.es\/iessilena\/files\/2022\/05\/photo_2022-06-01_10-40-43-225x300.jpg\" alt=\"\" width=\"225\" height=\"300\" srcset=\"https:\/\/blogsaverroes.juntadeandalucia.es\/iessilena\/files\/2022\/05\/photo_2022-06-01_10-40-43-225x300.jpg 225w, https:\/\/blogsaverroes.juntadeandalucia.es\/iessilena\/files\/2022\/05\/photo_2022-06-01_10-40-43-769x1024.jpg 769w, https:\/\/blogsaverroes.juntadeandalucia.es\/iessilena\/files\/2022\/05\/photo_2022-06-01_10-40-43-768x1023.jpg 768w, https:\/\/blogsaverroes.juntadeandalucia.es\/iessilena\/files\/2022\/05\/photo_2022-06-01_10-40-43.jpg 961w\" sizes=\"(max-width: 225px) 100vw, 225px\" \/><\/a><\/td>\n<\/tr>\n<\/tbody>\n<\/table>\n<p>&nbsp;<\/p>\n<p>El d\u00eda 9 de junio le toc\u00f3 el turno a los alumnos de 2\u00ba de ESO. Visitaron el Parque Natural de la Sierra de Hornachuelos en la provincia de C\u00f3rdoba. A pesar del sofocante calor, disfrutaron del parque multiaventura a orillas del r\u00edo B\u00e9mbezar, con diversas actividades como tirolinas, roc\u00f3dromo, canoas, etc. Por lo que se ve, lo pasaron de maravilla:<\/p>\n<table style=\"border-collapse: collapse;width: 100%\">\n<tbody>\n<tr>\n<td style=\"width: 33.3333%\"><a href=\"https:\/\/blogsaverroes.juntadeandalucia.es\/iessilena\/files\/2022\/05\/photo_2022-06-10_08-50-47.jpg\"><img loading=\"lazy\" decoding=\"async\" class=\"alignnone size-medium wp-image-3584\" src=\"https:\/\/blogsaverroes.juntadeandalucia.es\/iessilena\/files\/2022\/05\/photo_2022-06-10_08-50-47-300x225.jpg\" alt=\"\" width=\"300\" height=\"225\" srcset=\"https:\/\/blogsaverroes.juntadeandalucia.es\/iessilena\/files\/2022\/05\/photo_2022-06-10_08-50-47-300x225.jpg 300w, https:\/\/blogsaverroes.juntadeandalucia.es\/iessilena\/files\/2022\/05\/photo_2022-06-10_08-50-47-1024x768.jpg 1024w, https:\/\/blogsaverroes.juntadeandalucia.es\/iessilena\/files\/2022\/05\/photo_2022-06-10_08-50-47-768x576.jpg 768w, https:\/\/blogsaverroes.juntadeandalucia.es\/iessilena\/files\/2022\/05\/photo_2022-06-10_08-50-47.jpg 1280w\" sizes=\"(max-width: 300px) 100vw, 300px\" \/><\/a><\/td>\n<td style=\"width: 33.3333%\"><a href=\"https:\/\/blogsaverroes.juntadeandalucia.es\/iessilena\/files\/2022\/05\/photo_2022-06-10_08-50-42.jpg\"><img loading=\"lazy\" decoding=\"async\" class=\"alignnone size-medium wp-image-3585\" src=\"https:\/\/blogsaverroes.juntadeandalucia.es\/iessilena\/files\/2022\/05\/photo_2022-06-10_08-50-42-300x225.jpg\" alt=\"\" width=\"300\" height=\"225\" srcset=\"https:\/\/blogsaverroes.juntadeandalucia.es\/iessilena\/files\/2022\/05\/photo_2022-06-10_08-50-42-300x225.jpg 300w, https:\/\/blogsaverroes.juntadeandalucia.es\/iessilena\/files\/2022\/05\/photo_2022-06-10_08-50-42-1024x768.jpg 1024w, https:\/\/blogsaverroes.juntadeandalucia.es\/iessilena\/files\/2022\/05\/photo_2022-06-10_08-50-42-768x576.jpg 768w, https:\/\/blogsaverroes.juntadeandalucia.es\/iessilena\/files\/2022\/05\/photo_2022-06-10_08-50-42.jpg 1280w\" sizes=\"(max-width: 300px) 100vw, 300px\" \/><\/a><\/td>\n<td style=\"width: 33.3333%\"><a href=\"https:\/\/blogsaverroes.juntadeandalucia.es\/iessilena\/files\/2022\/05\/photo_2022-06-10_08-50-58.jpg\"><img loading=\"lazy\" decoding=\"async\" class=\"alignnone size-medium wp-image-3583\" src=\"https:\/\/blogsaverroes.juntadeandalucia.es\/iessilena\/files\/2022\/05\/photo_2022-06-10_08-50-58-300x225.jpg\" alt=\"\" width=\"300\" height=\"225\" srcset=\"https:\/\/blogsaverroes.juntadeandalucia.es\/iessilena\/files\/2022\/05\/photo_2022-06-10_08-50-58-300x225.jpg 300w, https:\/\/blogsaverroes.juntadeandalucia.es\/iessilena\/files\/2022\/05\/photo_2022-06-10_08-50-58-1024x768.jpg 1024w, https:\/\/blogsaverroes.juntadeandalucia.es\/iessilena\/files\/2022\/05\/photo_2022-06-10_08-50-58-768x576.jpg 768w, https:\/\/blogsaverroes.juntadeandalucia.es\/iessilena\/files\/2022\/05\/photo_2022-06-10_08-50-58.jpg 1280w\" sizes=\"(max-width: 300px) 100vw, 300px\" \/><\/a><\/td>\n<\/tr>\n<tr>\n<td style=\"width: 33.3333%;text-align: center\"><a href=\"https:\/\/blogsaverroes.juntadeandalucia.es\/iessilena\/files\/2022\/05\/photo_2022-06-10_08-51-12.jpg\"><img loading=\"lazy\" decoding=\"async\" class=\"alignnone size-medium wp-image-3588\" src=\"https:\/\/blogsaverroes.juntadeandalucia.es\/iessilena\/files\/2022\/05\/photo_2022-06-10_08-51-12-225x300.jpg\" alt=\"\" width=\"225\" height=\"300\" srcset=\"https:\/\/blogsaverroes.juntadeandalucia.es\/iessilena\/files\/2022\/05\/photo_2022-06-10_08-51-12-225x300.jpg 225w, https:\/\/blogsaverroes.juntadeandalucia.es\/iessilena\/files\/2022\/05\/photo_2022-06-10_08-51-12-768x1024.jpg 768w, https:\/\/blogsaverroes.juntadeandalucia.es\/iessilena\/files\/2022\/05\/photo_2022-06-10_08-51-12.jpg 960w\" sizes=\"(max-width: 225px) 100vw, 225px\" \/><\/a><\/td>\n<td style=\"width: 33.3333%;text-align: center\"><a href=\"https:\/\/blogsaverroes.juntadeandalucia.es\/iessilena\/files\/2022\/05\/photo_2022-06-10_09-02-15.jpg\"><img loading=\"lazy\" decoding=\"async\" class=\"alignnone size-medium wp-image-3586\" src=\"https:\/\/blogsaverroes.juntadeandalucia.es\/iessilena\/files\/2022\/05\/photo_2022-06-10_09-02-15-225x300.jpg\" alt=\"\" width=\"225\" height=\"300\" srcset=\"https:\/\/blogsaverroes.juntadeandalucia.es\/iessilena\/files\/2022\/05\/photo_2022-06-10_09-02-15-225x300.jpg 225w, https:\/\/blogsaverroes.juntadeandalucia.es\/iessilena\/files\/2022\/05\/photo_2022-06-10_09-02-15-768x1024.jpg 768w, https:\/\/blogsaverroes.juntadeandalucia.es\/iessilena\/files\/2022\/05\/photo_2022-06-10_09-02-15.jpg 960w\" sizes=\"(max-width: 225px) 100vw, 225px\" \/><\/a><\/td>\n<td style=\"width: 33.3333%;text-align: center\"><a href=\"https:\/\/blogsaverroes.juntadeandalucia.es\/iessilena\/files\/2022\/05\/photo_2022-06-10_08-51-18.jpg\"><img loading=\"lazy\" decoding=\"async\" class=\"alignnone size-medium wp-image-3587\" src=\"https:\/\/blogsaverroes.juntadeandalucia.es\/iessilena\/files\/2022\/05\/photo_2022-06-10_08-51-18-225x300.jpg\" alt=\"\" width=\"225\" height=\"300\" srcset=\"https:\/\/blogsaverroes.juntadeandalucia.es\/iessilena\/files\/2022\/05\/photo_2022-06-10_08-51-18-225x300.jpg 225w, https:\/\/blogsaverroes.juntadeandalucia.es\/iessilena\/files\/2022\/05\/photo_2022-06-10_08-51-18-768x1024.jpg 768w, https:\/\/blogsaverroes.juntadeandalucia.es\/iessilena\/files\/2022\/05\/photo_2022-06-10_08-51-18.jpg 960w\" sizes=\"(max-width: 225px) 100vw, 225px\" \/><\/a><\/td>\n<\/tr>\n<tr>\n<td style=\"width: 33.3333%\"><a href=\"https:\/\/blogsaverroes.juntadeandalucia.es\/iessilena\/files\/2022\/05\/photo_2022-06-10_09-01-32.jpg\"><img loading=\"lazy\" decoding=\"async\" class=\"alignnone size-medium wp-image-3592\" src=\"https:\/\/blogsaverroes.juntadeandalucia.es\/iessilena\/files\/2022\/05\/photo_2022-06-10_09-01-32-300x225.jpg\" alt=\"\" width=\"300\" height=\"225\" srcset=\"https:\/\/blogsaverroes.juntadeandalucia.es\/iessilena\/files\/2022\/05\/photo_2022-06-10_09-01-32-300x225.jpg 300w, https:\/\/blogsaverroes.juntadeandalucia.es\/iessilena\/files\/2022\/05\/photo_2022-06-10_09-01-32-1024x769.jpg 1024w, https:\/\/blogsaverroes.juntadeandalucia.es\/iessilena\/files\/2022\/05\/photo_2022-06-10_09-01-32-768x577.jpg 768w, https:\/\/blogsaverroes.juntadeandalucia.es\/iessilena\/files\/2022\/05\/photo_2022-06-10_09-01-32.jpg 1280w\" sizes=\"(max-width: 300px) 100vw, 300px\" \/><\/a><\/td>\n<td style=\"width: 33.3333%\"><a href=\"https:\/\/blogsaverroes.juntadeandalucia.es\/iessilena\/files\/2022\/05\/photo_2022-06-10_09-02-16.jpg\"><img loading=\"lazy\" decoding=\"async\" class=\"alignnone size-medium wp-image-3590\" src=\"https:\/\/blogsaverroes.juntadeandalucia.es\/iessilena\/files\/2022\/05\/photo_2022-06-10_09-02-16-300x225.jpg\" alt=\"\" width=\"300\" height=\"225\" srcset=\"https:\/\/blogsaverroes.juntadeandalucia.es\/iessilena\/files\/2022\/05\/photo_2022-06-10_09-02-16-300x225.jpg 300w, https:\/\/blogsaverroes.juntadeandalucia.es\/iessilena\/files\/2022\/05\/photo_2022-06-10_09-02-16-1024x768.jpg 1024w, https:\/\/blogsaverroes.juntadeandalucia.es\/iessilena\/files\/2022\/05\/photo_2022-06-10_09-02-16-768x576.jpg 768w, https:\/\/blogsaverroes.juntadeandalucia.es\/iessilena\/files\/2022\/05\/photo_2022-06-10_09-02-16.jpg 1280w\" sizes=\"(max-width: 300px) 100vw, 300px\" \/><\/a><\/td>\n<td style=\"width: 33.3333%\"><a href=\"https:\/\/blogsaverroes.juntadeandalucia.es\/iessilena\/files\/2022\/05\/photo_2022-06-10_09-02-00.jpg\"><img loading=\"lazy\" decoding=\"async\" class=\"alignnone size-medium wp-image-3591\" src=\"https:\/\/blogsaverroes.juntadeandalucia.es\/iessilena\/files\/2022\/05\/photo_2022-06-10_09-02-00-300x225.jpg\" alt=\"\" width=\"300\" height=\"225\" srcset=\"https:\/\/blogsaverroes.juntadeandalucia.es\/iessilena\/files\/2022\/05\/photo_2022-06-10_09-02-00-300x225.jpg 300w, https:\/\/blogsaverroes.juntadeandalucia.es\/iessilena\/files\/2022\/05\/photo_2022-06-10_09-02-00-1024x769.jpg 1024w, https:\/\/blogsaverroes.juntadeandalucia.es\/iessilena\/files\/2022\/05\/photo_2022-06-10_09-02-00-768x577.jpg 768w, https:\/\/blogsaverroes.juntadeandalucia.es\/iessilena\/files\/2022\/05\/photo_2022-06-10_09-02-00.jpg 1280w\" sizes=\"(max-width: 300px) 100vw, 300px\" \/><\/a><\/td>\n<\/tr>\n<\/tbody>\n<\/table>\n<p>&nbsp;<\/p>\n<p>El pasado 14 de Junio, los alumnos de 3\u00ba viajaron a M\u00e1laga al museo Picasso. No solo pudieron observar las obras de un artista de la talla de Picasso, sino que adem\u00e1s realizaron un taller de grabados. Mientras un grupo iba al museo, otro grupo disfrutaba de una aventura en una multisala de Escape Room. Y luego al rev\u00e9s. \u00a1Para repetir!<\/p>\n<table style=\"border-collapse: collapse;width: 100%\">\n<tbody>\n<tr>\n<td style=\"width: 33.3333%\"><a href=\"https:\/\/blogsaverroes.juntadeandalucia.es\/iessilena\/files\/2022\/05\/photo_2022-06-16_11-33-59.jpg\"><img loading=\"lazy\" decoding=\"async\" class=\"alignnone size-medium wp-image-3609\" src=\"https:\/\/blogsaverroes.juntadeandalucia.es\/iessilena\/files\/2022\/05\/photo_2022-06-16_11-33-59-300x135.jpg\" alt=\"\" width=\"300\" height=\"135\" srcset=\"https:\/\/blogsaverroes.juntadeandalucia.es\/iessilena\/files\/2022\/05\/photo_2022-06-16_11-33-59-300x135.jpg 300w, https:\/\/blogsaverroes.juntadeandalucia.es\/iessilena\/files\/2022\/05\/photo_2022-06-16_11-33-59-1024x461.jpg 1024w, https:\/\/blogsaverroes.juntadeandalucia.es\/iessilena\/files\/2022\/05\/photo_2022-06-16_11-33-59-768x346.jpg 768w, https:\/\/blogsaverroes.juntadeandalucia.es\/iessilena\/files\/2022\/05\/photo_2022-06-16_11-33-59.jpg 1280w\" sizes=\"(max-width: 300px) 100vw, 300px\" \/><\/a><\/td>\n<td style=\"width: 33.3333%\"><a href=\"https:\/\/blogsaverroes.juntadeandalucia.es\/iessilena\/files\/2022\/05\/photo_2022-06-16_11-34-06.jpg\"><img loading=\"lazy\" decoding=\"async\" class=\"alignnone size-medium wp-image-3608\" src=\"https:\/\/blogsaverroes.juntadeandalucia.es\/iessilena\/files\/2022\/05\/photo_2022-06-16_11-34-06-300x135.jpg\" alt=\"\" width=\"300\" height=\"135\" srcset=\"https:\/\/blogsaverroes.juntadeandalucia.es\/iessilena\/files\/2022\/05\/photo_2022-06-16_11-34-06-300x135.jpg 300w, https:\/\/blogsaverroes.juntadeandalucia.es\/iessilena\/files\/2022\/05\/photo_2022-06-16_11-34-06-1024x461.jpg 1024w, https:\/\/blogsaverroes.juntadeandalucia.es\/iessilena\/files\/2022\/05\/photo_2022-06-16_11-34-06-768x346.jpg 768w, https:\/\/blogsaverroes.juntadeandalucia.es\/iessilena\/files\/2022\/05\/photo_2022-06-16_11-34-06.jpg 1280w\" sizes=\"(max-width: 300px) 100vw, 300px\" \/><\/a><\/td>\n<td style=\"width: 33.3333%\"><a href=\"https:\/\/blogsaverroes.juntadeandalucia.es\/iessilena\/files\/2022\/05\/photo_2022-06-16_11-34-22.jpg\"><img loading=\"lazy\" decoding=\"async\" class=\"alignnone size-medium wp-image-3612\" src=\"https:\/\/blogsaverroes.juntadeandalucia.es\/iessilena\/files\/2022\/05\/photo_2022-06-16_11-34-22-300x135.jpg\" alt=\"\" width=\"300\" height=\"135\" srcset=\"https:\/\/blogsaverroes.juntadeandalucia.es\/iessilena\/files\/2022\/05\/photo_2022-06-16_11-34-22-300x135.jpg 300w, https:\/\/blogsaverroes.juntadeandalucia.es\/iessilena\/files\/2022\/05\/photo_2022-06-16_11-34-22-1024x461.jpg 1024w, https:\/\/blogsaverroes.juntadeandalucia.es\/iessilena\/files\/2022\/05\/photo_2022-06-16_11-34-22-768x346.jpg 768w, https:\/\/blogsaverroes.juntadeandalucia.es\/iessilena\/files\/2022\/05\/photo_2022-06-16_11-34-22.jpg 1280w\" sizes=\"(max-width: 300px) 100vw, 300px\" \/><\/a><\/td>\n<\/tr>\n<tr>\n<td style=\"width: 33.3333%\"><a href=\"https:\/\/blogsaverroes.juntadeandalucia.es\/iessilena\/files\/2022\/05\/photo_2022-06-16_11-35-20.jpg\"><img loading=\"lazy\" decoding=\"async\" class=\"alignnone size-medium wp-image-3607\" src=\"https:\/\/blogsaverroes.juntadeandalucia.es\/iessilena\/files\/2022\/05\/photo_2022-06-16_11-35-20-300x225.jpg\" alt=\"\" width=\"300\" height=\"225\" srcset=\"https:\/\/blogsaverroes.juntadeandalucia.es\/iessilena\/files\/2022\/05\/photo_2022-06-16_11-35-20-300x225.jpg 300w, https:\/\/blogsaverroes.juntadeandalucia.es\/iessilena\/files\/2022\/05\/photo_2022-06-16_11-35-20-1024x768.jpg 1024w, https:\/\/blogsaverroes.juntadeandalucia.es\/iessilena\/files\/2022\/05\/photo_2022-06-16_11-35-20-768x576.jpg 768w, https:\/\/blogsaverroes.juntadeandalucia.es\/iessilena\/files\/2022\/05\/photo_2022-06-16_11-35-20.jpg 1280w\" sizes=\"(max-width: 300px) 100vw, 300px\" \/><\/a><\/td>\n<td style=\"width: 33.3333%\"><a href=\"https:\/\/blogsaverroes.juntadeandalucia.es\/iessilena\/files\/2022\/05\/photo_2022-06-16_11-35-37.jpg\"><img loading=\"lazy\" decoding=\"async\" class=\"alignnone size-medium wp-image-3611\" src=\"https:\/\/blogsaverroes.juntadeandalucia.es\/iessilena\/files\/2022\/05\/photo_2022-06-16_11-35-37-300x225.jpg\" alt=\"\" width=\"300\" height=\"225\" srcset=\"https:\/\/blogsaverroes.juntadeandalucia.es\/iessilena\/files\/2022\/05\/photo_2022-06-16_11-35-37-300x225.jpg 300w, https:\/\/blogsaverroes.juntadeandalucia.es\/iessilena\/files\/2022\/05\/photo_2022-06-16_11-35-37-1024x768.jpg 1024w, https:\/\/blogsaverroes.juntadeandalucia.es\/iessilena\/files\/2022\/05\/photo_2022-06-16_11-35-37-768x576.jpg 768w, https:\/\/blogsaverroes.juntadeandalucia.es\/iessilena\/files\/2022\/05\/photo_2022-06-16_11-35-37.jpg 1280w\" sizes=\"(max-width: 300px) 100vw, 300px\" \/><\/a><\/td>\n<td style=\"width: 33.3333%\"><a href=\"https:\/\/blogsaverroes.juntadeandalucia.es\/iessilena\/files\/2022\/05\/photo_2022-06-16_11-33-55.jpg\"><img loading=\"lazy\" decoding=\"async\" class=\"alignnone size-medium wp-image-3613\" src=\"https:\/\/blogsaverroes.juntadeandalucia.es\/iessilena\/files\/2022\/05\/photo_2022-06-16_11-33-55-300x225.jpg\" alt=\"\" width=\"300\" height=\"225\" srcset=\"https:\/\/blogsaverroes.juntadeandalucia.es\/iessilena\/files\/2022\/05\/photo_2022-06-16_11-33-55-300x225.jpg 300w, https:\/\/blogsaverroes.juntadeandalucia.es\/iessilena\/files\/2022\/05\/photo_2022-06-16_11-33-55-1024x768.jpg 1024w, https:\/\/blogsaverroes.juntadeandalucia.es\/iessilena\/files\/2022\/05\/photo_2022-06-16_11-33-55-768x576.jpg 768w, https:\/\/blogsaverroes.juntadeandalucia.es\/iessilena\/files\/2022\/05\/photo_2022-06-16_11-33-55.jpg 1280w\" sizes=\"(max-width: 300px) 100vw, 300px\" \/><\/a><\/td>\n<\/tr>\n<\/tbody>\n<\/table>\n","protected":false},"excerpt":{"rendered":"<p>El d\u00eda 25 de Mayo, los alumnos de 3\u00ba de ESO fueron de excursi\u00f3n a \u00abEl Caminito del Rey\u00bb. El Caminito del Rey es un senda a\u00e9rea construida en las&#46;&#46;&#46;<\/p>\n","protected":false},"author":4892,"featured_media":0,"comment_status":"open","ping_status":"open","sticky":false,"template":"","format":"standard","meta":{"ngg_post_thumbnail":0,"footnotes":""},"categories":[307420],"tags":[],"aioseo_notices":[],"_links":{"self":[{"href":"https:\/\/blogsaverroes.juntadeandalucia.es\/iessilena\/wp-json\/wp\/v2\/posts\/3560"}],"collection":[{"href":"https:\/\/blogsaverroes.juntadeandalucia.es\/iessilena\/wp-json\/wp\/v2\/posts"}],"about":[{"href":"https:\/\/blogsaverroes.juntadeandalucia.es\/iessilena\/wp-json\/wp\/v2\/types\/post"}],"author":[{"embeddable":true,"href":"https:\/\/blogsaverroes.juntadeandalucia.es\/iessilena\/wp-json\/wp\/v2\/users\/4892"}],"replies":[{"embeddable":true,"href":"https:\/\/blogsaverroes.juntadeandalucia.es\/iessilena\/wp-json\/wp\/v2\/comments?post=3560"}],"version-history":[{"count":9,"href":"https:\/\/blogsaverroes.juntadeandalucia.es\/iessilena\/wp-json\/wp\/v2\/posts\/3560\/revisions"}],"predecessor-version":[{"id":3614,"href":"https:\/\/blogsaverroes.juntadeandalucia.es\/iessilena\/wp-json\/wp\/v2\/posts\/3560\/revisions\/3614"}],"wp:attachment":[{"href":"https:\/\/blogsaverroes.juntadeandalucia.es\/iessilena\/wp-json\/wp\/v2\/media?parent=3560"}],"wp:term":[{"taxonomy":"category","embeddable":true,"href":"https:\/\/blogsaverroes.juntadeandalucia.es\/iessilena\/wp-json\/wp\/v2\/categories?post=3560"},{"taxonomy":"post_tag","embeddable":true,"href":"https:\/\/blogsaverroes.juntadeandalucia.es\/iessilena\/wp-json\/wp\/v2\/tags?post=3560"}],"curies":[{"name":"wp","href":"https:\/\/api.w.org\/{rel}","templated":true}]}}