{"id":5212,"date":"2024-04-17T18:58:27","date_gmt":"2024-04-17T18:58:27","guid":{"rendered":"https:\/\/blogsaverroes.juntadeandalucia.es\/iessilena\/?p=5212"},"modified":"2024-04-17T18:58:27","modified_gmt":"2024-04-17T18:58:27","slug":"excursion-a-malaga","status":"publish","type":"post","link":"https:\/\/blogsaverroes.juntadeandalucia.es\/iessilena\/2024\/04\/17\/excursion-a-malaga\/","title":{"rendered":"Excursi\u00f3n a M\u00e1laga"},"content":{"rendered":"<div class=\"xdj266r x11i5rnm xat24cr x1mh8g0r x1vvkbs x126k92a\">\n<div dir=\"auto\" style=\"text-align: justify\">Nuestro alumnado de 4\u00ba E.S.O de la materia de Lat\u00edn se fue de excursi\u00f3n el d\u00eda de ayer a M\u00e1laga junto a los compa\u00f1eros de 4\u00ba de ESO y 1\u00ba\/ 2\u00ba de Bachilerato del <a class=\"x1i10hfl xjbqb8w x1ejq31n xd10rxx x1sy0etr x17r0tee x972fbf xcfux6l x1qhh985 xm0m39n x9f619 x1ypdohk xt0psk2 xe8uvvx xdj266r x11i5rnm xat24cr x1mh8g0r xexx8yu x4uap5 x18d9i69 xkhd6sd x16tdsg8 x1hl2dhg xggy1nq x1a2a7pz xt0b8zv x1fey0fg xo1l8bm\" role=\"link\" href=\"https:\/\/www.facebook.com\/iesostippo?__cft__[0]=AZX3rc6ecPYoEgd7Ph2XLQdHj3zRgSu70ORUhA--rjlq7IluNAp1NXmivpsK6Rk3RpNhN5B3j6Pgyv1sjsrOQg78eUtLXrJQJoqnILdJrtVM_iWZ_tk7d6hq5HNGTMYDvOPDUhHq-QQh9vLWxI-lAw0eIv8GpwxMQQ-C4Xi8hOFiUA&amp;__tn__=-]K-R\"><span class=\"xt0psk2\">IES Ostippo<\/span><\/a>.<\/div>\n<div dir=\"auto\"><\/div>\n<\/div>\n<div class=\"x11i5rnm xat24cr x1mh8g0r x1vvkbs xtlvy1s x126k92a\" style=\"text-align: justify\">\n<div dir=\"auto\">Tuvimos la oportunidad de visitar el Museo de la Aduana donde recorrimos la planta primera del edificio dedicada al arte pict\u00f3rico y donde nuestro compa\u00f1ero Antonio Avelino nos explic\u00f3 todos los cuadros de tema mitol\u00f3gico. Adem\u00e1s, visitamos la segunda planta dedicada a los descubrimientos arqueol\u00f3gicos hallados en la ciudad de M\u00e1laga y en otras localidades cercanas como C\u00e1rtama. A continuaci\u00f3n, visitamos el anfiteatro romano situado a las espaldas del Museo de la Aduana y que fue descubierto en 1951 ya que se encontraba semioculto por el edificio de la llamada Casa de la Cultura. Hoy d\u00eda, esta majestuosa construcci\u00f3n ubicada a los pies de la Alcazaba puede ser visitada.<\/div>\n<div dir=\"auto\"><\/div>\n<\/div>\n<div class=\"x11i5rnm xat24cr x1mh8g0r x1vvkbs xtlvy1s x126k92a\" style=\"text-align: justify\">\n<div dir=\"auto\">Tras realizar una pausa de un par de horas para reponer fuerzas, asistimos a la representaci\u00f3n teatral de la comedia de Arist\u00f3fanes Las Tesmoforias. Esta divertid\u00edsima obra con la que tanto disfrut\u00f3 nuestro alumnado ha sido le\u00edda previamente en clase. Y como no pod\u00eda ser de otra forma, durante el viaje de vuelta tuvo lugar el concurso de preguntas y respuestas para comprobar el nivel de conocimientos de nuestro alumnado.<\/div>\n<div dir=\"auto\"><\/div>\n<\/div>\n<div class=\"x11i5rnm xat24cr x1mh8g0r x1vvkbs xtlvy1s x126k92a\" style=\"text-align: justify\">\n<div dir=\"auto\">Desde este espacio, queremos agradecer de nuevo a nuestros compa\u00f1eros del IES Ostippo Gema y a Antonio Avelino su gran trabajo y dedicaci\u00f3n.<\/div>\n<div dir=\"auto\"><\/div>\n<\/div>\n<div class=\"x11i5rnm xat24cr x1mh8g0r x1vvkbs xtlvy1s x126k92a\">\n<div dir=\"auto\" style=\"text-align: justify\">A continuaci\u00f3n, os mostramos algunas im\u00e1genes del desarrollo de esta salida extraescolar.<\/div>\n<\/div>\n<div dir=\"auto\">\n\n\t\t<style>\n\t\t\t#gallery-1 {\n\t\t\t\tmargin: auto;\n\t\t\t}\n\t\t\t#gallery-1 .gallery-item {\n\t\t\t\tfloat: left;\n\t\t\t\tmargin-top: 10px;\n\t\t\t\ttext-align: center;\n\t\t\t\twidth: 50%;\n\t\t\t}\n\t\t\t#gallery-1 img {\n\t\t\t\tborder: 2px solid #cfcfcf;\n\t\t\t}\n\t\t\t#gallery-1 .gallery-caption {\n\t\t\t\tmargin-left: 0;\n\t\t\t}\n\t\t\t\/* see gallery_shortcode() in wp-includes\/media.php *\/\n\t\t<\/style>\n\t\t<div id='gallery-1' class='gallery galleryid-5212 gallery-columns-2 gallery-size-large'><dl class='gallery-item'>\n\t\t\t<dt class='gallery-icon portrait'>\n\t\t\t\t<a href='https:\/\/blogsaverroes.juntadeandalucia.es\/iessilena\/2024\/04\/17\/excursion-a-malaga\/attachment\/1713378354049\/'><img loading=\"lazy\" decoding=\"async\" width=\"769\" height=\"1024\" src=\"https:\/\/blogsaverroes.juntadeandalucia.es\/iessilena\/files\/2024\/04\/1713378354049-769x1024.jpg\" class=\"attachment-large size-large\" alt=\"\" aria-describedby=\"gallery-1-5213\" srcset=\"https:\/\/blogsaverroes.juntadeandalucia.es\/iessilena\/files\/2024\/04\/1713378354049-769x1024.jpg 769w, https:\/\/blogsaverroes.juntadeandalucia.es\/iessilena\/files\/2024\/04\/1713378354049-225x300.jpg 225w, https:\/\/blogsaverroes.juntadeandalucia.es\/iessilena\/files\/2024\/04\/1713378354049-768x1023.jpg 768w, https:\/\/blogsaverroes.juntadeandalucia.es\/iessilena\/files\/2024\/04\/1713378354049-1153x1536.jpg 1153w, https:\/\/blogsaverroes.juntadeandalucia.es\/iessilena\/files\/2024\/04\/1713378354049-1538x2048.jpg 1538w, https:\/\/blogsaverroes.juntadeandalucia.es\/iessilena\/files\/2024\/04\/1713378354049-rotated.jpg 1201w\" sizes=\"(max-width: 769px) 100vw, 769px\" \/><\/a>\n\t\t\t<\/dt>\n\t\t\t\t<dd class='wp-caption-text gallery-caption' id='gallery-1-5213'>\n\t\t\t\tVarillas pertenecientes a una armadura. \n\t\t\t\t<\/dd><\/dl><dl class='gallery-item'>\n\t\t\t<dt class='gallery-icon landscape'>\n\t\t\t\t<a href='https:\/\/blogsaverroes.juntadeandalucia.es\/iessilena\/2024\/04\/17\/excursion-a-malaga\/attachment\/1713378306141\/'><img loading=\"lazy\" decoding=\"async\" width=\"1024\" height=\"769\" src=\"https:\/\/blogsaverroes.juntadeandalucia.es\/iessilena\/files\/2024\/04\/1713378306141-1024x769.jpg\" class=\"attachment-large size-large\" alt=\"\" aria-describedby=\"gallery-1-5214\" srcset=\"https:\/\/blogsaverroes.juntadeandalucia.es\/iessilena\/files\/2024\/04\/1713378306141-1024x769.jpg 1024w, https:\/\/blogsaverroes.juntadeandalucia.es\/iessilena\/files\/2024\/04\/1713378306141-300x225.jpg 300w, https:\/\/blogsaverroes.juntadeandalucia.es\/iessilena\/files\/2024\/04\/1713378306141-768x577.jpg 768w, https:\/\/blogsaverroes.juntadeandalucia.es\/iessilena\/files\/2024\/04\/1713378306141-1536x1153.jpg 1536w, https:\/\/blogsaverroes.juntadeandalucia.es\/iessilena\/files\/2024\/04\/1713378306141-2048x1538.jpg 2048w, https:\/\/blogsaverroes.juntadeandalucia.es\/iessilena\/files\/2024\/04\/1713378306141.jpg 1600w\" sizes=\"(max-width: 1024px) 100vw, 1024px\" \/><\/a>\n\t\t\t<\/dt>\n\t\t\t\t<dd class='wp-caption-text gallery-caption' id='gallery-1-5214'>\n\t\t\t\tCuadro de dos gladiadores.\n\t\t\t\t<\/dd><\/dl><br style=\"clear: both\" \/><dl class='gallery-item'>\n\t\t\t<dt class='gallery-icon landscape'>\n\t\t\t\t<a href='https:\/\/blogsaverroes.juntadeandalucia.es\/iessilena\/2024\/04\/17\/excursion-a-malaga\/attachment\/1713378306132\/'><img loading=\"lazy\" decoding=\"async\" width=\"1024\" height=\"769\" src=\"https:\/\/blogsaverroes.juntadeandalucia.es\/iessilena\/files\/2024\/04\/1713378306132-1024x769.jpg\" class=\"attachment-large size-large\" alt=\"\" aria-describedby=\"gallery-1-5215\" srcset=\"https:\/\/blogsaverroes.juntadeandalucia.es\/iessilena\/files\/2024\/04\/1713378306132-1024x769.jpg 1024w, https:\/\/blogsaverroes.juntadeandalucia.es\/iessilena\/files\/2024\/04\/1713378306132-300x225.jpg 300w, https:\/\/blogsaverroes.juntadeandalucia.es\/iessilena\/files\/2024\/04\/1713378306132-768x577.jpg 768w, https:\/\/blogsaverroes.juntadeandalucia.es\/iessilena\/files\/2024\/04\/1713378306132-1536x1153.jpg 1536w, https:\/\/blogsaverroes.juntadeandalucia.es\/iessilena\/files\/2024\/04\/1713378306132-2048x1538.jpg 2048w, https:\/\/blogsaverroes.juntadeandalucia.es\/iessilena\/files\/2024\/04\/1713378306132-rotated.jpg 1600w\" sizes=\"(max-width: 1024px) 100vw, 1024px\" \/><\/a>\n\t\t\t<\/dt>\n\t\t\t\t<dd class='wp-caption-text gallery-caption' id='gallery-1-5215'>\n\t\t\t\tLa Arquera.\n\t\t\t\t<\/dd><\/dl><dl class='gallery-item'>\n\t\t\t<dt class='gallery-icon portrait'>\n\t\t\t\t<a href='https:\/\/blogsaverroes.juntadeandalucia.es\/iessilena\/2024\/04\/17\/excursion-a-malaga\/attachment\/1713378306121\/'><img loading=\"lazy\" decoding=\"async\" width=\"769\" height=\"1024\" src=\"https:\/\/blogsaverroes.juntadeandalucia.es\/iessilena\/files\/2024\/04\/1713378306121-769x1024.jpg\" class=\"attachment-large size-large\" alt=\"\" srcset=\"https:\/\/blogsaverroes.juntadeandalucia.es\/iessilena\/files\/2024\/04\/1713378306121-769x1024.jpg 769w, https:\/\/blogsaverroes.juntadeandalucia.es\/iessilena\/files\/2024\/04\/1713378306121-225x300.jpg 225w, https:\/\/blogsaverroes.juntadeandalucia.es\/iessilena\/files\/2024\/04\/1713378306121-768x1023.jpg 768w, https:\/\/blogsaverroes.juntadeandalucia.es\/iessilena\/files\/2024\/04\/1713378306121-1153x1536.jpg 1153w, https:\/\/blogsaverroes.juntadeandalucia.es\/iessilena\/files\/2024\/04\/1713378306121-1538x2048.jpg 1538w, https:\/\/blogsaverroes.juntadeandalucia.es\/iessilena\/files\/2024\/04\/1713378306121-rotated.jpg 1201w\" sizes=\"(max-width: 769px) 100vw, 769px\" \/><\/a>\n\t\t\t<\/dt><\/dl><br style=\"clear: both\" \/><dl class='gallery-item'>\n\t\t\t<dt class='gallery-icon landscape'>\n\t\t\t\t<a href='https:\/\/blogsaverroes.juntadeandalucia.es\/iessilena\/2024\/04\/17\/excursion-a-malaga\/attachment\/1713377468765\/'><img loading=\"lazy\" decoding=\"async\" width=\"1024\" height=\"769\" src=\"https:\/\/blogsaverroes.juntadeandalucia.es\/iessilena\/files\/2024\/04\/1713377468765-1024x769.jpg\" class=\"attachment-large size-large\" alt=\"\" aria-describedby=\"gallery-1-5217\" srcset=\"https:\/\/blogsaverroes.juntadeandalucia.es\/iessilena\/files\/2024\/04\/1713377468765-1024x769.jpg 1024w, https:\/\/blogsaverroes.juntadeandalucia.es\/iessilena\/files\/2024\/04\/1713377468765-300x225.jpg 300w, https:\/\/blogsaverroes.juntadeandalucia.es\/iessilena\/files\/2024\/04\/1713377468765-768x577.jpg 768w, https:\/\/blogsaverroes.juntadeandalucia.es\/iessilena\/files\/2024\/04\/1713377468765-1536x1153.jpg 1536w, https:\/\/blogsaverroes.juntadeandalucia.es\/iessilena\/files\/2024\/04\/1713377468765-2048x1538.jpg 2048w, https:\/\/blogsaverroes.juntadeandalucia.es\/iessilena\/files\/2024\/04\/1713377468765.jpg 1600w\" sizes=\"(max-width: 1024px) 100vw, 1024px\" \/><\/a>\n\t\t\t<\/dt>\n\t\t\t\t<dd class='wp-caption-text gallery-caption' id='gallery-1-5217'>\n\t\t\t\tAnfiteatro romano. \n\t\t\t\t<\/dd><\/dl><dl class='gallery-item'>\n\t\t\t<dt class='gallery-icon landscape'>\n\t\t\t\t<a href='https:\/\/blogsaverroes.juntadeandalucia.es\/iessilena\/2024\/04\/17\/excursion-a-malaga\/attachment\/1713377468781\/'><img loading=\"lazy\" decoding=\"async\" width=\"1024\" height=\"769\" src=\"https:\/\/blogsaverroes.juntadeandalucia.es\/iessilena\/files\/2024\/04\/1713377468781-1024x769.jpg\" class=\"attachment-large size-large\" alt=\"\" aria-describedby=\"gallery-1-5218\" srcset=\"https:\/\/blogsaverroes.juntadeandalucia.es\/iessilena\/files\/2024\/04\/1713377468781-1024x769.jpg 1024w, https:\/\/blogsaverroes.juntadeandalucia.es\/iessilena\/files\/2024\/04\/1713377468781-300x225.jpg 300w, https:\/\/blogsaverroes.juntadeandalucia.es\/iessilena\/files\/2024\/04\/1713377468781-768x577.jpg 768w, https:\/\/blogsaverroes.juntadeandalucia.es\/iessilena\/files\/2024\/04\/1713377468781-1536x1153.jpg 1536w, https:\/\/blogsaverroes.juntadeandalucia.es\/iessilena\/files\/2024\/04\/1713377468781-2048x1538.jpg 2048w, https:\/\/blogsaverroes.juntadeandalucia.es\/iessilena\/files\/2024\/04\/1713377468781-rotated.jpg 1600w\" sizes=\"(max-width: 1024px) 100vw, 1024px\" \/><\/a>\n\t\t\t<\/dt>\n\t\t\t\t<dd class='wp-caption-text gallery-caption' id='gallery-1-5218'>\n\t\t\t\tMosaico del nacimiento de Venus. \n\t\t\t\t<\/dd><\/dl><br style=\"clear: both\" \/><dl class='gallery-item'>\n\t\t\t<dt class='gallery-icon portrait'>\n\t\t\t\t<a href='https:\/\/blogsaverroes.juntadeandalucia.es\/iessilena\/2024\/04\/17\/excursion-a-malaga\/attachment\/1713377468773\/'><img loading=\"lazy\" decoding=\"async\" width=\"769\" height=\"1024\" src=\"https:\/\/blogsaverroes.juntadeandalucia.es\/iessilena\/files\/2024\/04\/1713377468773-769x1024.jpg\" class=\"attachment-large size-large\" alt=\"\" aria-describedby=\"gallery-1-5219\" srcset=\"https:\/\/blogsaverroes.juntadeandalucia.es\/iessilena\/files\/2024\/04\/1713377468773-769x1024.jpg 769w, https:\/\/blogsaverroes.juntadeandalucia.es\/iessilena\/files\/2024\/04\/1713377468773-225x300.jpg 225w, https:\/\/blogsaverroes.juntadeandalucia.es\/iessilena\/files\/2024\/04\/1713377468773-768x1023.jpg 768w, https:\/\/blogsaverroes.juntadeandalucia.es\/iessilena\/files\/2024\/04\/1713377468773-1153x1536.jpg 1153w, https:\/\/blogsaverroes.juntadeandalucia.es\/iessilena\/files\/2024\/04\/1713377468773-1538x2048.jpg 1538w, https:\/\/blogsaverroes.juntadeandalucia.es\/iessilena\/files\/2024\/04\/1713377468773-rotated.jpg 1201w\" sizes=\"(max-width: 769px) 100vw, 769px\" \/><\/a>\n\t\t\t<\/dt>\n\t\t\t\t<dd class='wp-caption-text gallery-caption' id='gallery-1-5219'>\n\t\t\t\tMosaico. \n\t\t\t\t<\/dd><\/dl><dl class='gallery-item'>\n\t\t\t<dt class='gallery-icon landscape'>\n\t\t\t\t<a href='https:\/\/blogsaverroes.juntadeandalucia.es\/iessilena\/2024\/04\/17\/excursion-a-malaga\/attachment\/1713339893541\/'><img loading=\"lazy\" decoding=\"async\" width=\"1024\" height=\"769\" src=\"https:\/\/blogsaverroes.juntadeandalucia.es\/iessilena\/files\/2024\/04\/1713339893541-1024x769.jpg\" class=\"attachment-large size-large\" alt=\"\" aria-describedby=\"gallery-1-5220\" srcset=\"https:\/\/blogsaverroes.juntadeandalucia.es\/iessilena\/files\/2024\/04\/1713339893541-1024x769.jpg 1024w, https:\/\/blogsaverroes.juntadeandalucia.es\/iessilena\/files\/2024\/04\/1713339893541-300x225.jpg 300w, https:\/\/blogsaverroes.juntadeandalucia.es\/iessilena\/files\/2024\/04\/1713339893541-768x577.jpg 768w, https:\/\/blogsaverroes.juntadeandalucia.es\/iessilena\/files\/2024\/04\/1713339893541-1536x1153.jpg 1536w, https:\/\/blogsaverroes.juntadeandalucia.es\/iessilena\/files\/2024\/04\/1713339893541-2048x1538.jpg 2048w, https:\/\/blogsaverroes.juntadeandalucia.es\/iessilena\/files\/2024\/04\/1713339893541-rotated.jpg 1600w\" sizes=\"(max-width: 1024px) 100vw, 1024px\" \/><\/a>\n\t\t\t<\/dt>\n\t\t\t\t<dd class='wp-caption-text gallery-caption' id='gallery-1-5220'>\n\t\t\t\tLa Alcazaba. \n\t\t\t\t<\/dd><\/dl><br style=\"clear: both\" \/><dl class='gallery-item'>\n\t\t\t<dt class='gallery-icon portrait'>\n\t\t\t\t<a href='https:\/\/blogsaverroes.juntadeandalucia.es\/iessilena\/2024\/04\/17\/excursion-a-malaga\/attachment\/1713339893561\/'><img loading=\"lazy\" decoding=\"async\" width=\"769\" height=\"1024\" src=\"https:\/\/blogsaverroes.juntadeandalucia.es\/iessilena\/files\/2024\/04\/1713339893561-769x1024.jpg\" class=\"attachment-large size-large\" alt=\"\" aria-describedby=\"gallery-1-5221\" srcset=\"https:\/\/blogsaverroes.juntadeandalucia.es\/iessilena\/files\/2024\/04\/1713339893561-769x1024.jpg 769w, https:\/\/blogsaverroes.juntadeandalucia.es\/iessilena\/files\/2024\/04\/1713339893561-225x300.jpg 225w, https:\/\/blogsaverroes.juntadeandalucia.es\/iessilena\/files\/2024\/04\/1713339893561-768x1023.jpg 768w, https:\/\/blogsaverroes.juntadeandalucia.es\/iessilena\/files\/2024\/04\/1713339893561-1153x1536.jpg 1153w, https:\/\/blogsaverroes.juntadeandalucia.es\/iessilena\/files\/2024\/04\/1713339893561-1538x2048.jpg 1538w, https:\/\/blogsaverroes.juntadeandalucia.es\/iessilena\/files\/2024\/04\/1713339893561-rotated.jpg 1201w\" sizes=\"(max-width: 769px) 100vw, 769px\" \/><\/a>\n\t\t\t<\/dt>\n\t\t\t\t<dd class='wp-caption-text gallery-caption' id='gallery-1-5221'>\n\t\t\t\tCasco del guerrero. \n\t\t\t\t<\/dd><\/dl><dl class='gallery-item'>\n\t\t\t<dt class='gallery-icon portrait'>\n\t\t\t\t<a href='https:\/\/blogsaverroes.juntadeandalucia.es\/iessilena\/2024\/04\/17\/excursion-a-malaga\/attachment\/1713339893516\/'><img loading=\"lazy\" decoding=\"async\" width=\"769\" height=\"1024\" src=\"https:\/\/blogsaverroes.juntadeandalucia.es\/iessilena\/files\/2024\/04\/1713339893516-769x1024.jpg\" class=\"attachment-large size-large\" alt=\"\" aria-describedby=\"gallery-1-5222\" srcset=\"https:\/\/blogsaverroes.juntadeandalucia.es\/iessilena\/files\/2024\/04\/1713339893516-769x1024.jpg 769w, https:\/\/blogsaverroes.juntadeandalucia.es\/iessilena\/files\/2024\/04\/1713339893516-225x300.jpg 225w, https:\/\/blogsaverroes.juntadeandalucia.es\/iessilena\/files\/2024\/04\/1713339893516-768x1023.jpg 768w, https:\/\/blogsaverroes.juntadeandalucia.es\/iessilena\/files\/2024\/04\/1713339893516-1153x1536.jpg 1153w, https:\/\/blogsaverroes.juntadeandalucia.es\/iessilena\/files\/2024\/04\/1713339893516-1538x2048.jpg 1538w, https:\/\/blogsaverroes.juntadeandalucia.es\/iessilena\/files\/2024\/04\/1713339893516-rotated.jpg 1201w\" sizes=\"(max-width: 769px) 100vw, 769px\" \/><\/a>\n\t\t\t<\/dt>\n\t\t\t\t<dd class='wp-caption-text gallery-caption' id='gallery-1-5222'>\n\t\t\t\tCatedral de M\u00e1laga. \n\t\t\t\t<\/dd><\/dl><br style=\"clear: both\" \/><dl class='gallery-item'>\n\t\t\t<dt class='gallery-icon portrait'>\n\t\t\t\t<a href='https:\/\/blogsaverroes.juntadeandalucia.es\/iessilena\/2024\/04\/17\/excursion-a-malaga\/attachment\/1713339893504\/'><img loading=\"lazy\" decoding=\"async\" width=\"769\" height=\"1024\" src=\"https:\/\/blogsaverroes.juntadeandalucia.es\/iessilena\/files\/2024\/04\/1713339893504-769x1024.jpg\" class=\"attachment-large size-large\" alt=\"\" aria-describedby=\"gallery-1-5223\" srcset=\"https:\/\/blogsaverroes.juntadeandalucia.es\/iessilena\/files\/2024\/04\/1713339893504-769x1024.jpg 769w, https:\/\/blogsaverroes.juntadeandalucia.es\/iessilena\/files\/2024\/04\/1713339893504-225x300.jpg 225w, https:\/\/blogsaverroes.juntadeandalucia.es\/iessilena\/files\/2024\/04\/1713339893504-768x1023.jpg 768w, https:\/\/blogsaverroes.juntadeandalucia.es\/iessilena\/files\/2024\/04\/1713339893504-1153x1536.jpg 1153w, https:\/\/blogsaverroes.juntadeandalucia.es\/iessilena\/files\/2024\/04\/1713339893504-1538x2048.jpg 1538w, https:\/\/blogsaverroes.juntadeandalucia.es\/iessilena\/files\/2024\/04\/1713339893504-rotated.jpg 1201w\" sizes=\"(max-width: 769px) 100vw, 769px\" \/><\/a>\n\t\t\t<\/dt>\n\t\t\t\t<dd class='wp-caption-text gallery-caption' id='gallery-1-5223'>\n\t\t\t\tInterior del Museo de la Aduana. \n\t\t\t\t<\/dd><\/dl><dl class='gallery-item'>\n\t\t\t<dt class='gallery-icon portrait'>\n\t\t\t\t<a href='https:\/\/blogsaverroes.juntadeandalucia.es\/iessilena\/2024\/04\/17\/excursion-a-malaga\/attachment\/1713339893528\/'><img loading=\"lazy\" decoding=\"async\" width=\"768\" height=\"1024\" src=\"https:\/\/blogsaverroes.juntadeandalucia.es\/iessilena\/files\/2024\/04\/1713339893528-768x1024.jpg\" class=\"attachment-large size-large\" alt=\"\" aria-describedby=\"gallery-1-5224\" srcset=\"https:\/\/blogsaverroes.juntadeandalucia.es\/iessilena\/files\/2024\/04\/1713339893528-768x1024.jpg 768w, https:\/\/blogsaverroes.juntadeandalucia.es\/iessilena\/files\/2024\/04\/1713339893528-225x300.jpg 225w, https:\/\/blogsaverroes.juntadeandalucia.es\/iessilena\/files\/2024\/04\/1713339893528-1152x1536.jpg 1152w, https:\/\/blogsaverroes.juntadeandalucia.es\/iessilena\/files\/2024\/04\/1713339893528-1536x2048.jpg 1536w, https:\/\/blogsaverroes.juntadeandalucia.es\/iessilena\/files\/2024\/04\/1713339893528-rotated.jpg 1200w\" sizes=\"(max-width: 768px) 100vw, 768px\" \/><\/a>\n\t\t\t<\/dt>\n\t\t\t\t<dd class='wp-caption-text gallery-caption' id='gallery-1-5224'>\n\t\t\t\tEl Rapto de las Sabinas. \n\t\t\t\t<\/dd><\/dl><br style=\"clear: both\" \/><dl class='gallery-item'>\n\t\t\t<dt class='gallery-icon portrait'>\n\t\t\t\t<a href='https:\/\/blogsaverroes.juntadeandalucia.es\/iessilena\/2024\/04\/17\/excursion-a-malaga\/attachment\/1713339893492\/'><img loading=\"lazy\" decoding=\"async\" width=\"769\" height=\"1024\" src=\"https:\/\/blogsaverroes.juntadeandalucia.es\/iessilena\/files\/2024\/04\/1713339893492-769x1024.jpg\" class=\"attachment-large size-large\" alt=\"\" aria-describedby=\"gallery-1-5225\" srcset=\"https:\/\/blogsaverroes.juntadeandalucia.es\/iessilena\/files\/2024\/04\/1713339893492-769x1024.jpg 769w, https:\/\/blogsaverroes.juntadeandalucia.es\/iessilena\/files\/2024\/04\/1713339893492-225x300.jpg 225w, https:\/\/blogsaverroes.juntadeandalucia.es\/iessilena\/files\/2024\/04\/1713339893492-768x1023.jpg 768w, https:\/\/blogsaverroes.juntadeandalucia.es\/iessilena\/files\/2024\/04\/1713339893492-1153x1536.jpg 1153w, https:\/\/blogsaverroes.juntadeandalucia.es\/iessilena\/files\/2024\/04\/1713339893492-1538x2048.jpg 1538w, https:\/\/blogsaverroes.juntadeandalucia.es\/iessilena\/files\/2024\/04\/1713339893492-rotated.jpg 1201w\" sizes=\"(max-width: 769px) 100vw, 769px\" \/><\/a>\n\t\t\t<\/dt>\n\t\t\t\t<dd class='wp-caption-text gallery-caption' id='gallery-1-5225'>\n\t\t\t\tInterior del Museo de la Aduana. \n\t\t\t\t<\/dd><\/dl>\n\t\t\t<br style='clear: both' \/>\n\t\t<\/div>\n\n<\/div>\n","protected":false},"excerpt":{"rendered":"<p>Nuestro alumnado de 4\u00ba E.S.O de la materia de Lat\u00edn se fue de excursi\u00f3n el d\u00eda de ayer a M\u00e1laga junto a los compa\u00f1eros de 4\u00ba de ESO y 1\u00ba\/&#46;&#46;&#46;<\/p>\n","protected":false},"author":16546,"featured_media":0,"comment_status":"open","ping_status":"open","sticky":false,"template":"","format":"standard","meta":{"ngg_post_thumbnail":0,"footnotes":""},"categories":[11909],"tags":[],"aioseo_notices":[],"_links":{"self":[{"href":"https:\/\/blogsaverroes.juntadeandalucia.es\/iessilena\/wp-json\/wp\/v2\/posts\/5212"}],"collection":[{"href":"https:\/\/blogsaverroes.juntadeandalucia.es\/iessilena\/wp-json\/wp\/v2\/posts"}],"about":[{"href":"https:\/\/blogsaverroes.juntadeandalucia.es\/iessilena\/wp-json\/wp\/v2\/types\/post"}],"author":[{"embeddable":true,"href":"https:\/\/blogsaverroes.juntadeandalucia.es\/iessilena\/wp-json\/wp\/v2\/users\/16546"}],"replies":[{"embeddable":true,"href":"https:\/\/blogsaverroes.juntadeandalucia.es\/iessilena\/wp-json\/wp\/v2\/comments?post=5212"}],"version-history":[{"count":1,"href":"https:\/\/blogsaverroes.juntadeandalucia.es\/iessilena\/wp-json\/wp\/v2\/posts\/5212\/revisions"}],"predecessor-version":[{"id":5226,"href":"https:\/\/blogsaverroes.juntadeandalucia.es\/iessilena\/wp-json\/wp\/v2\/posts\/5212\/revisions\/5226"}],"wp:attachment":[{"href":"https:\/\/blogsaverroes.juntadeandalucia.es\/iessilena\/wp-json\/wp\/v2\/media?parent=5212"}],"wp:term":[{"taxonomy":"category","embeddable":true,"href":"https:\/\/blogsaverroes.juntadeandalucia.es\/iessilena\/wp-json\/wp\/v2\/categories?post=5212"},{"taxonomy":"post_tag","embeddable":true,"href":"https:\/\/blogsaverroes.juntadeandalucia.es\/iessilena\/wp-json\/wp\/v2\/tags?post=5212"}],"curies":[{"name":"wp","href":"https:\/\/api.w.org\/{rel}","templated":true}]}}