{"id":5596,"date":"2025-01-21T23:02:14","date_gmt":"2025-01-21T23:02:14","guid":{"rendered":"https:\/\/blogsaverroes.juntadeandalucia.es\/iessilena\/?p=5596"},"modified":"2025-01-21T23:02:21","modified_gmt":"2025-01-21T23:02:21","slug":"charlas-informativas-para-el-alumnado-de-4o-de-eso","status":"publish","type":"post","link":"https:\/\/blogsaverroes.juntadeandalucia.es\/iessilena\/2025\/01\/21\/charlas-informativas-para-el-alumnado-de-4o-de-eso\/","title":{"rendered":"Charlas informativas para el alumnado de 4\u00ba de ESO"},"content":{"rendered":"<p style=\"text-align: justify\">Hoy ha comenzado el ciclo de charlas informativas dirigidas a nuestro alumnado de 4\u00ba de ESO. Estas charlas ayudar\u00e1n a nuestros alumnos y alumnas a escoger un determinado itinerario acad\u00e9mico en funci\u00f3n de sus intereses. Otro de los objetivos que perseguimos es resolver las dudas que el alumnado pueda tener en relaci\u00f3n a algunas de las titulaciones que escoger\u00e1n en el pr\u00f3ximo curso acad\u00e9mico.<\/p>\n<p style=\"text-align: justify\">Algunas de las titulaciones que nuestro alumnado cursar\u00e1 el pr\u00f3ximo a\u00f1o son las siguientes:<\/p>\n<ul style=\"text-align: justify\">\n<li>T\u00e9cnico de Auxiliar de enfermer\u00eda.<\/li>\n<li>T\u00e9cnico en Conducci\u00f3n de actividades f\u00edsico-deportivas.<\/li>\n<li>T\u00e9cnico en Sistemas Microinform\u00e1ticos y Redes.<\/li>\n<li>T\u00e9cnico en Mecanizado.<\/li>\n<li>T\u00e9cnico en Auxiliar de Farmacia.<\/li>\n<li>T\u00e9cnico de Electromec\u00e1nica de Veh\u00edculos Autom\u00f3viles.<\/li>\n<li>T\u00e9cnico en Gesti\u00f3n Administrativa.<\/li>\n<li>Bachillerato de Ciencias Sociales.<\/li>\n<li>Bachillerato Cient\u00edfico-Tecnol\u00f3gico.<\/li>\n<\/ul>\n<p style=\"text-align: justify\">A lo largo del segundo trimestre, recibiremos la visita de antiguos alumnos y alumnas que se encuentran cursando cada una de las titulaciones anteriores para ofrecerles a sus compa\u00f1eros sus experiencias acad\u00e9micas y profesionales en cada uno de los \u00e1mbitos mencionados anteriormente. Queremos agradecer la predisposici\u00f3n y la ayuda de estos chicos y chicas de los que nos sentimos muy orgullosos. Les deseamos un futuro repleto de \u00e9xitos tanto personales como profesionales. A continuaci\u00f3n, os mostramos una imagen del primer encuentro. Hoy le ha tocado el turno a Daniel, hermano de nuestra actual alumna Ana y antiguo alumno que encontr\u00f3 su vocaci\u00f3n en la actividad deportiva y que actualmente se encuentra trabajando en este sector.<\/p>\n<p><a href=\"https:\/\/blogsaverroes.juntadeandalucia.es\/iessilena\/files\/2025\/01\/1737491961778.jpg\"><img loading=\"lazy\" decoding=\"async\" class=\"alignnone size-large wp-image-5598\" src=\"https:\/\/blogsaverroes.juntadeandalucia.es\/iessilena\/files\/2025\/01\/1737491961778-1024x769.jpg\" alt=\"\" width=\"1024\" height=\"769\" srcset=\"https:\/\/blogsaverroes.juntadeandalucia.es\/iessilena\/files\/2025\/01\/1737491961778-1024x769.jpg 1024w, https:\/\/blogsaverroes.juntadeandalucia.es\/iessilena\/files\/2025\/01\/1737491961778-300x225.jpg 300w, https:\/\/blogsaverroes.juntadeandalucia.es\/iessilena\/files\/2025\/01\/1737491961778-768x577.jpg 768w, https:\/\/blogsaverroes.juntadeandalucia.es\/iessilena\/files\/2025\/01\/1737491961778-1536x1153.jpg 1536w, https:\/\/blogsaverroes.juntadeandalucia.es\/iessilena\/files\/2025\/01\/1737491961778-2048x1538.jpg 2048w\" sizes=\"(max-width: 1024px) 100vw, 1024px\" \/><\/a><\/p>\n","protected":false},"excerpt":{"rendered":"<p>Hoy ha comenzado el ciclo de charlas informativas dirigidas a nuestro alumnado de 4\u00ba de ESO. Estas charlas ayudar\u00e1n a nuestros alumnos y alumnas a escoger un determinado itinerario acad\u00e9mico&#46;&#46;&#46;<\/p>\n","protected":false},"author":16546,"featured_media":0,"comment_status":"open","ping_status":"open","sticky":false,"template":"","format":"standard","meta":{"ngg_post_thumbnail":0,"footnotes":""},"categories":[11909],"tags":[],"aioseo_notices":[],"_links":{"self":[{"href":"https:\/\/blogsaverroes.juntadeandalucia.es\/iessilena\/wp-json\/wp\/v2\/posts\/5596"}],"collection":[{"href":"https:\/\/blogsaverroes.juntadeandalucia.es\/iessilena\/wp-json\/wp\/v2\/posts"}],"about":[{"href":"https:\/\/blogsaverroes.juntadeandalucia.es\/iessilena\/wp-json\/wp\/v2\/types\/post"}],"author":[{"embeddable":true,"href":"https:\/\/blogsaverroes.juntadeandalucia.es\/iessilena\/wp-json\/wp\/v2\/users\/16546"}],"replies":[{"embeddable":true,"href":"https:\/\/blogsaverroes.juntadeandalucia.es\/iessilena\/wp-json\/wp\/v2\/comments?post=5596"}],"version-history":[{"count":2,"href":"https:\/\/blogsaverroes.juntadeandalucia.es\/iessilena\/wp-json\/wp\/v2\/posts\/5596\/revisions"}],"predecessor-version":[{"id":5599,"href":"https:\/\/blogsaverroes.juntadeandalucia.es\/iessilena\/wp-json\/wp\/v2\/posts\/5596\/revisions\/5599"}],"wp:attachment":[{"href":"https:\/\/blogsaverroes.juntadeandalucia.es\/iessilena\/wp-json\/wp\/v2\/media?parent=5596"}],"wp:term":[{"taxonomy":"category","embeddable":true,"href":"https:\/\/blogsaverroes.juntadeandalucia.es\/iessilena\/wp-json\/wp\/v2\/categories?post=5596"},{"taxonomy":"post_tag","embeddable":true,"href":"https:\/\/blogsaverroes.juntadeandalucia.es\/iessilena\/wp-json\/wp\/v2\/tags?post=5596"}],"curies":[{"name":"wp","href":"https:\/\/api.w.org\/{rel}","templated":true}]}}