{"id":6224,"date":"2025-05-12T11:12:03","date_gmt":"2025-05-12T11:12:03","guid":{"rendered":"https:\/\/blogsaverroes.juntadeandalucia.es\/iessilena\/?p=6224"},"modified":"2025-05-12T11:13:54","modified_gmt":"2025-05-12T11:13:54","slug":"bookface","status":"publish","type":"post","link":"https:\/\/blogsaverroes.juntadeandalucia.es\/iessilena\/2025\/05\/12\/bookface\/","title":{"rendered":"Bookface"},"content":{"rendered":"<p><strong>\u00bfQu\u00e9 es un \u00abbookface\u00bb?<\/strong><\/p>\n<p style=\"text-align: justify\">El \u00ab<b>bookface<\/b>\u00bb se ha convertido en un arte, \u00bfsabes lo que es? Este t\u00e9rmino anglosaj\u00f3n consiste en realizar una fotograf\u00eda en la que una persona (o animal, o cosa, el t\u00e9rmino se va ampliando) se \u00abfunde\u00bb con la cubierta de un libro, haciendo coincidir la imagen real con la imagen de la cubierta. En este caso, nuestro alumnado se ha mimetizado con la cubierta de un libro y, adem\u00e1s, han tenido que elaborar una breve rese\u00f1a sobre el mismo libro.<\/p>\n<p style=\"text-align: justify\">Os mostramos algunos de los \u00abbookface\u00bb que el alumnado ha elaborado. Enhorabuena para nuestros alumnos y alumnas participante por estas magn\u00edficas creaciones. A\u00fan faltan algunas creaciones por publicar.<\/p>\n<p><a href=\"https:\/\/blogsaverroes.juntadeandalucia.es\/iessilena\/files\/2025\/05\/1747047787521.jpg\"><img loading=\"lazy\" decoding=\"async\" class=\"alignnone size-full wp-image-6225\" src=\"https:\/\/blogsaverroes.juntadeandalucia.es\/iessilena\/files\/2025\/05\/1747047787521.jpg\" alt=\"\" width=\"4624\" height=\"3472\" srcset=\"https:\/\/blogsaverroes.juntadeandalucia.es\/iessilena\/files\/2025\/05\/1747047787521.jpg 4624w, https:\/\/blogsaverroes.juntadeandalucia.es\/iessilena\/files\/2025\/05\/1747047787521-300x225.jpg 300w, https:\/\/blogsaverroes.juntadeandalucia.es\/iessilena\/files\/2025\/05\/1747047787521-1024x769.jpg 1024w, https:\/\/blogsaverroes.juntadeandalucia.es\/iessilena\/files\/2025\/05\/1747047787521-768x577.jpg 768w, https:\/\/blogsaverroes.juntadeandalucia.es\/iessilena\/files\/2025\/05\/1747047787521-1536x1153.jpg 1536w, https:\/\/blogsaverroes.juntadeandalucia.es\/iessilena\/files\/2025\/05\/1747047787521-2048x1538.jpg 2048w\" sizes=\"(max-width: 4624px) 100vw, 4624px\" \/><\/a><\/p>\n","protected":false},"excerpt":{"rendered":"<p>\u00bfQu\u00e9 es un \u00abbookface\u00bb? El \u00abbookface\u00bb se ha convertido en un arte, \u00bfsabes lo que es? Este t\u00e9rmino anglosaj\u00f3n consiste en realizar una fotograf\u00eda en la que una persona (o&#46;&#46;&#46;<\/p>\n","protected":false},"author":16546,"featured_media":0,"comment_status":"open","ping_status":"open","sticky":false,"template":"","format":"standard","meta":{"ngg_post_thumbnail":0,"footnotes":""},"categories":[11909],"tags":[],"aioseo_notices":[],"_links":{"self":[{"href":"https:\/\/blogsaverroes.juntadeandalucia.es\/iessilena\/wp-json\/wp\/v2\/posts\/6224"}],"collection":[{"href":"https:\/\/blogsaverroes.juntadeandalucia.es\/iessilena\/wp-json\/wp\/v2\/posts"}],"about":[{"href":"https:\/\/blogsaverroes.juntadeandalucia.es\/iessilena\/wp-json\/wp\/v2\/types\/post"}],"author":[{"embeddable":true,"href":"https:\/\/blogsaverroes.juntadeandalucia.es\/iessilena\/wp-json\/wp\/v2\/users\/16546"}],"replies":[{"embeddable":true,"href":"https:\/\/blogsaverroes.juntadeandalucia.es\/iessilena\/wp-json\/wp\/v2\/comments?post=6224"}],"version-history":[{"count":1,"href":"https:\/\/blogsaverroes.juntadeandalucia.es\/iessilena\/wp-json\/wp\/v2\/posts\/6224\/revisions"}],"predecessor-version":[{"id":6226,"href":"https:\/\/blogsaverroes.juntadeandalucia.es\/iessilena\/wp-json\/wp\/v2\/posts\/6224\/revisions\/6226"}],"wp:attachment":[{"href":"https:\/\/blogsaverroes.juntadeandalucia.es\/iessilena\/wp-json\/wp\/v2\/media?parent=6224"}],"wp:term":[{"taxonomy":"category","embeddable":true,"href":"https:\/\/blogsaverroes.juntadeandalucia.es\/iessilena\/wp-json\/wp\/v2\/categories?post=6224"},{"taxonomy":"post_tag","embeddable":true,"href":"https:\/\/blogsaverroes.juntadeandalucia.es\/iessilena\/wp-json\/wp\/v2\/tags?post=6224"}],"curies":[{"name":"wp","href":"https:\/\/api.w.org\/{rel}","templated":true}]}}