{"id":1247,"date":"2024-05-03T13:53:20","date_gmt":"2024-05-03T11:53:20","guid":{"rendered":"https:\/\/blogsaverroes.juntadeandalucia.es\/iessulayr\/?p=1247"},"modified":"2024-05-06T11:09:29","modified_gmt":"2024-05-06T09:09:29","slug":"comercio-local","status":"publish","type":"post","link":"https:\/\/blogsaverroes.juntadeandalucia.es\/iessulayr\/comercio-local\/","title":{"rendered":"Comercio local"},"content":{"rendered":"<p>[et_pb_section fb_built=&#8221;1&#8243; _builder_version=&#8221;4.16&#8243; _module_preset=&#8221;default&#8221; global_colors_info=&#8221;{}&#8221;][et_pb_row column_structure=&#8221;1_3,1_3,1_3&#8243; _builder_version=&#8221;4.16&#8243; _module_preset=&#8221;default&#8221; global_colors_info=&#8221;{}&#8221;][et_pb_column type=&#8221;1_3&#8243; _builder_version=&#8221;4.16&#8243; _module_preset=&#8221;default&#8221; global_colors_info=&#8221;{}&#8221;][et_pb_text admin_label=&#8221;Texto&#8221; _builder_version=&#8221;4.24.2&#8243; _module_preset=&#8221;default&#8221; background_color=&#8221;RGBA(255,255,255,0)&#8221; hover_enabled=&#8221;0&#8243; global_colors_info=&#8221;{}&#8221; sticky_enabled=&#8221;0&#8243;]<\/p>\n<p><span style=\"font-size: 12pt\"><strong>Presentaci\u00f3n del cartel de Comercio Local<\/strong><\/span><\/p>\n<p>El alumnado de 3\u00ba ESO present\u00f3 el pasado 18 de abril en el sal\u00f3n de actos del Ayuntamiento de la Tah\u00e1, con la asistencia de los representantes de los municipios de los que procede nuestro alumnado (Bubi\u00f3n, Busqu\u00edstar, Capileira, Pampaneira, P\u00f3rtugos, La Taha, Trev\u00e9lez) el trabajo realizado en la materia de Geograf\u00eda e Historia del curso de 3\u00ba ESO, dentro del bloque de saberes: los sectores econ\u00f3micos y la globalizaci\u00f3n, para desarrollar competencias de ciudadan\u00eda activa y concienciar sobre el desarrollo sostenible. Este trabajo forma parte del proyecto de Aprendizaje Servicio del IES Sulayr. El alumnado realiz\u00f3 un estudio estad\u00edstico sobre h\u00e1bitos de consumo en la zona, a trav\u00e9s de formularios que se contestaron a trav\u00e9s de redes sociales y en el que participaron 132 personas. Estos resultados se expusieron a las autoridades locales all\u00ed convocadas. Se dio a conocer el cartel ganador de la campa\u00f1a en la que votaron 1119 personas. Este cartel se convertir\u00e1 en la imagen del comercio local en la zona. Se expusieron tambi\u00e9n el resto de carteles participantes, realizados todos por el alumnado de 3\u00ba de la ESO. El alcalde de La Taha, hizo entrega de los carteles que se han imprimido, al alumnado, tras la exposici\u00f3n del proyecto. En el acto asistieron tambi\u00e9n el equipo directivo del Centro, la profesora de Geograf\u00eda e Historia y el alumnado protagonista.<br \/>Damos las gracias a todas las personas participantes y colaboradoras.<\/p>\n<p>[\/et_pb_text][\/et_pb_column][et_pb_column type=&#8221;1_3&#8243; _builder_version=&#8221;4.16&#8243; _module_preset=&#8221;default&#8221; global_colors_info=&#8221;{}&#8221;][et_pb_image src=&#8221;https:\/\/blogsaverroes.juntadeandalucia.es\/iessulayr\/files\/2024\/05\/presentacion-cartel.jpg&#8221; title_text=&#8221;presentaci\u00f3n cartel&#8221; _builder_version=&#8221;4.24.2&#8243; _module_preset=&#8221;default&#8221; global_colors_info=&#8221;{}&#8221;][\/et_pb_image][\/et_pb_column][et_pb_column type=&#8221;1_3&#8243; _builder_version=&#8221;4.16&#8243; _module_preset=&#8221;default&#8221; global_colors_info=&#8221;{}&#8221;][et_pb_image src=&#8221;https:\/\/blogsaverroes.juntadeandalucia.es\/iessulayr\/files\/2024\/05\/cartel-comercio-local.png&#8221; title_text=&#8221;cartel comercio local&#8221; _builder_version=&#8221;4.24.2&#8243; _module_preset=&#8221;default&#8221; global_colors_info=&#8221;{}&#8221;][\/et_pb_image][\/et_pb_column][\/et_pb_row][\/et_pb_section]<\/p>\n","protected":false},"excerpt":{"rendered":"<p>Presentaci\u00f3n del cartel de Comercio Local El alumnado de 3\u00ba ESO present\u00f3 el pasado 18 de abril en el sal\u00f3n de actos del Ayuntamiento de la Tah\u00e1, con la asistencia de los representantes de los municipios de los que procede nuestro alumnado (Bubi\u00f3n, Busqu\u00edstar, Capileira, Pampaneira, P\u00f3rtugos, La Taha, Trev\u00e9lez) el trabajo realizado en la [&hellip;]<\/p>\n","protected":false},"author":15613,"featured_media":0,"comment_status":"closed","ping_status":"open","sticky":false,"template":"","format":"standard","meta":{"_et_pb_use_builder":"on","_et_pb_old_content":"","_et_gb_content_width":"","ngg_post_thumbnail":0,"footnotes":""},"categories":[1],"tags":[],"aioseo_notices":[],"_links":{"self":[{"href":"https:\/\/blogsaverroes.juntadeandalucia.es\/iessulayr\/wp-json\/wp\/v2\/posts\/1247"}],"collection":[{"href":"https:\/\/blogsaverroes.juntadeandalucia.es\/iessulayr\/wp-json\/wp\/v2\/posts"}],"about":[{"href":"https:\/\/blogsaverroes.juntadeandalucia.es\/iessulayr\/wp-json\/wp\/v2\/types\/post"}],"author":[{"embeddable":true,"href":"https:\/\/blogsaverroes.juntadeandalucia.es\/iessulayr\/wp-json\/wp\/v2\/users\/15613"}],"replies":[{"embeddable":true,"href":"https:\/\/blogsaverroes.juntadeandalucia.es\/iessulayr\/wp-json\/wp\/v2\/comments?post=1247"}],"version-history":[{"count":6,"href":"https:\/\/blogsaverroes.juntadeandalucia.es\/iessulayr\/wp-json\/wp\/v2\/posts\/1247\/revisions"}],"predecessor-version":[{"id":1260,"href":"https:\/\/blogsaverroes.juntadeandalucia.es\/iessulayr\/wp-json\/wp\/v2\/posts\/1247\/revisions\/1260"}],"wp:attachment":[{"href":"https:\/\/blogsaverroes.juntadeandalucia.es\/iessulayr\/wp-json\/wp\/v2\/media?parent=1247"}],"wp:term":[{"taxonomy":"category","embeddable":true,"href":"https:\/\/blogsaverroes.juntadeandalucia.es\/iessulayr\/wp-json\/wp\/v2\/categories?post=1247"},{"taxonomy":"post_tag","embeddable":true,"href":"https:\/\/blogsaverroes.juntadeandalucia.es\/iessulayr\/wp-json\/wp\/v2\/tags?post=1247"}],"curies":[{"name":"wp","href":"https:\/\/api.w.org\/{rel}","templated":true}]}}