{"id":1390,"date":"2024-06-20T11:10:18","date_gmt":"2024-06-20T09:10:18","guid":{"rendered":"https:\/\/blogsaverroes.juntadeandalucia.es\/iessulayr\/?p=1390"},"modified":"2024-06-20T11:10:24","modified_gmt":"2024-06-20T09:10:24","slug":"fechas-importantes-del-final-de-curso","status":"publish","type":"post","link":"https:\/\/blogsaverroes.juntadeandalucia.es\/iessulayr\/fechas-importantes-del-final-de-curso\/","title":{"rendered":"Fechas importantes del final de curso"},"content":{"rendered":"<p>[et_pb_section fb_built=&#8221;1&#8243; theme_builder_area=&#8221;post_content&#8221; _builder_version=&#8221;4.24.2&#8243; _module_preset=&#8221;default&#8221;][et_pb_row _builder_version=&#8221;4.24.2&#8243; _module_preset=&#8221;default&#8221; column_structure=&#8221;1_2,1_2&#8243; theme_builder_area=&#8221;post_content&#8221;][et_pb_column _builder_version=&#8221;4.24.2&#8243; _module_preset=&#8221;default&#8221; type=&#8221;1_2&#8243; theme_builder_area=&#8221;post_content&#8221;][et_pb_text _builder_version=&#8221;4.24.2&#8243; _module_preset=&#8221;default&#8221; theme_builder_area=&#8221;post_content&#8221; hover_enabled=&#8221;0&#8243; sticky_enabled=&#8221;0&#8243;]<\/p>\n<p><strong><span style=\"font-size: 12pt\">Fechas finales de curso<\/span><\/strong><\/p>\n<p>Os recordamos que el \u00faltimo d\u00eda lectivo es el 24 de junio. A partir de ah\u00ed, queremos recordar algunas fechas importantes:<\/p>\n<ul>\n<li>25 de junio se publicar\u00e1n las calificaciones en iPasen en el punto de recogida<\/li>\n<\/ul>\n<p>Para matriculaci\u00f3n en la <em><strong>ESO<\/strong><\/em>:<\/p>\n<ul>\n<li>1-10 julio matr\u00edcula en la Secretar\u00eda Virtual (se accede desde este <strong><span style=\"color: #0000ff\"><a style=\"color: #0000ff\" href=\"https:\/\/www.juntadeandalucia.es\/educacion\/secretariavirtual\/\">enlace<\/a><\/span><\/strong> o desde iPasen)<\/li>\n<\/ul>\n<p>Para Acceder a <strong><em>Ciclos Formativos de Grado Medio<\/em><\/strong>:<\/p>\n<ul>\n<li>hasta el 1 de julio: una \u00fanica solicitud de admisi\u00f3n con todas las opciones que el alumno o alumna quiera solicitar. (se accede desde este <strong><a href=\"https:\/\/www.juntadeandalucia.es\/educacion\/secretariavirtual\/accesoTramite\/308\/\">enlace<\/a><\/strong> o desde iPasen)<\/li>\n<li>4 de julio: publicaci\u00f3n de la relaci\u00f3n provisional de solicitantes<\/li>\n<li>5-8 de julio: alegaciones a la relaci\u00f3n provisional de solicitantes (se accede desde este <strong><a href=\"https:\/\/www.juntadeandalucia.es\/educacion\/secretariavirtual\/\">enlace<\/a><\/strong> o desde iPasen)<\/li>\n<li>10 julio: publicaci\u00f3n de la relaci\u00f3n definitiva de solicitantes y primera adjudicaci\u00f3n de plazas<\/li>\n<li>11-16 de julio: reserva de plaza, si se le ha adjudicado una plaza distinta a la primera solicitada<\/li>\n<li>11-16 de julio: matr\u00edcula de la plaza adjudicada si te adjudican la primera solicitud<\/li>\n<li>18 julio: segunda adjudicaci\u00f3n de plazas<\/li>\n<li>19-23 de julio: matriculaci\u00f3n obligatoria de quien haya obtenido plaza.<\/li>\n<\/ul>\n<p>En septiembre se abre el procedimiento de admisi\u00f3n de listas de espera.<\/p>\n<p>[\/et_pb_text][\/et_pb_column][et_pb_column _builder_version=&#8221;4.24.2&#8243; _module_preset=&#8221;default&#8221; type=&#8221;1_2&#8243; theme_builder_area=&#8221;post_content&#8221;][et_pb_image _builder_version=&#8221;4.24.2&#8243; _module_preset=&#8221;default&#8221; theme_builder_area=&#8221;post_content&#8221; title_text=&#8221;graduaci\u00f3n&#8221; src=&#8221;https:\/\/blogsaverroes.juntadeandalucia.es\/iessulayr\/files\/2024\/06\/cap-306279_640.png&#8221; hover_enabled=&#8221;0&#8243; sticky_enabled=&#8221;0&#8243;][\/et_pb_image][\/et_pb_column][\/et_pb_row][\/et_pb_section]<\/p>\n","protected":false},"excerpt":{"rendered":"<p>Fechas finales de curso Os recordamos que el \u00faltimo d\u00eda lectivo es el 24 de junio. A partir de ah\u00ed, queremos recordar algunas fechas importantes: 25 de junio se publicar\u00e1n las calificaciones en iPasen en el punto de recogida Para matriculaci\u00f3n en la ESO: 1-10 julio matr\u00edcula en la Secretar\u00eda Virtual (se accede desde este [&hellip;]<\/p>\n","protected":false},"author":15613,"featured_media":0,"comment_status":"closed","ping_status":"open","sticky":false,"template":"","format":"standard","meta":{"_et_pb_use_builder":"on","_et_pb_old_content":"","_et_gb_content_width":"","ngg_post_thumbnail":0,"footnotes":""},"categories":[1],"tags":[],"aioseo_notices":[],"_links":{"self":[{"href":"https:\/\/blogsaverroes.juntadeandalucia.es\/iessulayr\/wp-json\/wp\/v2\/posts\/1390"}],"collection":[{"href":"https:\/\/blogsaverroes.juntadeandalucia.es\/iessulayr\/wp-json\/wp\/v2\/posts"}],"about":[{"href":"https:\/\/blogsaverroes.juntadeandalucia.es\/iessulayr\/wp-json\/wp\/v2\/types\/post"}],"author":[{"embeddable":true,"href":"https:\/\/blogsaverroes.juntadeandalucia.es\/iessulayr\/wp-json\/wp\/v2\/users\/15613"}],"replies":[{"embeddable":true,"href":"https:\/\/blogsaverroes.juntadeandalucia.es\/iessulayr\/wp-json\/wp\/v2\/comments?post=1390"}],"version-history":[{"count":3,"href":"https:\/\/blogsaverroes.juntadeandalucia.es\/iessulayr\/wp-json\/wp\/v2\/posts\/1390\/revisions"}],"predecessor-version":[{"id":1395,"href":"https:\/\/blogsaverroes.juntadeandalucia.es\/iessulayr\/wp-json\/wp\/v2\/posts\/1390\/revisions\/1395"}],"wp:attachment":[{"href":"https:\/\/blogsaverroes.juntadeandalucia.es\/iessulayr\/wp-json\/wp\/v2\/media?parent=1390"}],"wp:term":[{"taxonomy":"category","embeddable":true,"href":"https:\/\/blogsaverroes.juntadeandalucia.es\/iessulayr\/wp-json\/wp\/v2\/categories?post=1390"},{"taxonomy":"post_tag","embeddable":true,"href":"https:\/\/blogsaverroes.juntadeandalucia.es\/iessulayr\/wp-json\/wp\/v2\/tags?post=1390"}],"curies":[{"name":"wp","href":"https:\/\/api.w.org\/{rel}","templated":true}]}}