{"id":1599,"date":"2025-02-14T10:55:42","date_gmt":"2025-02-14T09:55:42","guid":{"rendered":"https:\/\/blogsaverroes.juntadeandalucia.es\/iessulayr\/?p=1599"},"modified":"2025-02-14T10:55:47","modified_gmt":"2025-02-14T09:55:47","slug":"excursion-motril","status":"publish","type":"post","link":"https:\/\/blogsaverroes.juntadeandalucia.es\/iessulayr\/excursion-motril\/","title":{"rendered":"Excursi\u00f3n Motril"},"content":{"rendered":"<p>[et_pb_section fb_built=&#8221;1&#8243; theme_builder_area=&#8221;post_content&#8221; _builder_version=&#8221;4.24.2&#8243; _module_preset=&#8221;default&#8221;][et_pb_row _builder_version=&#8221;4.24.2&#8243; _module_preset=&#8221;default&#8221; column_structure=&#8221;1_2,1_2&#8243; theme_builder_area=&#8221;post_content&#8221;][et_pb_column _builder_version=&#8221;4.24.2&#8243; _module_preset=&#8221;default&#8221; type=&#8221;1_2&#8243; theme_builder_area=&#8221;post_content&#8221;][et_pb_text _builder_version=&#8221;4.24.2&#8243; _module_preset=&#8221;default&#8221; theme_builder_area=&#8221;post_content&#8221; hover_enabled=&#8221;0&#8243; sticky_enabled=&#8221;0&#8243;]<\/p>\n<p><span style=\"font-size: 12pt\"><strong>Excursi\u00f3n a Motril<\/strong><\/span><\/p>\n<p>El pasado 13 de febrero los alumnos de 1\u00ba, 2\u00ba y 3\u00ba ESO del IES Sulayr realizaron una visita a Motril donde acudieron a una obra de teatro en ingl\u00e9s y una visita al Museo Preindustrial de la ca\u00f1a de az\u00facar.<\/p>\n<p>Os dejamos algunas fotos, donde tambi\u00e9n podemos ver la participaci\u00f3n en la obra de teatro de la alumna Roxi de 3\u00ba ESO.<\/p>\n<p>[\/et_pb_text][\/et_pb_column][et_pb_column _builder_version=&#8221;4.24.2&#8243; _module_preset=&#8221;default&#8221; type=&#8221;1_2&#8243; theme_builder_area=&#8221;post_content&#8221;][et_pb_image _builder_version=&#8221;4.24.2&#8243; _module_preset=&#8221;default&#8221; theme_builder_area=&#8221;post_content&#8221; title_text=&#8221;visita Museo&#8221; src=&#8221;https:\/\/blogsaverroes.juntadeandalucia.es\/iessulayr\/files\/2025\/02\/visita-Museo.png&#8221; hover_enabled=&#8221;0&#8243; sticky_enabled=&#8221;0&#8243;][\/et_pb_image][\/et_pb_column][\/et_pb_row][et_pb_row _builder_version=&#8221;4.24.2&#8243; _module_preset=&#8221;default&#8221; column_structure=&#8221;1_4,1_4,1_4,1_4&#8243; theme_builder_area=&#8221;post_content&#8221;][et_pb_column _builder_version=&#8221;4.24.2&#8243; _module_preset=&#8221;default&#8221; type=&#8221;1_4&#8243; theme_builder_area=&#8221;post_content&#8221;][et_pb_image _builder_version=&#8221;4.24.2&#8243; _module_preset=&#8221;default&#8221; theme_builder_area=&#8221;post_content&#8221; title_text=&#8221;excursi\u00f3n Motril 1\u00ba ESO&#8221; src=&#8221;https:\/\/blogsaverroes.juntadeandalucia.es\/iessulayr\/files\/2025\/02\/excursion-Motril-1o-ESO.png&#8221; hover_enabled=&#8221;0&#8243; sticky_enabled=&#8221;0&#8243;][\/et_pb_image][\/et_pb_column][et_pb_column _builder_version=&#8221;4.24.2&#8243; _module_preset=&#8221;default&#8221; type=&#8221;1_4&#8243; theme_builder_area=&#8221;post_content&#8221;][et_pb_image _builder_version=&#8221;4.24.2&#8243; _module_preset=&#8221;default&#8221; theme_builder_area=&#8221;post_content&#8221; title_text=&#8221;excursi\u00f3n Motril 2\u00ba ESO&#8221; src=&#8221;https:\/\/blogsaverroes.juntadeandalucia.es\/iessulayr\/files\/2025\/02\/excursion-Motril-2o-ESO.png&#8221; hover_enabled=&#8221;0&#8243; sticky_enabled=&#8221;0&#8243;][\/et_pb_image][\/et_pb_column][et_pb_column _builder_version=&#8221;4.24.2&#8243; _module_preset=&#8221;default&#8221; type=&#8221;1_4&#8243; theme_builder_area=&#8221;post_content&#8221;][et_pb_image _builder_version=&#8221;4.24.2&#8243; _module_preset=&#8221;default&#8221; theme_builder_area=&#8221;post_content&#8221; title_text=&#8221;excursi\u00f3n Motril 3\u00ba ESO&#8221; src=&#8221;https:\/\/blogsaverroes.juntadeandalucia.es\/iessulayr\/files\/2025\/02\/excursion-Motril-3o-ESO.png&#8221; hover_enabled=&#8221;0&#8243; sticky_enabled=&#8221;0&#8243;][\/et_pb_image][\/et_pb_column][et_pb_column _builder_version=&#8221;4.24.2&#8243; _module_preset=&#8221;default&#8221; type=&#8221;1_4&#8243; theme_builder_area=&#8221;post_content&#8221;][et_pb_image _builder_version=&#8221;4.24.2&#8243; _module_preset=&#8221;default&#8221; theme_builder_area=&#8221;post_content&#8221; title_text=&#8221;teatro alumna&#8221; src=&#8221;https:\/\/blogsaverroes.juntadeandalucia.es\/iessulayr\/files\/2025\/02\/teatro-alumna.png&#8221; hover_enabled=&#8221;0&#8243; sticky_enabled=&#8221;0&#8243;][\/et_pb_image][\/et_pb_column][\/et_pb_row][\/et_pb_section]<\/p>\n","protected":false},"excerpt":{"rendered":"<p>Excursi\u00f3n a Motril El pasado 13 de febrero los alumnos de 1\u00ba, 2\u00ba y 3\u00ba ESO del IES Sulayr realizaron una visita a Motril donde acudieron a una obra de teatro en ingl\u00e9s y una visita al Museo Preindustrial de la ca\u00f1a de az\u00facar. Os dejamos algunas fotos, donde tambi\u00e9n podemos ver la participaci\u00f3n en [&hellip;]<\/p>\n","protected":false},"author":15613,"featured_media":0,"comment_status":"closed","ping_status":"open","sticky":false,"template":"","format":"standard","meta":{"_et_pb_use_builder":"on","_et_pb_old_content":"","_et_gb_content_width":"","ngg_post_thumbnail":0,"footnotes":""},"categories":[1],"tags":[],"aioseo_notices":[],"_links":{"self":[{"href":"https:\/\/blogsaverroes.juntadeandalucia.es\/iessulayr\/wp-json\/wp\/v2\/posts\/1599"}],"collection":[{"href":"https:\/\/blogsaverroes.juntadeandalucia.es\/iessulayr\/wp-json\/wp\/v2\/posts"}],"about":[{"href":"https:\/\/blogsaverroes.juntadeandalucia.es\/iessulayr\/wp-json\/wp\/v2\/types\/post"}],"author":[{"embeddable":true,"href":"https:\/\/blogsaverroes.juntadeandalucia.es\/iessulayr\/wp-json\/wp\/v2\/users\/15613"}],"replies":[{"embeddable":true,"href":"https:\/\/blogsaverroes.juntadeandalucia.es\/iessulayr\/wp-json\/wp\/v2\/comments?post=1599"}],"version-history":[{"count":3,"href":"https:\/\/blogsaverroes.juntadeandalucia.es\/iessulayr\/wp-json\/wp\/v2\/posts\/1599\/revisions"}],"predecessor-version":[{"id":1608,"href":"https:\/\/blogsaverroes.juntadeandalucia.es\/iessulayr\/wp-json\/wp\/v2\/posts\/1599\/revisions\/1608"}],"wp:attachment":[{"href":"https:\/\/blogsaverroes.juntadeandalucia.es\/iessulayr\/wp-json\/wp\/v2\/media?parent=1599"}],"wp:term":[{"taxonomy":"category","embeddable":true,"href":"https:\/\/blogsaverroes.juntadeandalucia.es\/iessulayr\/wp-json\/wp\/v2\/categories?post=1599"},{"taxonomy":"post_tag","embeddable":true,"href":"https:\/\/blogsaverroes.juntadeandalucia.es\/iessulayr\/wp-json\/wp\/v2\/tags?post=1599"}],"curies":[{"name":"wp","href":"https:\/\/api.w.org\/{rel}","templated":true}]}}