{"id":1659,"date":"2025-04-01T11:53:46","date_gmt":"2025-04-01T09:53:46","guid":{"rendered":"https:\/\/blogsaverroes.juntadeandalucia.es\/iessulayr\/?p=1659"},"modified":"2025-04-03T13:42:12","modified_gmt":"2025-04-03T11:42:12","slug":"dia-de-las-matematicas","status":"publish","type":"post","link":"https:\/\/blogsaverroes.juntadeandalucia.es\/iessulayr\/dia-de-las-matematicas\/","title":{"rendered":"D\u00eda de las matem\u00e1ticas"},"content":{"rendered":"<p>[et_pb_section fb_built=&#8221;1&#8243; _builder_version=&#8221;4.24.2&#8243; _module_preset=&#8221;default&#8221; global_colors_info=&#8221;{}&#8221;][et_pb_row _builder_version=&#8221;4.24.2&#8243; _module_preset=&#8221;default&#8221; global_colors_info=&#8221;{}&#8221;][et_pb_column type=&#8221;4_4&#8243; _builder_version=&#8221;4.24.2&#8243; _module_preset=&#8221;default&#8221; global_colors_info=&#8221;{}&#8221;][et_pb_text _builder_version=&#8221;4.24.2&#8243; _module_preset=&#8221;default&#8221; global_colors_info=&#8221;{}&#8221;]<\/p>\n<p><span style=\"font-size: 12pt\"><strong>D\u00eda de las matem\u00e1ticas<\/strong><\/span><\/p>\n<p>El pasado viernes 28 de marzo celebramos en el IES Sulayr del d\u00eda de las matem\u00e1ticas. Para ello, profesorado de distintos Departamentos prepararon talleres que realizaron diversos grupos de alumnos: simulaci\u00f3n de circuitos el\u00e9ctricos desde el Departamento de Tecnolog\u00eda, taller de ajedrez, de papiroflexia, de l\u00f3gica y de criptograf\u00eda desde el Departamento de Matem\u00e1ticas, talleres de estimaci\u00f3n de distancias desde el Departamento de Educaci\u00f3n F\u00edsica y talleres de desmentir mitos de RRSS en el laboratorio desde el Departamento de Ciencias Naturales.<\/p>\n<p>Muchas gracias a todos por vuestra participaci\u00f3n y esperamos que lo disfrutarais tanto como nosotros.<\/p>\n<p>[\/et_pb_text][\/et_pb_column][\/et_pb_row][et_pb_row column_structure=&#8221;1_4,1_4,1_4,1_4&#8243; _builder_version=&#8221;4.24.2&#8243; _module_preset=&#8221;default&#8221; global_colors_info=&#8221;{}&#8221;][et_pb_column type=&#8221;1_4&#8243; _builder_version=&#8221;4.24.2&#8243; _module_preset=&#8221;default&#8221; global_colors_info=&#8221;{}&#8221;][et_pb_image src=&#8221;https:\/\/blogsaverroes.juntadeandalucia.es\/iessulayr\/files\/2025\/04\/Papiroflexia-1.jpg&#8221; title_text=&#8221;Papiroflexia 1&#8243; _builder_version=&#8221;4.24.2&#8243; _module_preset=&#8221;default&#8221; global_colors_info=&#8221;{}&#8221;][\/et_pb_image][\/et_pb_column][et_pb_column type=&#8221;1_4&#8243; _builder_version=&#8221;4.24.2&#8243; _module_preset=&#8221;default&#8221; global_colors_info=&#8221;{}&#8221;][et_pb_image src=&#8221;https:\/\/blogsaverroes.juntadeandalucia.es\/iessulayr\/files\/2025\/04\/laboratorio.jpg&#8221; title_text=&#8221;laboratorio&#8221; _builder_version=&#8221;4.24.2&#8243; _module_preset=&#8221;default&#8221; global_colors_info=&#8221;{}&#8221;][\/et_pb_image][\/et_pb_column][et_pb_column type=&#8221;1_4&#8243; _builder_version=&#8221;4.24.2&#8243; _module_preset=&#8221;default&#8221; global_colors_info=&#8221;{}&#8221;][et_pb_image src=&#8221;https:\/\/blogsaverroes.juntadeandalucia.es\/iessulayr\/files\/2025\/04\/Ajedrez-scaled.jpg&#8221; title_text=&#8221;Ajedrez&#8221; _builder_version=&#8221;4.24.2&#8243; _module_preset=&#8221;default&#8221; global_colors_info=&#8221;{}&#8221;][\/et_pb_image][\/et_pb_column][et_pb_column type=&#8221;1_4&#8243; _builder_version=&#8221;4.24.2&#8243; _module_preset=&#8221;default&#8221; global_colors_info=&#8221;{}&#8221;][et_pb_image src=&#8221;https:\/\/blogsaverroes.juntadeandalucia.es\/iessulayr\/files\/2025\/04\/Papiroflexia-2.2.jpg&#8221; title_text=&#8221;Papiroflexia 2&#8243; _builder_version=&#8221;4.24.2&#8243; _module_preset=&#8221;default&#8221; global_colors_info=&#8221;{}&#8221;][\/et_pb_image][\/et_pb_column][\/et_pb_row][et_pb_row _builder_version=&#8221;4.24.2&#8243; _module_preset=&#8221;default&#8221; column_structure=&#8221;1_3,1_3,1_3&#8243;][et_pb_column _builder_version=&#8221;4.24.2&#8243; _module_preset=&#8221;default&#8221; type=&#8221;1_3&#8243;][et_pb_image _builder_version=&#8221;4.24.2&#8243; _module_preset=&#8221;default&#8221; title_text=&#8221;laboratorio&#8221; src=&#8221;https:\/\/blogsaverroes.juntadeandalucia.es\/iessulayr\/files\/2025\/04\/1743679971150.jpg&#8221; hover_enabled=&#8221;0&#8243; sticky_enabled=&#8221;0&#8243;][\/et_pb_image][\/et_pb_column][et_pb_column _builder_version=&#8221;4.24.2&#8243; _module_preset=&#8221;default&#8221; type=&#8221;1_3&#8243;][et_pb_image _builder_version=&#8221;4.24.2&#8243; _module_preset=&#8221;default&#8221; title_text=&#8221;laboratorio 3&#8243; src=&#8221;https:\/\/blogsaverroes.juntadeandalucia.es\/iessulayr\/files\/2025\/04\/1743679971173.jpg&#8221; hover_enabled=&#8221;0&#8243; sticky_enabled=&#8221;0&#8243;][\/et_pb_image][\/et_pb_column][et_pb_column _builder_version=&#8221;4.24.2&#8243; _module_preset=&#8221;default&#8221; type=&#8221;1_3&#8243;][et_pb_image _builder_version=&#8221;4.24.2&#8243; _module_preset=&#8221;default&#8221; title_text=&#8221;laboratorio 4&#8243; src=&#8221;https:\/\/blogsaverroes.juntadeandalucia.es\/iessulayr\/files\/2025\/04\/1743679991394.jpg&#8221; hover_enabled=&#8221;0&#8243; sticky_enabled=&#8221;0&#8243;][\/et_pb_image][\/et_pb_column][\/et_pb_row][\/et_pb_section]<\/p>\n","protected":false},"excerpt":{"rendered":"<p>D\u00eda de las matem\u00e1ticas El pasado viernes 28 de marzo celebramos en el IES Sulayr del d\u00eda de las matem\u00e1ticas. Para ello, profesorado de distintos Departamentos prepararon talleres que realizaron diversos grupos de alumnos: simulaci\u00f3n de circuitos el\u00e9ctricos desde el Departamento de Tecnolog\u00eda, taller de ajedrez, de papiroflexia, de l\u00f3gica y de criptograf\u00eda desde el [&hellip;]<\/p>\n","protected":false},"author":15613,"featured_media":0,"comment_status":"closed","ping_status":"open","sticky":false,"template":"","format":"standard","meta":{"_et_pb_use_builder":"on","_et_pb_old_content":"","_et_gb_content_width":"","ngg_post_thumbnail":0,"footnotes":""},"categories":[1],"tags":[],"aioseo_notices":[],"_links":{"self":[{"href":"https:\/\/blogsaverroes.juntadeandalucia.es\/iessulayr\/wp-json\/wp\/v2\/posts\/1659"}],"collection":[{"href":"https:\/\/blogsaverroes.juntadeandalucia.es\/iessulayr\/wp-json\/wp\/v2\/posts"}],"about":[{"href":"https:\/\/blogsaverroes.juntadeandalucia.es\/iessulayr\/wp-json\/wp\/v2\/types\/post"}],"author":[{"embeddable":true,"href":"https:\/\/blogsaverroes.juntadeandalucia.es\/iessulayr\/wp-json\/wp\/v2\/users\/15613"}],"replies":[{"embeddable":true,"href":"https:\/\/blogsaverroes.juntadeandalucia.es\/iessulayr\/wp-json\/wp\/v2\/comments?post=1659"}],"version-history":[{"count":5,"href":"https:\/\/blogsaverroes.juntadeandalucia.es\/iessulayr\/wp-json\/wp\/v2\/posts\/1659\/revisions"}],"predecessor-version":[{"id":1680,"href":"https:\/\/blogsaverroes.juntadeandalucia.es\/iessulayr\/wp-json\/wp\/v2\/posts\/1659\/revisions\/1680"}],"wp:attachment":[{"href":"https:\/\/blogsaverroes.juntadeandalucia.es\/iessulayr\/wp-json\/wp\/v2\/media?parent=1659"}],"wp:term":[{"taxonomy":"category","embeddable":true,"href":"https:\/\/blogsaverroes.juntadeandalucia.es\/iessulayr\/wp-json\/wp\/v2\/categories?post=1659"},{"taxonomy":"post_tag","embeddable":true,"href":"https:\/\/blogsaverroes.juntadeandalucia.es\/iessulayr\/wp-json\/wp\/v2\/tags?post=1659"}],"curies":[{"name":"wp","href":"https:\/\/api.w.org\/{rel}","templated":true}]}}