{"id":1891,"date":"2026-01-30T10:01:30","date_gmt":"2026-01-30T09:01:30","guid":{"rendered":"https:\/\/blogsaverroes.juntadeandalucia.es\/iessulayr\/?p=1891"},"modified":"2026-01-30T10:01:35","modified_gmt":"2026-01-30T09:01:35","slug":"dia-de-la-paz-2","status":"publish","type":"post","link":"https:\/\/blogsaverroes.juntadeandalucia.es\/iessulayr\/dia-de-la-paz-2\/","title":{"rendered":"D\u00eda de la Paz"},"content":{"rendered":"<p>[et_pb_section fb_built=&#8221;1&#8243; admin_label=&#8221;section&#8221; _builder_version=&#8221;4.16&#8243; global_colors_info=&#8221;{}&#8221;][et_pb_row _builder_version=&#8221;4.24.2&#8243; _module_preset=&#8221;default&#8221; column_structure=&#8221;1_3,1_3,1_3&#8243;][et_pb_column _builder_version=&#8221;4.24.2&#8243; _module_preset=&#8221;default&#8221; type=&#8221;1_3&#8243;][et_pb_image _builder_version=&#8221;4.24.2&#8243; _module_preset=&#8221;default&#8221; title_text=&#8221;pancarta paz&#8221; src=&#8221;https:\/\/blogsaverroes.juntadeandalucia.es\/iessulayr\/files\/2026\/01\/pancarta-paz.png&#8221; hover_enabled=&#8221;0&#8243; sticky_enabled=&#8221;0&#8243;][\/et_pb_image][\/et_pb_column][et_pb_column _builder_version=&#8221;4.24.2&#8243; _module_preset=&#8221;default&#8221; type=&#8221;1_3&#8243;][et_pb_text _builder_version=&#8221;4.24.2&#8243; _module_preset=&#8221;default&#8221; hover_enabled=&#8221;0&#8243; global_colors_info=&#8221;{}&#8221; sticky_enabled=&#8221;0&#8243;]<\/p>\n<p><span style=\"font-size: 12pt\"><strong>D\u00eda de la paz<\/strong><\/span><\/p>\n<p>El viernes 30 de enero celebramos el d\u00eda de la paz en el IES Sulayr. Los alumnos de 1\u00ba y 3\u00ba ESO realizaron unas grullas de papel para representar <em>la leyenda de las mil grullas<\/em>, y una parte del alumnado de 3\u00ba ESO realiz\u00f3 un mural por la paz. Adem\u00e1s, en los recreos se disfrut\u00f3 de m\u00fasica relacionada con la tem\u00e1tica.<\/p>\n<p>Feliz d\u00eda de la paz<\/p>\n<p>[\/et_pb_text][\/et_pb_column][et_pb_column _builder_version=&#8221;4.24.2&#8243; _module_preset=&#8221;default&#8221; type=&#8221;1_3&#8243;][et_pb_image _builder_version=&#8221;4.24.2&#8243; _module_preset=&#8221;default&#8221; title_text=&#8221;grullas papel&#8221; src=&#8221;https:\/\/blogsaverroes.juntadeandalucia.es\/iessulayr\/files\/2026\/01\/grullas-papel.png&#8221; hover_enabled=&#8221;0&#8243; sticky_enabled=&#8221;0&#8243;][\/et_pb_image][\/et_pb_column][\/et_pb_row][\/et_pb_section]<\/p>\n","protected":false},"excerpt":{"rendered":"<p>D\u00eda de la paz El viernes 30 de enero celebramos el d\u00eda de la paz en el IES Sulayr. Los alumnos de 1\u00ba y 3\u00ba ESO realizaron unas grullas de papel para representar la leyenda de las mil grullas, y una parte del alumnado de 3\u00ba ESO realiz\u00f3 un mural por la paz. Adem\u00e1s, en [&hellip;]<\/p>\n","protected":false},"author":15613,"featured_media":0,"comment_status":"closed","ping_status":"open","sticky":false,"template":"","format":"standard","meta":{"_et_pb_use_builder":"on","_et_pb_old_content":"","_et_gb_content_width":"","ngg_post_thumbnail":0,"footnotes":""},"categories":[1],"tags":[],"aioseo_notices":[],"_links":{"self":[{"href":"https:\/\/blogsaverroes.juntadeandalucia.es\/iessulayr\/wp-json\/wp\/v2\/posts\/1891"}],"collection":[{"href":"https:\/\/blogsaverroes.juntadeandalucia.es\/iessulayr\/wp-json\/wp\/v2\/posts"}],"about":[{"href":"https:\/\/blogsaverroes.juntadeandalucia.es\/iessulayr\/wp-json\/wp\/v2\/types\/post"}],"author":[{"embeddable":true,"href":"https:\/\/blogsaverroes.juntadeandalucia.es\/iessulayr\/wp-json\/wp\/v2\/users\/15613"}],"replies":[{"embeddable":true,"href":"https:\/\/blogsaverroes.juntadeandalucia.es\/iessulayr\/wp-json\/wp\/v2\/comments?post=1891"}],"version-history":[{"count":4,"href":"https:\/\/blogsaverroes.juntadeandalucia.es\/iessulayr\/wp-json\/wp\/v2\/posts\/1891\/revisions"}],"predecessor-version":[{"id":1899,"href":"https:\/\/blogsaverroes.juntadeandalucia.es\/iessulayr\/wp-json\/wp\/v2\/posts\/1891\/revisions\/1899"}],"wp:attachment":[{"href":"https:\/\/blogsaverroes.juntadeandalucia.es\/iessulayr\/wp-json\/wp\/v2\/media?parent=1891"}],"wp:term":[{"taxonomy":"category","embeddable":true,"href":"https:\/\/blogsaverroes.juntadeandalucia.es\/iessulayr\/wp-json\/wp\/v2\/categories?post=1891"},{"taxonomy":"post_tag","embeddable":true,"href":"https:\/\/blogsaverroes.juntadeandalucia.es\/iessulayr\/wp-json\/wp\/v2\/tags?post=1891"}],"curies":[{"name":"wp","href":"https:\/\/api.w.org\/{rel}","templated":true}]}}