{"id":1977,"date":"2026-02-26T10:50:03","date_gmt":"2026-02-26T09:50:03","guid":{"rendered":"https:\/\/blogsaverroes.juntadeandalucia.es\/iessulayr\/?p=1977"},"modified":"2026-02-26T10:50:09","modified_gmt":"2026-02-26T09:50:09","slug":"aikido-20-febrero","status":"publish","type":"post","link":"https:\/\/blogsaverroes.juntadeandalucia.es\/iessulayr\/aikido-20-febrero\/","title":{"rendered":"Aikido 20 febrero"},"content":{"rendered":"<p>[et_pb_section fb_built=&#8221;1&#8243; theme_builder_area=&#8221;post_content&#8221; _builder_version=&#8221;4.24.2&#8243; _module_preset=&#8221;default&#8221;][et_pb_row _builder_version=&#8221;4.24.2&#8243; _module_preset=&#8221;default&#8221; column_structure=&#8221;1_2,1_2&#8243; theme_builder_area=&#8221;post_content&#8221;][et_pb_column _builder_version=&#8221;4.24.2&#8243; _module_preset=&#8221;default&#8221; type=&#8221;1_2&#8243; theme_builder_area=&#8221;post_content&#8221;][et_pb_text _builder_version=&#8221;4.24.2&#8243; _module_preset=&#8221;default&#8221; theme_builder_area=&#8221;post_content&#8221; hover_enabled=&#8221;0&#8243; sticky_enabled=&#8221;0&#8243;]<\/p>\n<p><span style=\"font-size: 14pt\"><strong>Encuentro proyecto SkillAiPlus<\/strong><\/span><\/p>\n<p>El pasado 20 de febrero los alumnos de 1\u00ba ESO del IES Sulayr participaron en el encuentro donde se present\u00f3 el Aikido como herramienta para prevenci\u00f3n de conflictos de forma pac\u00edfica. M\u00e1s informaci\u00f3n en <a href=\"https:\/\/elcomarcaldelaalpujarra.com\/mas-de-200-escolares-participan-en-la-presentacion-del-aikido-dentro-del-proyecto-skillaiplus\/\">elcomarcaldelaalpujarra<\/a>&nbsp;<\/p>\n<p>[\/et_pb_text][et_pb_image _builder_version=&#8221;4.24.2&#8243; _module_preset=&#8221;default&#8221; theme_builder_area=&#8221;post_content&#8221; title_text=&#8221;Aikido&#8221; src=&#8221;https:\/\/blogsaverroes.juntadeandalucia.es\/iessulayr\/files\/2026\/02\/IMG_20260220_123504-scaled.jpg&#8221; hover_enabled=&#8221;0&#8243; sticky_enabled=&#8221;0&#8243;][\/et_pb_image][et_pb_image _builder_version=&#8221;4.24.2&#8243; _module_preset=&#8221;default&#8221; theme_builder_area=&#8221;post_content&#8221; title_text=&#8221;Aikido&#8221; src=&#8221;https:\/\/blogsaverroes.juntadeandalucia.es\/iessulayr\/files\/2026\/02\/IMG_20260220_114739-scaled.jpg&#8221; hover_enabled=&#8221;0&#8243; sticky_enabled=&#8221;0&#8243;][\/et_pb_image][\/et_pb_column][et_pb_column _builder_version=&#8221;4.24.2&#8243; _module_preset=&#8221;default&#8221; type=&#8221;1_2&#8243; theme_builder_area=&#8221;post_content&#8221;][et_pb_image _builder_version=&#8221;4.24.2&#8243; _module_preset=&#8221;default&#8221; theme_builder_area=&#8221;post_content&#8221; title_text=&#8221;Aikido encuentro&#8221; src=&#8221;https:\/\/blogsaverroes.juntadeandalucia.es\/iessulayr\/files\/2026\/02\/IMG_20260220_130712-scaled.jpg&#8221; hover_enabled=&#8221;0&#8243; sticky_enabled=&#8221;0&#8243;][\/et_pb_image][et_pb_image _builder_version=&#8221;4.24.2&#8243; _module_preset=&#8221;default&#8221; theme_builder_area=&#8221;post_content&#8221; title_text=&#8221;Aikido&#8221; src=&#8221;https:\/\/blogsaverroes.juntadeandalucia.es\/iessulayr\/files\/2026\/02\/IMG_20260220_114712-scaled.jpg&#8221; hover_enabled=&#8221;0&#8243; sticky_enabled=&#8221;0&#8243;][\/et_pb_image][et_pb_image _builder_version=&#8221;4.24.2&#8243; _module_preset=&#8221;default&#8221; theme_builder_area=&#8221;post_content&#8221; title_text=&#8221;Aikido&#8221; src=&#8221;https:\/\/blogsaverroes.juntadeandalucia.es\/iessulayr\/files\/2026\/02\/IMG_20260220_122050-scaled.jpg&#8221; hover_enabled=&#8221;0&#8243; sticky_enabled=&#8221;0&#8243;][\/et_pb_image][\/et_pb_column][\/et_pb_row][\/et_pb_section]<\/p>\n","protected":false},"excerpt":{"rendered":"<p>Encuentro proyecto SkillAiPlus El pasado 20 de febrero los alumnos de 1\u00ba ESO del IES Sulayr participaron en el encuentro donde se present\u00f3 el Aikido como herramienta para prevenci\u00f3n de conflictos de forma pac\u00edfica. M\u00e1s informaci\u00f3n en elcomarcaldelaalpujarra&nbsp;<\/p>\n","protected":false},"author":15613,"featured_media":0,"comment_status":"closed","ping_status":"open","sticky":false,"template":"","format":"standard","meta":{"_et_pb_use_builder":"on","_et_pb_old_content":"","_et_gb_content_width":"","ngg_post_thumbnail":0,"footnotes":""},"categories":[1],"tags":[],"aioseo_notices":[],"_links":{"self":[{"href":"https:\/\/blogsaverroes.juntadeandalucia.es\/iessulayr\/wp-json\/wp\/v2\/posts\/1977"}],"collection":[{"href":"https:\/\/blogsaverroes.juntadeandalucia.es\/iessulayr\/wp-json\/wp\/v2\/posts"}],"about":[{"href":"https:\/\/blogsaverroes.juntadeandalucia.es\/iessulayr\/wp-json\/wp\/v2\/types\/post"}],"author":[{"embeddable":true,"href":"https:\/\/blogsaverroes.juntadeandalucia.es\/iessulayr\/wp-json\/wp\/v2\/users\/15613"}],"replies":[{"embeddable":true,"href":"https:\/\/blogsaverroes.juntadeandalucia.es\/iessulayr\/wp-json\/wp\/v2\/comments?post=1977"}],"version-history":[{"count":3,"href":"https:\/\/blogsaverroes.juntadeandalucia.es\/iessulayr\/wp-json\/wp\/v2\/posts\/1977\/revisions"}],"predecessor-version":[{"id":1989,"href":"https:\/\/blogsaverroes.juntadeandalucia.es\/iessulayr\/wp-json\/wp\/v2\/posts\/1977\/revisions\/1989"}],"wp:attachment":[{"href":"https:\/\/blogsaverroes.juntadeandalucia.es\/iessulayr\/wp-json\/wp\/v2\/media?parent=1977"}],"wp:term":[{"taxonomy":"category","embeddable":true,"href":"https:\/\/blogsaverroes.juntadeandalucia.es\/iessulayr\/wp-json\/wp\/v2\/categories?post=1977"},{"taxonomy":"post_tag","embeddable":true,"href":"https:\/\/blogsaverroes.juntadeandalucia.es\/iessulayr\/wp-json\/wp\/v2\/tags?post=1977"}],"curies":[{"name":"wp","href":"https:\/\/api.w.org\/{rel}","templated":true}]}}