{"id":1990,"date":"2026-02-26T17:09:52","date_gmt":"2026-02-26T16:09:52","guid":{"rendered":"https:\/\/blogsaverroes.juntadeandalucia.es\/iessulayr\/?p=1990"},"modified":"2026-03-03T13:37:57","modified_gmt":"2026-03-03T12:37:57","slug":"dia-de-andalucia","status":"publish","type":"post","link":"https:\/\/blogsaverroes.juntadeandalucia.es\/iessulayr\/dia-de-andalucia\/","title":{"rendered":"D\u00eda de Andaluc\u00eda"},"content":{"rendered":"<p>[et_pb_section fb_built=&#8221;1&#8243; _builder_version=&#8221;4.24.2&#8243; _module_preset=&#8221;default&#8221; global_colors_info=&#8221;{}&#8221;][et_pb_row column_structure=&#8221;1_2,1_2&#8243; _builder_version=&#8221;4.24.2&#8243; _module_preset=&#8221;default&#8221; global_colors_info=&#8221;{}&#8221;][et_pb_column type=&#8221;1_2&#8243; _builder_version=&#8221;4.24.2&#8243; _module_preset=&#8221;default&#8221; global_colors_info=&#8221;{}&#8221;][et_pb_text _builder_version=&#8221;4.24.2&#8243; _module_preset=&#8221;default&#8221; global_colors_info=&#8221;{}&#8221;]<\/p>\n<p><span style=\"font-size: 14pt\"><strong>D\u00eda de Andaluc\u00eda<\/strong><\/span><\/p>\n<p>El jueves 26 de febrero el IES Sulayr ha celebrado el d\u00eda de Andaluc\u00eda con diversos talleres. En todos los cursos han realizado un taller de pancakes y de carreras de relevos financiado por el Programa de Competencia Comunicativa en Ense\u00f1anza Biling\u00fce. Dicho Programa tambi\u00e9n ha subvencionado el taller de teatro sobre Harry Potter en este caso con el alumnado de 1\u00ba ESO. Adem\u00e1s, ha visitado el centro El Ni\u00f1o del Albaic\u00edn para hacer un taller de rap con el alumnado de 1\u00ba ESO. Esta \u00faltima actuaci\u00f3n, junto con los bocadillos que se han repartido al alumnado del centro, los ha subvencionado el centro. El Departamento de Educaci\u00f3n F\u00edsica tambi\u00e9n ha organizado unas competiciones deportivas con todo el alumnado para terminar el d\u00eda. Os dejamos algunas fotos y, pr\u00f3ximamente, subiremos m\u00e1s.<\/p>\n<p>[\/et_pb_text][et_pb_image src=&#8221;https:\/\/blogsaverroes.juntadeandalucia.es\/iessulayr\/files\/2026\/02\/logos.png&#8221; title_text=&#8221;logos&#8221; _builder_version=&#8221;4.24.2&#8243; _module_preset=&#8221;default&#8221; global_colors_info=&#8221;{}&#8221;][\/et_pb_image][et_pb_image src=&#8221;https:\/\/blogsaverroes.juntadeandalucia.es\/iessulayr\/files\/2026\/02\/IMG_20260226_092815-scaled.jpg&#8221; title_text=&#8221;pancakes&#8221; _builder_version=&#8221;4.24.2&#8243; _module_preset=&#8221;default&#8221; global_colors_info=&#8221;{}&#8221;][\/et_pb_image][et_pb_image src=&#8221;https:\/\/blogsaverroes.juntadeandalucia.es\/iessulayr\/files\/2026\/02\/ajedrez-scaled.jpg&#8221; title_text=&#8221;ajedrez&#8221; _builder_version=&#8221;4.24.2&#8243; _module_preset=&#8221;default&#8221; global_colors_info=&#8221;{}&#8221;][\/et_pb_image][\/et_pb_column][et_pb_column type=&#8221;1_2&#8243; _builder_version=&#8221;4.24.2&#8243; _module_preset=&#8221;default&#8221; global_colors_info=&#8221;{}&#8221;][et_pb_image src=&#8221;https:\/\/blogsaverroes.juntadeandalucia.es\/iessulayr\/files\/2026\/02\/IMG_20260226_092006-scaled.jpg&#8221; title_text=&#8221;pancakes&#8221; _builder_version=&#8221;4.24.2&#8243; _module_preset=&#8221;default&#8221; global_colors_info=&#8221;{}&#8221;][\/et_pb_image][et_pb_image src=&#8221;https:\/\/blogsaverroes.juntadeandalucia.es\/iessulayr\/files\/2026\/02\/IMG_20260226_101512-scaled.jpg&#8221; title_text=&#8221;relevos&#8221; _builder_version=&#8221;4.24.2&#8243; _module_preset=&#8221;default&#8221; global_colors_info=&#8221;{}&#8221;][\/et_pb_image][\/et_pb_column][\/et_pb_row][\/et_pb_section]<\/p>\n","protected":false},"excerpt":{"rendered":"<p>D\u00eda de Andaluc\u00eda El jueves 26 de febrero el IES Sulayr ha celebrado el d\u00eda de Andaluc\u00eda con diversos talleres. En todos los cursos han realizado un taller de pancakes y de carreras de relevos financiado por el Programa de Competencia Comunicativa en Ense\u00f1anza Biling\u00fce. Dicho Programa tambi\u00e9n ha subvencionado el taller de teatro sobre [&hellip;]<\/p>\n","protected":false},"author":15613,"featured_media":0,"comment_status":"closed","ping_status":"open","sticky":false,"template":"","format":"standard","meta":{"_et_pb_use_builder":"on","_et_pb_old_content":"","_et_gb_content_width":"","ngg_post_thumbnail":0,"footnotes":""},"categories":[1],"tags":[],"aioseo_notices":[],"_links":{"self":[{"href":"https:\/\/blogsaverroes.juntadeandalucia.es\/iessulayr\/wp-json\/wp\/v2\/posts\/1990"}],"collection":[{"href":"https:\/\/blogsaverroes.juntadeandalucia.es\/iessulayr\/wp-json\/wp\/v2\/posts"}],"about":[{"href":"https:\/\/blogsaverroes.juntadeandalucia.es\/iessulayr\/wp-json\/wp\/v2\/types\/post"}],"author":[{"embeddable":true,"href":"https:\/\/blogsaverroes.juntadeandalucia.es\/iessulayr\/wp-json\/wp\/v2\/users\/15613"}],"replies":[{"embeddable":true,"href":"https:\/\/blogsaverroes.juntadeandalucia.es\/iessulayr\/wp-json\/wp\/v2\/comments?post=1990"}],"version-history":[{"count":6,"href":"https:\/\/blogsaverroes.juntadeandalucia.es\/iessulayr\/wp-json\/wp\/v2\/posts\/1990\/revisions"}],"predecessor-version":[{"id":2007,"href":"https:\/\/blogsaverroes.juntadeandalucia.es\/iessulayr\/wp-json\/wp\/v2\/posts\/1990\/revisions\/2007"}],"wp:attachment":[{"href":"https:\/\/blogsaverroes.juntadeandalucia.es\/iessulayr\/wp-json\/wp\/v2\/media?parent=1990"}],"wp:term":[{"taxonomy":"category","embeddable":true,"href":"https:\/\/blogsaverroes.juntadeandalucia.es\/iessulayr\/wp-json\/wp\/v2\/categories?post=1990"},{"taxonomy":"post_tag","embeddable":true,"href":"https:\/\/blogsaverroes.juntadeandalucia.es\/iessulayr\/wp-json\/wp\/v2\/tags?post=1990"}],"curies":[{"name":"wp","href":"https:\/\/api.w.org\/{rel}","templated":true}]}}