{"id":2131,"date":"2026-04-24T10:30:51","date_gmt":"2026-04-24T08:30:51","guid":{"rendered":"https:\/\/blogsaverroes.juntadeandalucia.es\/iessulayr\/?p=2131"},"modified":"2026-04-24T10:30:56","modified_gmt":"2026-04-24T08:30:56","slug":"dia-del-libro-2","status":"publish","type":"post","link":"https:\/\/blogsaverroes.juntadeandalucia.es\/iessulayr\/dia-del-libro-2\/","title":{"rendered":"D\u00eda del libro"},"content":{"rendered":"<p>[et_pb_section fb_built=&#8221;1&#8243; theme_builder_area=&#8221;post_content&#8221; _builder_version=&#8221;4.24.2&#8243; _module_preset=&#8221;default&#8221;][et_pb_row _builder_version=&#8221;4.24.2&#8243; _module_preset=&#8221;default&#8221; theme_builder_area=&#8221;post_content&#8221;][et_pb_column _builder_version=&#8221;4.24.2&#8243; _module_preset=&#8221;default&#8221; type=&#8221;4_4&#8243; theme_builder_area=&#8221;post_content&#8221;][et_pb_text _builder_version=&#8221;4.24.2&#8243; _module_preset=&#8221;default&#8221; theme_builder_area=&#8221;post_content&#8221; hover_enabled=&#8221;0&#8243; sticky_enabled=&#8221;0&#8243;]<\/p>\n<p><span style=\"font-size: 12pt\"><strong>D\u00eda del libro<\/strong><\/span><\/p>\n<p>El 23 de abril el IES Sulayr se sumergi\u00f3 en el mundo de &#8220;Alicia en el Pa\u00eds de las Maravillas&#8221; de Lewis Carroll para celebrar el d\u00eda del libro. Los alumnos realizaron un gran trabajo desde los diferentes Departamentos participantes enfrent\u00e1ndose a acertijos diarios matem\u00e1ticos, interpretando partidas de ajedrez vivientes, concursando con sus interpretaciones del Sombrerero Loco, realizando y colocando atrezo por el centro, participando en un concurso de relatos partiendo del t\u00edtulo de la obra y de una imagen de alguno de los personajes, para disfrutar de un d\u00eda diferente.<\/p>\n<p>Os dejamos algunas fotos de este d\u00eda.<\/p>\n<p>[\/et_pb_text][\/et_pb_column][\/et_pb_row][et_pb_row _builder_version=&#8221;4.24.2&#8243; _module_preset=&#8221;default&#8221; column_structure=&#8221;1_4,1_4,1_4,1_4&#8243; theme_builder_area=&#8221;post_content&#8221;][et_pb_column _builder_version=&#8221;4.24.2&#8243; _module_preset=&#8221;default&#8221; type=&#8221;1_4&#8243; theme_builder_area=&#8221;post_content&#8221;][et_pb_image _builder_version=&#8221;4.24.2&#8243; _module_preset=&#8221;default&#8221; theme_builder_area=&#8221;post_content&#8221; title_text=&#8221;Alicia1&#8243; src=&#8221;https:\/\/blogsaverroes.juntadeandalucia.es\/iessulayr\/files\/2026\/04\/1777016279302-scaled.jpg&#8221; hover_enabled=&#8221;0&#8243; sticky_enabled=&#8221;0&#8243;][\/et_pb_image][et_pb_image _builder_version=&#8221;4.24.2&#8243; _module_preset=&#8221;default&#8221; theme_builder_area=&#8221;post_content&#8221; title_text=&#8221;Alicia6&#8243; src=&#8221;https:\/\/blogsaverroes.juntadeandalucia.es\/iessulayr\/files\/2026\/04\/1777016279506-scaled.jpg&#8221; hover_enabled=&#8221;0&#8243; sticky_enabled=&#8221;0&#8243;][\/et_pb_image][et_pb_image _builder_version=&#8221;4.24.2&#8243; _module_preset=&#8221;default&#8221; theme_builder_area=&#8221;post_content&#8221; title_text=&#8221;Alicia9&#8243; src=&#8221;https:\/\/blogsaverroes.juntadeandalucia.es\/iessulayr\/files\/2026\/04\/1777016279206-scaled.jpg&#8221; hover_enabled=&#8221;0&#8243; sticky_enabled=&#8221;0&#8243;][\/et_pb_image][\/et_pb_column][et_pb_column _builder_version=&#8221;4.24.2&#8243; _module_preset=&#8221;default&#8221; type=&#8221;1_4&#8243; theme_builder_area=&#8221;post_content&#8221;][et_pb_image _builder_version=&#8221;4.24.2&#8243; _module_preset=&#8221;default&#8221; theme_builder_area=&#8221;post_content&#8221; title_text=&#8221;Alicia2&#8243; src=&#8221;https:\/\/blogsaverroes.juntadeandalucia.es\/iessulayr\/files\/2026\/04\/1777016279465-scaled.jpg&#8221; hover_enabled=&#8221;0&#8243; sticky_enabled=&#8221;0&#8243;][\/et_pb_image][et_pb_image _builder_version=&#8221;4.24.2&#8243; _module_preset=&#8221;default&#8221; theme_builder_area=&#8221;post_content&#8221; title_text=&#8221;Alicia7&#8243; src=&#8221;https:\/\/blogsaverroes.juntadeandalucia.es\/iessulayr\/files\/2026\/04\/1777016279493-scaled.jpg&#8221; hover_enabled=&#8221;0&#8243; sticky_enabled=&#8221;0&#8243;][\/et_pb_image][et_pb_image _builder_version=&#8221;4.24.2&#8243; _module_preset=&#8221;default&#8221; theme_builder_area=&#8221;post_content&#8221; title_text=&#8221;Alicia10&#8243; src=&#8221;https:\/\/blogsaverroes.juntadeandalucia.es\/iessulayr\/files\/2026\/04\/1777016279346-scaled.jpg&#8221; hover_enabled=&#8221;0&#8243; sticky_enabled=&#8221;0&#8243;][\/et_pb_image][\/et_pb_column][et_pb_column _builder_version=&#8221;4.24.2&#8243; _module_preset=&#8221;default&#8221; type=&#8221;1_4&#8243; theme_builder_area=&#8221;post_content&#8221;][et_pb_image _builder_version=&#8221;4.24.2&#8243; _module_preset=&#8221;default&#8221; theme_builder_area=&#8221;post_content&#8221; title_text=&#8221;Alicia3&#8243; src=&#8221;https:\/\/blogsaverroes.juntadeandalucia.es\/iessulayr\/files\/2026\/04\/1777016551168-scaled.jpg&#8221; hover_enabled=&#8221;0&#8243; sticky_enabled=&#8221;0&#8243;][\/et_pb_image][et_pb_image _builder_version=&#8221;4.24.2&#8243; _module_preset=&#8221;default&#8221; theme_builder_area=&#8221;post_content&#8221; title_text=&#8221;Alicia5&#8243; src=&#8221;https:\/\/blogsaverroes.juntadeandalucia.es\/iessulayr\/files\/2026\/04\/1777016279274-scaled.jpg&#8221; hover_enabled=&#8221;0&#8243; sticky_enabled=&#8221;0&#8243;][\/et_pb_image][et_pb_image _builder_version=&#8221;4.24.2&#8243; _module_preset=&#8221;default&#8221; theme_builder_area=&#8221;post_content&#8221; title_text=&#8221;Alicia11&#8243; src=&#8221;https:\/\/blogsaverroes.juntadeandalucia.es\/iessulayr\/files\/2026\/04\/1777016279315-scaled.jpg&#8221; hover_enabled=&#8221;0&#8243; sticky_enabled=&#8221;0&#8243;][\/et_pb_image][\/et_pb_column][et_pb_column _builder_version=&#8221;4.24.2&#8243; _module_preset=&#8221;default&#8221; type=&#8221;1_4&#8243; theme_builder_area=&#8221;post_content&#8221;][et_pb_image _builder_version=&#8221;4.24.2&#8243; _module_preset=&#8221;default&#8221; theme_builder_area=&#8221;post_content&#8221; title_text=&#8221;Alicia4&#8243; src=&#8221;https:\/\/blogsaverroes.juntadeandalucia.es\/iessulayr\/files\/2026\/04\/1777016279240-scaled.jpg&#8221; hover_enabled=&#8221;0&#8243; sticky_enabled=&#8221;0&#8243;][\/et_pb_image][et_pb_image _builder_version=&#8221;4.24.2&#8243; _module_preset=&#8221;default&#8221; theme_builder_area=&#8221;post_content&#8221; title_text=&#8221;Alicia8&#8243; src=&#8221;https:\/\/blogsaverroes.juntadeandalucia.es\/iessulayr\/files\/2026\/04\/1777016279482-scaled.jpg&#8221; hover_enabled=&#8221;0&#8243; sticky_enabled=&#8221;0&#8243;][\/et_pb_image][et_pb_image _builder_version=&#8221;4.24.2&#8243; _module_preset=&#8221;default&#8221; theme_builder_area=&#8221;post_content&#8221; title_text=&#8221;Alicia12&#8243; src=&#8221;https:\/\/blogsaverroes.juntadeandalucia.es\/iessulayr\/files\/2026\/04\/storage_emulated_0_Android_data_com.miui_.gallery_cache_SecurityShare_1777016279417-scaled.jpg&#8221; hover_enabled=&#8221;0&#8243; sticky_enabled=&#8221;0&#8243;][\/et_pb_image][\/et_pb_column][\/et_pb_row][\/et_pb_section]<\/p>\n","protected":false},"excerpt":{"rendered":"<p>D\u00eda del libro El 23 de abril el IES Sulayr se sumergi\u00f3 en el mundo de &#8220;Alicia en el Pa\u00eds de las Maravillas&#8221; de Lewis Carroll para celebrar el d\u00eda del libro. Los alumnos realizaron un gran trabajo desde los diferentes Departamentos participantes enfrent\u00e1ndose a acertijos diarios matem\u00e1ticos, interpretando partidas de ajedrez vivientes, concursando con [&hellip;]<\/p>\n","protected":false},"author":15613,"featured_media":0,"comment_status":"closed","ping_status":"open","sticky":false,"template":"","format":"standard","meta":{"_et_pb_use_builder":"on","_et_pb_old_content":"","_et_gb_content_width":"","ngg_post_thumbnail":0,"footnotes":""},"categories":[1],"tags":[],"aioseo_notices":[],"_links":{"self":[{"href":"https:\/\/blogsaverroes.juntadeandalucia.es\/iessulayr\/wp-json\/wp\/v2\/posts\/2131"}],"collection":[{"href":"https:\/\/blogsaverroes.juntadeandalucia.es\/iessulayr\/wp-json\/wp\/v2\/posts"}],"about":[{"href":"https:\/\/blogsaverroes.juntadeandalucia.es\/iessulayr\/wp-json\/wp\/v2\/types\/post"}],"author":[{"embeddable":true,"href":"https:\/\/blogsaverroes.juntadeandalucia.es\/iessulayr\/wp-json\/wp\/v2\/users\/15613"}],"replies":[{"embeddable":true,"href":"https:\/\/blogsaverroes.juntadeandalucia.es\/iessulayr\/wp-json\/wp\/v2\/comments?post=2131"}],"version-history":[{"count":4,"href":"https:\/\/blogsaverroes.juntadeandalucia.es\/iessulayr\/wp-json\/wp\/v2\/posts\/2131\/revisions"}],"predecessor-version":[{"id":2149,"href":"https:\/\/blogsaverroes.juntadeandalucia.es\/iessulayr\/wp-json\/wp\/v2\/posts\/2131\/revisions\/2149"}],"wp:attachment":[{"href":"https:\/\/blogsaverroes.juntadeandalucia.es\/iessulayr\/wp-json\/wp\/v2\/media?parent=2131"}],"wp:term":[{"taxonomy":"category","embeddable":true,"href":"https:\/\/blogsaverroes.juntadeandalucia.es\/iessulayr\/wp-json\/wp\/v2\/categories?post=2131"},{"taxonomy":"post_tag","embeddable":true,"href":"https:\/\/blogsaverroes.juntadeandalucia.es\/iessulayr\/wp-json\/wp\/v2\/tags?post=2131"}],"curies":[{"name":"wp","href":"https:\/\/api.w.org\/{rel}","templated":true}]}}