{"id":2482,"date":"2020-02-06T20:18:36","date_gmt":"2020-02-06T20:18:36","guid":{"rendered":"https:\/\/blogsaverroes.juntadeandalucia.es\/iestorredelprado\/?p=2482"},"modified":"2022-11-07T23:44:02","modified_gmt":"2022-11-07T22:44:02","slug":"ipasen","status":"publish","type":"post","link":"https:\/\/blogsaverroes.juntadeandalucia.es\/iestorredelprado\/2020\/02\/06\/ipasen\/","title":{"rendered":"iPasen"},"content":{"rendered":"<p style=\"text-align: justify\"><strong>Pasen<\/strong> es el m\u00f3dulo de S\u00e9neca que permite la comunicaci\u00f3n de nuestro centro con las familias, tutores legales y alumnado.<br \/>\n<strong>iPasen<\/strong> es la versi\u00f3n para tel\u00e9fonos m\u00f3viles y tabletas de Pasen. Ya se puede descargar la versi\u00f3n de iPasen para iOS y Android. Ambas est\u00e1n disponibles en la <strong>AppStore<\/strong> y <strong>PlayStore<\/strong><\/p>\n<p style=\"text-align: center\"><a href=\"https:\/\/apps.apple.com\/es\/app\/ipasen\/id511127024\" target=\"_blank\" rel=\"noopener noreferrer\">iPasen para iOS<\/a><br \/>\n<a href=\"https:\/\/play.google.com\/store\/apps\/details?id=juntadeandalucia.ced.pasen\" target=\"_blank\" rel=\"noopener noreferrer\">iPasen para Android<\/a><\/p>\n<p style=\"text-align: justify\">Con la \u00faltima actua\u00f1izaci\u00f3n de<strong> iPasen<\/strong> pueden consultar:<\/p>\n<ul>\n<li style=\"text-align: justify\"><strong>Noticias<\/strong> de la Consejer\u00eda de Educaci\u00f3n<\/li>\n<li style=\"text-align: justify\"><strong>Agenda personal<\/strong><\/li>\n<li style=\"text-align: justify\">Modificaci\u00f3n de <strong>Datos<\/strong> personales<\/li>\n<li style=\"text-align: justify\"><strong>Comunicaciones<\/strong> con el tutor y el Equipo Directivo<\/li>\n<li style=\"text-align: justify\">Datos del <strong>Tutor<\/strong> y horario de visita<\/li>\n<li style=\"text-align: justify\"><strong>Ficha<\/strong> del alumno<\/li>\n<li style=\"text-align: justify\">Avisar, recibir notificaci\u00f3n y enviar justificaciones de<strong> Faltas de asistencia<\/strong> del alumnado<\/li>\n<li style=\"text-align: justify\"><strong>Calificaciones<\/strong> finales de evaluaci\u00f3n<\/li>\n<li style=\"text-align: justify\"><strong>Observaciones<\/strong> del profesorado<\/li>\n<li style=\"text-align: justify\"><strong>Conductas contrarias<\/strong><\/li>\n<li style=\"text-align: justify\"><strong>Horario<\/strong> personal<\/li>\n<li style=\"text-align: justify\"><strong>Notas<\/strong> de Actividades evaluables<\/li>\n<li style=\"text-align: justify\"><strong>Autorizar<\/strong> salidas para actividades extraescolares<\/li>\n<li style=\"text-align: justify\"><strong>Datos del Centro<\/strong><\/li>\n<li style=\"text-align: justify\"><strong>Calendario<\/strong> Escolar<\/li>\n<li style=\"text-align: justify\"><strong>Tabl\u00f3n<\/strong> de anuncios<\/li>\n<li><strong>Solicitar cambios de grupo<\/strong><\/li>\n<\/ul>\n<p>El centro utilizar\u00e1 la plataforma Pasen para:<\/p>\n<ul>\n<li>Realizar <strong>comunicaciones<\/strong> con los miembros de la Comunidad Educativa<\/li>\n<li>Recibir solicitudes de <strong>cambios de grupo y asignatura<\/strong> a principio de curso<\/li>\n<li>Hacer llegar <strong>documentos<\/strong> y <strong>certificados<\/strong> y<\/li>\n<li><strong>Petici\u00f3n de citas<\/strong> con los tutores<\/li>\n<\/ul>\n<p style=\"text-align: center\"><a href=\"https:\/\/youtu.be\/7ShGT1uK_Wg\" target=\"_blank\" rel=\"noopener noreferrer\">V\u00eddeo divulgativo sobre iPASEN<\/a><br \/>\n<a href=\"https:\/\/view.genial.ly\/5d84bf1ccf76580f727a1a9f\" target=\"_blank\" rel=\"noopener noreferrer\">Funcionalidades de iPASEN<\/a><\/p>\n","protected":false},"excerpt":{"rendered":"<p>&#46;&#46;&#46;<\/p>\n","protected":false},"author":8209,"featured_media":0,"comment_status":"closed","ping_status":"open","sticky":false,"template":"","format":"standard","meta":{"ngg_post_thumbnail":0,"footnotes":""},"categories":[9443],"tags":[],"aioseo_notices":[],"_links":{"self":[{"href":"https:\/\/blogsaverroes.juntadeandalucia.es\/iestorredelprado\/wp-json\/wp\/v2\/posts\/2482"}],"collection":[{"href":"https:\/\/blogsaverroes.juntadeandalucia.es\/iestorredelprado\/wp-json\/wp\/v2\/posts"}],"about":[{"href":"https:\/\/blogsaverroes.juntadeandalucia.es\/iestorredelprado\/wp-json\/wp\/v2\/types\/post"}],"author":[{"embeddable":true,"href":"https:\/\/blogsaverroes.juntadeandalucia.es\/iestorredelprado\/wp-json\/wp\/v2\/users\/8209"}],"replies":[{"embeddable":true,"href":"https:\/\/blogsaverroes.juntadeandalucia.es\/iestorredelprado\/wp-json\/wp\/v2\/comments?post=2482"}],"version-history":[{"count":4,"href":"https:\/\/blogsaverroes.juntadeandalucia.es\/iestorredelprado\/wp-json\/wp\/v2\/posts\/2482\/revisions"}],"predecessor-version":[{"id":2832,"href":"https:\/\/blogsaverroes.juntadeandalucia.es\/iestorredelprado\/wp-json\/wp\/v2\/posts\/2482\/revisions\/2832"}],"wp:attachment":[{"href":"https:\/\/blogsaverroes.juntadeandalucia.es\/iestorredelprado\/wp-json\/wp\/v2\/media?parent=2482"}],"wp:term":[{"taxonomy":"category","embeddable":true,"href":"https:\/\/blogsaverroes.juntadeandalucia.es\/iestorredelprado\/wp-json\/wp\/v2\/categories?post=2482"},{"taxonomy":"post_tag","embeddable":true,"href":"https:\/\/blogsaverroes.juntadeandalucia.es\/iestorredelprado\/wp-json\/wp\/v2\/tags?post=2482"}],"curies":[{"name":"wp","href":"https:\/\/api.w.org\/{rel}","templated":true}]}}