{"id":3106,"date":"2024-12-17T19:12:17","date_gmt":"2024-12-17T18:12:17","guid":{"rendered":"https:\/\/blogsaverroes.juntadeandalucia.es\/iestorredelprado\/?p=3106"},"modified":"2024-12-17T19:12:17","modified_gmt":"2024-12-17T18:12:17","slug":"3106","status":"publish","type":"post","link":"https:\/\/blogsaverroes.juntadeandalucia.es\/iestorredelprado\/2024\/12\/17\/3106\/","title":{"rendered":""},"content":{"rendered":"<blockquote class=\"twitter-tweet\">\n<p lang=\"es\" dir=\"ltr\">Se arm\u00f3 el Bel\u00e9n. Los alumnos de Religi\u00f3n han disfrutado de una ma\u00f1ana de ajetreo mont\u00e1ndolo. <br \/>Ha quedado precioso! <br \/>Esta representaci\u00f3n del Nacimiento de Jes\u00fas, fue declarada Patrimonio Cultural Inmaterial en el 2022.<br \/>El primero lo mont\u00f3 San Francisco de As\u00eds, en el 1223. <a href=\"https:\/\/t.co\/CdB2hKlwtJ\">pic.twitter.com\/CdB2hKlwtJ<\/a><\/p>\n<p>&mdash; IES Torre del Prado (@iestdp) <a href=\"https:\/\/twitter.com\/iestdp\/status\/1869075420622282874?ref_src=twsrc%5Etfw\">December 17, 2024<\/a><\/p><\/blockquote>\n","protected":false},"excerpt":{"rendered":"<p>&#46;&#46;&#46;<\/p>\n","protected":false},"author":8209,"featured_media":0,"comment_status":"closed","ping_status":"closed","sticky":false,"template":"","format":"standard","meta":{"ngg_post_thumbnail":0,"footnotes":""},"categories":[11909],"tags":[],"aioseo_notices":[],"_links":{"self":[{"href":"https:\/\/blogsaverroes.juntadeandalucia.es\/iestorredelprado\/wp-json\/wp\/v2\/posts\/3106"}],"collection":[{"href":"https:\/\/blogsaverroes.juntadeandalucia.es\/iestorredelprado\/wp-json\/wp\/v2\/posts"}],"about":[{"href":"https:\/\/blogsaverroes.juntadeandalucia.es\/iestorredelprado\/wp-json\/wp\/v2\/types\/post"}],"author":[{"embeddable":true,"href":"https:\/\/blogsaverroes.juntadeandalucia.es\/iestorredelprado\/wp-json\/wp\/v2\/users\/8209"}],"replies":[{"embeddable":true,"href":"https:\/\/blogsaverroes.juntadeandalucia.es\/iestorredelprado\/wp-json\/wp\/v2\/comments?post=3106"}],"version-history":[{"count":1,"href":"https:\/\/blogsaverroes.juntadeandalucia.es\/iestorredelprado\/wp-json\/wp\/v2\/posts\/3106\/revisions"}],"predecessor-version":[{"id":3107,"href":"https:\/\/blogsaverroes.juntadeandalucia.es\/iestorredelprado\/wp-json\/wp\/v2\/posts\/3106\/revisions\/3107"}],"wp:attachment":[{"href":"https:\/\/blogsaverroes.juntadeandalucia.es\/iestorredelprado\/wp-json\/wp\/v2\/media?parent=3106"}],"wp:term":[{"taxonomy":"category","embeddable":true,"href":"https:\/\/blogsaverroes.juntadeandalucia.es\/iestorredelprado\/wp-json\/wp\/v2\/categories?post=3106"},{"taxonomy":"post_tag","embeddable":true,"href":"https:\/\/blogsaverroes.juntadeandalucia.es\/iestorredelprado\/wp-json\/wp\/v2\/tags?post=3106"}],"curies":[{"name":"wp","href":"https:\/\/api.w.org\/{rel}","templated":true}]}}