{"id":3202,"date":"2025-12-03T10:03:14","date_gmt":"2025-12-03T09:03:14","guid":{"rendered":"https:\/\/blogsaverroes.juntadeandalucia.es\/iestorredelprado\/?p=3202"},"modified":"2025-12-03T10:03:14","modified_gmt":"2025-12-03T09:03:14","slug":"3202","status":"publish","type":"post","link":"https:\/\/blogsaverroes.juntadeandalucia.es\/iestorredelprado\/2025\/12\/03\/3202\/","title":{"rendered":""},"content":{"rendered":"<blockquote class=\"twitter-tweet\">\n<p lang=\"es\" dir=\"ltr\">El pasado 1 de diciembre realizamos una mejora del h\u00e1bitat del camale\u00f3n com\u00fan en el enclave de Cerro Vallejo, en el distrito de Campanillas, donde recientemente reintroducimos varios ejemplares de este singular animal catalogado como protegido\ud83e\udd8e <a href=\"https:\/\/t.co\/Qo06aV7PVL\">pic.twitter.com\/Qo06aV7PVL<\/a><\/p>\n<p>&mdash; M\u00e1laga c\u00f3mo te quiero!? (@malagacomotq) <a href=\"https:\/\/twitter.com\/malagacomotq\/status\/1995821583928012852?ref_src=twsrc%5Etfw\">December 2, 2025<\/a><\/p><\/blockquote>\n","protected":false},"excerpt":{"rendered":"<p>El pasado 1 de diciembre realizamos una mejora del h\u00e1bitat del camale\u00f3n com\u00fan en el enclave de Cerro Vallejo, en el distrito de Campanillas, donde recientemente reintroducimos varios ejemplares de este singular animal catalogado&#46;&#46;&#46;<\/p>\n","protected":false},"author":8209,"featured_media":0,"comment_status":"closed","ping_status":"closed","sticky":false,"template":"","format":"standard","meta":{"ngg_post_thumbnail":0,"footnotes":""},"categories":[2313185],"tags":[],"aioseo_notices":[],"_links":{"self":[{"href":"https:\/\/blogsaverroes.juntadeandalucia.es\/iestorredelprado\/wp-json\/wp\/v2\/posts\/3202"}],"collection":[{"href":"https:\/\/blogsaverroes.juntadeandalucia.es\/iestorredelprado\/wp-json\/wp\/v2\/posts"}],"about":[{"href":"https:\/\/blogsaverroes.juntadeandalucia.es\/iestorredelprado\/wp-json\/wp\/v2\/types\/post"}],"author":[{"embeddable":true,"href":"https:\/\/blogsaverroes.juntadeandalucia.es\/iestorredelprado\/wp-json\/wp\/v2\/users\/8209"}],"replies":[{"embeddable":true,"href":"https:\/\/blogsaverroes.juntadeandalucia.es\/iestorredelprado\/wp-json\/wp\/v2\/comments?post=3202"}],"version-history":[{"count":1,"href":"https:\/\/blogsaverroes.juntadeandalucia.es\/iestorredelprado\/wp-json\/wp\/v2\/posts\/3202\/revisions"}],"predecessor-version":[{"id":3203,"href":"https:\/\/blogsaverroes.juntadeandalucia.es\/iestorredelprado\/wp-json\/wp\/v2\/posts\/3202\/revisions\/3203"}],"wp:attachment":[{"href":"https:\/\/blogsaverroes.juntadeandalucia.es\/iestorredelprado\/wp-json\/wp\/v2\/media?parent=3202"}],"wp:term":[{"taxonomy":"category","embeddable":true,"href":"https:\/\/blogsaverroes.juntadeandalucia.es\/iestorredelprado\/wp-json\/wp\/v2\/categories?post=3202"},{"taxonomy":"post_tag","embeddable":true,"href":"https:\/\/blogsaverroes.juntadeandalucia.es\/iestorredelprado\/wp-json\/wp\/v2\/tags?post=3202"}],"curies":[{"name":"wp","href":"https:\/\/api.w.org\/{rel}","templated":true}]}}