{"id":1004,"date":"2025-06-04T13:27:41","date_gmt":"2025-06-04T11:27:41","guid":{"rendered":"https:\/\/blogsaverroes.juntadeandalucia.es\/iestorredelrey\/?p=1004"},"modified":"2025-06-04T17:17:48","modified_gmt":"2025-06-04T15:17:48","slug":"departamento-de-frances","status":"publish","type":"post","link":"https:\/\/blogsaverroes.juntadeandalucia.es\/iestorredelrey\/departamento-de-frances\/","title":{"rendered":"Departamento de Franc\u00e9s"},"content":{"rendered":"<p>[et_pb_section fb_built=&#8221;1&#8243; _builder_version=&#8221;4.16&#8243; global_colors_info=&#8221;{}&#8221;][et_pb_row _builder_version=&#8221;4.24.2&#8243; _module_preset=&#8221;default&#8221; global_colors_info=&#8221;{}&#8221;][et_pb_column type=&#8221;4_4&#8243; _builder_version=&#8221;4.24.2&#8243; _module_preset=&#8221;default&#8221; global_colors_info=&#8221;{}&#8221;][et_pb_text admin_label=&#8221;Descripci\u00f3n&#8221; _builder_version=&#8221;4.24.2&#8243; background_size=&#8221;initial&#8221; background_position=&#8221;top_left&#8221; background_repeat=&#8221;repeat&#8221; global_colors_info=&#8221;{}&#8221;]<\/p>\n<h1>Descripci\u00f3n<\/h1>\n<p>Aprender un idioma es mucho m\u00e1s que memorizar vocabulario o repetir frases hechas. Es abrir una puerta a otra forma de ver el mundo, de sentirlo, de comunicarlo. En el departamento de Franc\u00e9s tratamos justamente de eso: que el idioma no sea solo una asignatura m\u00e1s, sino una experiencia que deje huella.<\/p>\n<p>Desde los primeros cursos de la ESO hasta Bachillerato, sin olvidar los ciclos formativos, acompa\u00f1amos al alumnado en su primer \u2014o segundo, o tercer\u2014 contacto con el franc\u00e9s. Y lo hacemos poco a poco, con paciencia, con cercan\u00eda, con muchas actividades pr\u00e1cticas\u2026 y, por qu\u00e9 no decirlo, tambi\u00e9n con una pizca de humor. Porque cometer errores forma parte del camino, y re\u00edrse de uno mismo a veces es el mejor m\u00e9todo para aprender.<\/p>\n<p>M\u00e1s all\u00e1 de la gram\u00e1tica o la pronunciaci\u00f3n, tratamos de que nuestros estudiantes descubran la riqueza de la cultura franc\u00f3fona: la m\u00fasica, el cine, la historia, las peque\u00f1as costumbres que hacen de un idioma algo vivo. Nos encanta ver c\u00f3mo, con el tiempo, empiezan a entender letras de canciones, a saludar con un \u201cbonjour\u201d casi sin pensarlo o a reconocer frases en pel\u00edculas sin necesidad de subt\u00edtulos.<\/p>\n<p>Y es que hablar franc\u00e9s no es solo sumar puntos en el curr\u00edculum. Es abrirse al mundo. Es descubrir nuevas formas de pensar, de expresarse, de conectar.<\/p>\n<p>&nbsp;<\/p>\n<p>[\/et_pb_text][\/et_pb_column][\/et_pb_row][et_pb_row column_structure=&#8221;3_5,2_5&#8243; _builder_version=&#8221;4.16&#8243; background_size=&#8221;initial&#8221; background_position=&#8221;top_left&#8221; background_repeat=&#8221;repeat&#8221; global_colors_info=&#8221;{}&#8221;][et_pb_column type=&#8221;3_5&#8243; _builder_version=&#8221;4.16&#8243; custom_padding=&#8221;|||&#8221; global_colors_info=&#8221;{}&#8221; custom_padding__hover=&#8221;|||&#8221;][et_pb_text admin_label=&#8221;Asignaturas&#8221; _builder_version=&#8221;4.24.2&#8243; background_size=&#8221;initial&#8221; background_position=&#8221;top_left&#8221; background_repeat=&#8221;repeat&#8221; global_colors_info=&#8221;{}&#8221;]<\/p>\n<h2>Asignaturas \/ M\u00f3dulos<\/h2>\n<p>&nbsp;<\/p>\n<h5>CICLO CORMATIVO DE GRADO BASICO<\/h5>\n<ul>\n<li>COMUNICACI\u00d3N Y SOCIEDAD II<\/li>\n<\/ul>\n<p>&nbsp;<\/p>\n<h5>ESO<\/h5>\n<ul>\n<li>ATENCI\u00d3N EDUCATIVA<\/li>\n<li>FRANC\u00c9S<\/li>\n<li>INGL\u00c9S<\/li>\n<\/ul>\n<p>&nbsp;<\/p>\n<h5>BACHILLERATO<\/h5>\n<ul>\n<li>FRANC\u00c9S I<\/li>\n<li>FRANC\u00c9S II<\/li>\n<\/ul>\n<p>&nbsp;<\/p>\n<p>[\/et_pb_text][et_pb_text admin_label=&#8221;Ubicaci\u00f3n &#8221; _builder_version=&#8221;4.24.2&#8243; background_size=&#8221;initial&#8221; background_position=&#8221;top_left&#8221; background_repeat=&#8221;repeat&#8221; global_colors_info=&#8221;{}&#8221;]<\/p>\n<h2><span style=\"color: #333333;font-size: 26px\">Ubicaci\u00f3n\u00a0<\/span><\/h2>\n<ul>\n<li>En la 1\u00aa planta<\/li>\n<\/ul>\n<p>&nbsp;<\/p>\n<p>[\/et_pb_text][et_pb_text admin_label=&#8221;Contacto&#8221; _builder_version=&#8221;4.24.2&#8243; background_size=&#8221;initial&#8221; background_position=&#8221;top_left&#8221; background_repeat=&#8221;repeat&#8221; global_colors_info=&#8221;{}&#8221;]<\/p>\n<h2><span style=\"color: #333333;font-size: 26px\">Contacto<\/span><\/h2>\n<ul>\n<li><span id=\"cloak14cb49d77f996ee4856fd1ed08a7a33c\"><a href=\"mailto:frances@iestorredelrey.es\">frances@iestorredelrey.es<\/a><\/span><\/li>\n<li><a href=\"mailto:41701298.dep.frances@g.educaand.es\" target=\"_blank\" rel=\"noopener\">41701298.dep.frances@g.educaand.es<\/a><\/li>\n<\/ul>\n<p>[\/et_pb_text][\/et_pb_column][et_pb_column type=&#8221;2_5&#8243; _builder_version=&#8221;4.16&#8243; custom_padding=&#8221;|||&#8221; global_colors_info=&#8221;{}&#8221; custom_padding__hover=&#8221;|||&#8221;][et_pb_image src=&#8221;https:\/\/blogsaverroes.juntadeandalucia.es\/iestorredelrey\/files\/2025\/06\/Dpto_Idiomas.png&#8221; title_text=&#8221;Dpto_Idiomas&#8221; _builder_version=&#8221;4.24.2&#8243; _module_preset=&#8221;default&#8221; hover_enabled=&#8221;0&#8243; global_colors_info=&#8221;{}&#8221; align=&#8221;center&#8221; sticky_enabled=&#8221;0&#8243;][\/et_pb_image][et_pb_text admin_label=&#8221;Descripci\u00f3n imagen&#8221; _builder_version=&#8221;4.24.2&#8243; _module_preset=&#8221;default&#8221; hover_enabled=&#8221;0&#8243; global_colors_info=&#8221;{}&#8221; sticky_enabled=&#8221;0&#8243;]<\/p>\n<p style=\"text-align: center\"><span style=\"font-size: 10pt\">Departamento de Idiomas<\/span><\/p>\n<p>[\/et_pb_text][\/et_pb_column][\/et_pb_row][\/et_pb_section]<\/p>\n","protected":false},"excerpt":{"rendered":"<p>Descripci\u00f3n Aprender un idioma es mucho m\u00e1s que memorizar vocabulario o repetir frases hechas. Es abrir una puerta a otra forma de ver el mundo, de sentirlo, de comunicarlo. En el departamento de Franc\u00e9s tratamos justamente de eso: que el idioma no sea solo una asignatura m\u00e1s, sino una experiencia que deje huella. Desde los [&hellip;]<\/p>\n","protected":false},"author":21004,"featured_media":1269,"comment_status":"closed","ping_status":"open","sticky":false,"template":"","format":"standard","meta":{"_et_pb_use_builder":"on","_et_pb_old_content":"","_et_gb_content_width":"","ngg_post_thumbnail":0,"footnotes":""},"categories":[30],"tags":[],"aioseo_notices":[],"_links":{"self":[{"href":"https:\/\/blogsaverroes.juntadeandalucia.es\/iestorredelrey\/wp-json\/wp\/v2\/posts\/1004"}],"collection":[{"href":"https:\/\/blogsaverroes.juntadeandalucia.es\/iestorredelrey\/wp-json\/wp\/v2\/posts"}],"about":[{"href":"https:\/\/blogsaverroes.juntadeandalucia.es\/iestorredelrey\/wp-json\/wp\/v2\/types\/post"}],"author":[{"embeddable":true,"href":"https:\/\/blogsaverroes.juntadeandalucia.es\/iestorredelrey\/wp-json\/wp\/v2\/users\/21004"}],"replies":[{"embeddable":true,"href":"https:\/\/blogsaverroes.juntadeandalucia.es\/iestorredelrey\/wp-json\/wp\/v2\/comments?post=1004"}],"version-history":[{"count":8,"href":"https:\/\/blogsaverroes.juntadeandalucia.es\/iestorredelrey\/wp-json\/wp\/v2\/posts\/1004\/revisions"}],"predecessor-version":[{"id":1313,"href":"https:\/\/blogsaverroes.juntadeandalucia.es\/iestorredelrey\/wp-json\/wp\/v2\/posts\/1004\/revisions\/1313"}],"wp:featuredmedia":[{"embeddable":true,"href":"https:\/\/blogsaverroes.juntadeandalucia.es\/iestorredelrey\/wp-json\/wp\/v2\/media\/1269"}],"wp:attachment":[{"href":"https:\/\/blogsaverroes.juntadeandalucia.es\/iestorredelrey\/wp-json\/wp\/v2\/media?parent=1004"}],"wp:term":[{"taxonomy":"category","embeddable":true,"href":"https:\/\/blogsaverroes.juntadeandalucia.es\/iestorredelrey\/wp-json\/wp\/v2\/categories?post=1004"},{"taxonomy":"post_tag","embeddable":true,"href":"https:\/\/blogsaverroes.juntadeandalucia.es\/iestorredelrey\/wp-json\/wp\/v2\/tags?post=1004"}],"curies":[{"name":"wp","href":"https:\/\/api.w.org\/{rel}","templated":true}]}}