{"id":1011,"date":"2025-06-04T13:32:04","date_gmt":"2025-06-04T11:32:04","guid":{"rendered":"https:\/\/blogsaverroes.juntadeandalucia.es\/iestorredelrey\/?p=1011"},"modified":"2025-06-04T17:18:19","modified_gmt":"2025-06-04T15:18:19","slug":"departamento-de-ingles","status":"publish","type":"post","link":"https:\/\/blogsaverroes.juntadeandalucia.es\/iestorredelrey\/departamento-de-ingles\/","title":{"rendered":"Departamento de Ingl\u00e9s"},"content":{"rendered":"<p>[et_pb_section fb_built=&#8221;1&#8243; _builder_version=&#8221;4.16&#8243; global_colors_info=&#8221;{}&#8221;][et_pb_row _builder_version=&#8221;4.24.2&#8243; _module_preset=&#8221;default&#8221; global_colors_info=&#8221;{}&#8221;][et_pb_column type=&#8221;4_4&#8243; _builder_version=&#8221;4.24.2&#8243; _module_preset=&#8221;default&#8221; global_colors_info=&#8221;{}&#8221;][et_pb_text admin_label=&#8221;Descripci\u00f3n&#8221; _builder_version=&#8221;4.24.2&#8243; background_size=&#8221;initial&#8221; background_position=&#8221;top_left&#8221; background_repeat=&#8221;repeat&#8221; global_colors_info=&#8221;{}&#8221;]<\/p>\n<h1>Descripci\u00f3n<\/h1>\n<p>Hablar ingl\u00e9s ya no es una opci\u00f3n\u2026 es una ventana abierta al mundo. Y en el departamento de Ingl\u00e9s lo vivimos as\u00ed: como una herramienta real, \u00fatil, que acompa\u00f1a al alumnado mucho m\u00e1s all\u00e1 del aula. Nuestro objetivo no es solo que aprendan gram\u00e1tica o vocabulario (que tambi\u00e9n), sino que pierdan el miedo a comunicarse, a equivocarse, a lanzarse.<\/p>\n<p>Desde la ESO hasta Bachillerato, pasando por los Ciclos Formativos, trabajamos el idioma desde distintos enfoques, adapt\u00e1ndonos al nivel y a las necesidades de cada etapa. En los grados b\u00e1sicos, por ejemplo, lo vinculamos a la vida cotidiana, ayudando al alumnado a desenvolverse en situaciones reales. En Bachillerato, adem\u00e1s de profundizar en competencias ling\u00fc\u00edsticas, les preparamos para la acreditaci\u00f3n oficial del nivel B1\/B2, una herramienta clave para su futuro acad\u00e9mico o laboral.<\/p>\n<p>Pero el aprendizaje del ingl\u00e9s no se queda solo en los libros. Promovemos proyectos transversales, actividades creativas, trabajo en valores, y espacios de expresi\u00f3n donde el idioma es solo el medio, no el fin. Y eso se nota: en la confianza con la que el alumnado se expresa, en su curiosidad por otras culturas, en las ganas de explorar m\u00e1s all\u00e1 de su entorno.<\/p>\n<p>En los ciclos superiores, como el de Desarrollo de Aplicaciones Multiplataforma (DAM), tambi\u00e9n reforzamos el ingl\u00e9s t\u00e9cnico con asignaturas como LICO (Lengua Inglesa para la Comunicaci\u00f3n Oral), prepar\u00e1ndolos para un entorno profesional cada vez m\u00e1s internacional.<\/p>\n<p>Y es que, al final, aprender ingl\u00e9s es mucho m\u00e1s que aprobar una asignatura. Es atreverse a hablar con el mundo.<\/p>\n<p>&nbsp;<\/p>\n<p>[\/et_pb_text][\/et_pb_column][\/et_pb_row][et_pb_row column_structure=&#8221;3_5,2_5&#8243; _builder_version=&#8221;4.16&#8243; background_size=&#8221;initial&#8221; background_position=&#8221;top_left&#8221; background_repeat=&#8221;repeat&#8221; global_colors_info=&#8221;{}&#8221;][et_pb_column type=&#8221;3_5&#8243; _builder_version=&#8221;4.16&#8243; custom_padding=&#8221;|||&#8221; global_colors_info=&#8221;{}&#8221; custom_padding__hover=&#8221;|||&#8221;][et_pb_text admin_label=&#8221;Asignaturas&#8221; _builder_version=&#8221;4.24.2&#8243; background_size=&#8221;initial&#8221; background_position=&#8221;top_left&#8221; background_repeat=&#8221;repeat&#8221; global_colors_info=&#8221;{}&#8221;]<\/p>\n<h2>Asignaturas \/ M\u00f3dulos<\/h2>\n<p>&nbsp;<\/p>\n<h5>CICLO FORMATIVO DE GRADO B\u00c1SICO<\/h5>\n<ul>\n<li>COMUNICACI\u00d3N Y SOCIEDAD II &#8211; INGL\u00c9S<\/li>\n<\/ul>\n<p>&nbsp;<\/p>\n<h5>ESO<\/h5>\n<ul>\n<li>ATENCI\u00d3N EDUCATIVA<\/li>\n<li>INGL\u00c9S<\/li>\n<\/ul>\n<p>&nbsp;<\/p>\n<h5>BACHILLERATO<\/h5>\n<ul>\n<li>ACREDITACI\u00d3N B1\/B2 DE INGL\u00c9S<\/li>\n<li>INGL\u00c9S I<\/li>\n<li>INGL\u00c9S II<\/li>\n<li>PROYECT. TRANSVERSALES DE ED. EN VALORES<\/li>\n<\/ul>\n<p>&nbsp;<\/p>\n<h5>CICLO FORMATIVO DE GRADO SUPERIOR (DAM)<\/h5>\n<ul>\n<li>LICO (LENGUA INGLESA PARA LA COMUNICACI\u00d3N ORAL)<\/li>\n<\/ul>\n<p>&nbsp;<\/p>\n<p>[\/et_pb_text][et_pb_text admin_label=&#8221;Ubicaci\u00f3n &#8221; _builder_version=&#8221;4.24.2&#8243; background_size=&#8221;initial&#8221; background_position=&#8221;top_left&#8221; background_repeat=&#8221;repeat&#8221; global_colors_info=&#8221;{}&#8221;]<\/p>\n<h2><span style=\"color: #333333;font-size: 26px\">Ubicaci\u00f3n\u00a0<\/span><\/h2>\n<ul>\n<li>En la 1\u00aa planta<\/li>\n<\/ul>\n<p>&nbsp;<\/p>\n<p>[\/et_pb_text][et_pb_text admin_label=&#8221;Contacto&#8221; _builder_version=&#8221;4.24.2&#8243; background_size=&#8221;initial&#8221; background_position=&#8221;top_left&#8221; background_repeat=&#8221;repeat&#8221; global_colors_info=&#8221;{}&#8221;]<\/p>\n<h2><span style=\"color: #333333;font-size: 26px\">Contacto<\/span><\/h2>\n<ul>\n<li><span id=\"cloakb5cd043406cfde25c2075155e6852b93\"><a href=\"mailto:ingles@iestorredelrey.es\">ingles@iestorredelrey.es<\/a><\/span><\/li>\n<li><a href=\"mailto:41701298.dep.ingles@g.educaand.es\" target=\"_blank\" rel=\"noopener\">41701298.dep.ingles@g.educaand.es<\/a><\/li>\n<\/ul>\n<p>[\/et_pb_text][\/et_pb_column][et_pb_column type=&#8221;2_5&#8243; _builder_version=&#8221;4.16&#8243; custom_padding=&#8221;|||&#8221; global_colors_info=&#8221;{}&#8221; custom_padding__hover=&#8221;|||&#8221;][et_pb_image src=&#8221;https:\/\/blogsaverroes.juntadeandalucia.es\/iestorredelrey\/files\/2025\/06\/Dpto_Idiomas.png&#8221; title_text=&#8221;Dpto_Idiomas&#8221; _builder_version=&#8221;4.24.2&#8243; _module_preset=&#8221;default&#8221; hover_enabled=&#8221;0&#8243; global_colors_info=&#8221;{}&#8221; sticky_enabled=&#8221;0&#8243;][\/et_pb_image][et_pb_text admin_label=&#8221;Descripci\u00f3n imagen&#8221; _builder_version=&#8221;4.24.2&#8243; _module_preset=&#8221;default&#8221; hover_enabled=&#8221;0&#8243; global_colors_info=&#8221;{}&#8221; sticky_enabled=&#8221;0&#8243;]<\/p>\n<p style=\"text-align: center\"><span style=\"font-size: 10pt\">Departamento de Idiomas<\/span><\/p>\n<p>[\/et_pb_text][\/et_pb_column][\/et_pb_row][\/et_pb_section]<\/p>\n","protected":false},"excerpt":{"rendered":"<p>Descripci\u00f3n Hablar ingl\u00e9s ya no es una opci\u00f3n\u2026 es una ventana abierta al mundo. Y en el departamento de Ingl\u00e9s lo vivimos as\u00ed: como una herramienta real, \u00fatil, que acompa\u00f1a al alumnado mucho m\u00e1s all\u00e1 del aula. Nuestro objetivo no es solo que aprendan gram\u00e1tica o vocabulario (que tambi\u00e9n), sino que pierdan el miedo a [&hellip;]<\/p>\n","protected":false},"author":21004,"featured_media":1271,"comment_status":"closed","ping_status":"open","sticky":false,"template":"","format":"standard","meta":{"_et_pb_use_builder":"on","_et_pb_old_content":"","_et_gb_content_width":"","ngg_post_thumbnail":0,"footnotes":""},"categories":[29],"tags":[],"aioseo_notices":[],"_links":{"self":[{"href":"https:\/\/blogsaverroes.juntadeandalucia.es\/iestorredelrey\/wp-json\/wp\/v2\/posts\/1011"}],"collection":[{"href":"https:\/\/blogsaverroes.juntadeandalucia.es\/iestorredelrey\/wp-json\/wp\/v2\/posts"}],"about":[{"href":"https:\/\/blogsaverroes.juntadeandalucia.es\/iestorredelrey\/wp-json\/wp\/v2\/types\/post"}],"author":[{"embeddable":true,"href":"https:\/\/blogsaverroes.juntadeandalucia.es\/iestorredelrey\/wp-json\/wp\/v2\/users\/21004"}],"replies":[{"embeddable":true,"href":"https:\/\/blogsaverroes.juntadeandalucia.es\/iestorredelrey\/wp-json\/wp\/v2\/comments?post=1011"}],"version-history":[{"count":9,"href":"https:\/\/blogsaverroes.juntadeandalucia.es\/iestorredelrey\/wp-json\/wp\/v2\/posts\/1011\/revisions"}],"predecessor-version":[{"id":1315,"href":"https:\/\/blogsaverroes.juntadeandalucia.es\/iestorredelrey\/wp-json\/wp\/v2\/posts\/1011\/revisions\/1315"}],"wp:featuredmedia":[{"embeddable":true,"href":"https:\/\/blogsaverroes.juntadeandalucia.es\/iestorredelrey\/wp-json\/wp\/v2\/media\/1271"}],"wp:attachment":[{"href":"https:\/\/blogsaverroes.juntadeandalucia.es\/iestorredelrey\/wp-json\/wp\/v2\/media?parent=1011"}],"wp:term":[{"taxonomy":"category","embeddable":true,"href":"https:\/\/blogsaverroes.juntadeandalucia.es\/iestorredelrey\/wp-json\/wp\/v2\/categories?post=1011"},{"taxonomy":"post_tag","embeddable":true,"href":"https:\/\/blogsaverroes.juntadeandalucia.es\/iestorredelrey\/wp-json\/wp\/v2\/tags?post=1011"}],"curies":[{"name":"wp","href":"https:\/\/api.w.org\/{rel}","templated":true}]}}