{"id":1186,"date":"2025-06-04T13:36:57","date_gmt":"2025-06-04T11:36:57","guid":{"rendered":"https:\/\/blogsaverroes.juntadeandalucia.es\/iestorredelrey\/?p=1186"},"modified":"2025-06-04T13:37:01","modified_gmt":"2025-06-04T11:37:01","slug":"departamento-de-musica","status":"publish","type":"post","link":"https:\/\/blogsaverroes.juntadeandalucia.es\/iestorredelrey\/departamento-de-musica\/","title":{"rendered":"Departamento de M\u00fasica"},"content":{"rendered":"<p>[et_pb_section fb_built=&#8221;1&#8243; _builder_version=&#8221;4.16&#8243; global_colors_info=&#8221;{}&#8221;][et_pb_row _builder_version=&#8221;4.24.2&#8243; _module_preset=&#8221;default&#8221; global_colors_info=&#8221;{}&#8221;][et_pb_column type=&#8221;4_4&#8243; _builder_version=&#8221;4.24.2&#8243; _module_preset=&#8221;default&#8221; global_colors_info=&#8221;{}&#8221;][et_pb_text admin_label=&#8221;Descripci\u00f3n&#8221; _builder_version=&#8221;4.24.2&#8243; background_size=&#8221;initial&#8221; background_position=&#8221;top_left&#8221; background_repeat=&#8221;repeat&#8221; global_colors_info=&#8221;{}&#8221;]<\/p>\n<h1>Descripci\u00f3n<\/h1>\n<p>El departamento de M\u00fasica aporta al instituto algo que no siempre se puede medir con notas ni ex\u00e1menes: sensibilidad, expresi\u00f3n, ritmo\u2026 y una forma distinta de comunicarse, que muchas veces llega m\u00e1s lejos que las palabras. Es un espacio donde el sonido cobra sentido, donde la teor\u00eda se mezcla con la emoci\u00f3n, y donde cada alumno tiene la oportunidad de descubrir (o redescubrir) su voz, su o\u00eddo y su creatividad.<\/p>\n<p>El profesorado de este departamento no solo ense\u00f1a a leer partituras o reconocer estilos musicales. Tambi\u00e9n invita a escuchar con atenci\u00f3n, a interpretar lo que suena \u2014y lo que no suena\u2014 y a valorar el poder que tiene una melod\u00eda, un ritmo o incluso un silencio. Aqu\u00ed, cada instrumento es una puerta, y cada actividad, una oportunidad para explorar el mundo desde una perspectiva distinta.<\/p>\n<p>Y es que, m\u00e1s all\u00e1 de las notas, los compases o las escalas, lo que realmente se busca es que el alumnado sienta que la m\u00fasica puede formar parte de su vida. Que no hace falta ser Mozart para disfrutar creando o compartiendo algo propio. Porque, a veces, basta con una guitarra, una base r\u00edtmica o una canci\u00f3n en com\u00fan para que surja la magia.<\/p>\n<p>&nbsp;<\/p>\n<p>[\/et_pb_text][\/et_pb_column][\/et_pb_row][et_pb_row column_structure=&#8221;3_5,2_5&#8243; _builder_version=&#8221;4.16&#8243; background_size=&#8221;initial&#8221; background_position=&#8221;top_left&#8221; background_repeat=&#8221;repeat&#8221; global_colors_info=&#8221;{}&#8221;][et_pb_column type=&#8221;3_5&#8243; _builder_version=&#8221;4.16&#8243; custom_padding=&#8221;|||&#8221; global_colors_info=&#8221;{}&#8221; custom_padding__hover=&#8221;|||&#8221;][et_pb_text admin_label=&#8221;Asignaturas&#8221; _builder_version=&#8221;4.24.2&#8243; background_size=&#8221;initial&#8221; background_position=&#8221;top_left&#8221; background_repeat=&#8221;repeat&#8221; global_colors_info=&#8221;{}&#8221;]<\/p>\n<h2>Asignaturas \/ M\u00f3dulos<\/span><\/h2>\n<p>&nbsp;<\/p>\n<h5>ESO<\/h5>\n<ul>\n<li>\u00c1MBITO CIENT\u00cdFICO-TECNOL\u00d3GICO<\/li>\n<li>ATENCI\u00d3N EDUCATIVA<\/li>\n<li>M\u00daSICA<\/li>\n<\/ul>\n<p>&nbsp;<\/p>\n<p>[\/et_pb_text][et_pb_text admin_label=&#8221;Ubicaci\u00f3n &#8221; _builder_version=&#8221;4.24.2&#8243; background_size=&#8221;initial&#8221; background_position=&#8221;top_left&#8221; background_repeat=&#8221;repeat&#8221; global_colors_info=&#8221;{}&#8221;]<\/p>\n<h2><span style=\"color: #333333;font-size: 26px\">Ubicaci\u00f3n\u00a0<\/span><\/h2>\n<ul>\n<li>En 1\u00ba Planta<\/li>\n<\/ul>\n<p>&nbsp;<\/p>\n<p>[\/et_pb_text][et_pb_text admin_label=&#8221;Contacto&#8221; _builder_version=&#8221;4.24.2&#8243; background_size=&#8221;initial&#8221; background_position=&#8221;top_left&#8221; background_repeat=&#8221;repeat&#8221; global_colors_info=&#8221;{}&#8221;]<\/p>\n<h2><span style=\"color: #333333;font-size: 26px\">Contacto<\/span><\/h2>\n<ul>\n<li><span data-sheets-root=\"1\"><a class=\"in-cell-link\" href=\"mailto:41701298.dep.musica@g.educaand.es\" target=\"_blank\" rel=\"noopener\">41701298.dep.musica@g.educaand.es<\/a><\/span><\/li>\n<\/ul>\n<p>&nbsp;<\/p>\n<p>[\/et_pb_text][\/et_pb_column][et_pb_column type=&#8221;2_5&#8243; _builder_version=&#8221;4.16&#8243; custom_padding=&#8221;|||&#8221; global_colors_info=&#8221;{}&#8221; custom_padding__hover=&#8221;|||&#8221;][et_pb_image _builder_version=&#8221;4.24.2&#8243; _module_preset=&#8221;default&#8221; global_colors_info=&#8221;{}&#8221;][\/et_pb_image][\/et_pb_column][\/et_pb_row][\/et_pb_section]<\/p>\n","protected":false},"excerpt":{"rendered":"<p>Descripci\u00f3n El departamento de M\u00fasica aporta al instituto algo que no siempre se puede medir con notas ni ex\u00e1menes: sensibilidad, expresi\u00f3n, ritmo\u2026 y una forma distinta de comunicarse, que muchas veces llega m\u00e1s lejos que las palabras. Es un espacio donde el sonido cobra sentido, donde la teor\u00eda se mezcla con la emoci\u00f3n, y donde [&hellip;]<\/p>\n","protected":false},"author":21004,"featured_media":1274,"comment_status":"closed","ping_status":"open","sticky":false,"template":"","format":"standard","meta":{"_et_pb_use_builder":"on","_et_pb_old_content":"","_et_gb_content_width":"","ngg_post_thumbnail":0,"footnotes":""},"categories":[48],"tags":[],"aioseo_notices":[],"_links":{"self":[{"href":"https:\/\/blogsaverroes.juntadeandalucia.es\/iestorredelrey\/wp-json\/wp\/v2\/posts\/1186"}],"collection":[{"href":"https:\/\/blogsaverroes.juntadeandalucia.es\/iestorredelrey\/wp-json\/wp\/v2\/posts"}],"about":[{"href":"https:\/\/blogsaverroes.juntadeandalucia.es\/iestorredelrey\/wp-json\/wp\/v2\/types\/post"}],"author":[{"embeddable":true,"href":"https:\/\/blogsaverroes.juntadeandalucia.es\/iestorredelrey\/wp-json\/wp\/v2\/users\/21004"}],"replies":[{"embeddable":true,"href":"https:\/\/blogsaverroes.juntadeandalucia.es\/iestorredelrey\/wp-json\/wp\/v2\/comments?post=1186"}],"version-history":[{"count":5,"href":"https:\/\/blogsaverroes.juntadeandalucia.es\/iestorredelrey\/wp-json\/wp\/v2\/posts\/1186\/revisions"}],"predecessor-version":[{"id":1277,"href":"https:\/\/blogsaverroes.juntadeandalucia.es\/iestorredelrey\/wp-json\/wp\/v2\/posts\/1186\/revisions\/1277"}],"wp:featuredmedia":[{"embeddable":true,"href":"https:\/\/blogsaverroes.juntadeandalucia.es\/iestorredelrey\/wp-json\/wp\/v2\/media\/1274"}],"wp:attachment":[{"href":"https:\/\/blogsaverroes.juntadeandalucia.es\/iestorredelrey\/wp-json\/wp\/v2\/media?parent=1186"}],"wp:term":[{"taxonomy":"category","embeddable":true,"href":"https:\/\/blogsaverroes.juntadeandalucia.es\/iestorredelrey\/wp-json\/wp\/v2\/categories?post=1186"},{"taxonomy":"post_tag","embeddable":true,"href":"https:\/\/blogsaverroes.juntadeandalucia.es\/iestorredelrey\/wp-json\/wp\/v2\/tags?post=1186"}],"curies":[{"name":"wp","href":"https:\/\/api.w.org\/{rel}","templated":true}]}}