{"id":787,"date":"2025-04-02T12:39:23","date_gmt":"2025-04-02T10:39:23","guid":{"rendered":"https:\/\/blogsaverroes.juntadeandalucia.es\/iestorredelrey\/?p=787"},"modified":"2025-04-30T13:51:08","modified_gmt":"2025-04-30T11:51:08","slug":"libros-de-texto","status":"publish","type":"post","link":"https:\/\/blogsaverroes.juntadeandalucia.es\/iestorredelrey\/libros-de-texto\/","title":{"rendered":"Libros de texto"},"content":{"rendered":"<h3>ESO y F.P. B\u00e1sica<\/h3>\n<p>Los libros de <strong>ESO<\/strong> y <strong>FP B\u00e1sica<\/strong> forman parte del <em>Programa de Gratuidad de Libros de Texto<\/em>.<\/p>\n<p>Los alumnos\/as los tendr\u00e1n a su disposici\u00f3n el primer d\u00eda de clase.<\/p>\n<p style=\"text-align: center\"><a href=\"https:\/\/blogsaverroes.juntadeandalucia.es\/iestorredelrey\/files\/2025\/04\/Libros_ESOFPB.pdf\"><a href='https:\/\/blogsaverroes.juntadeandalucia.es\/iestorredelrey\/files\/2025\/04\/Libros_ESOFPB.pdf' class='big-button bigblue'>Libros de texto ESO y FP B\u00e1sica<\/a><\/a><\/p>\n<h3>Bachillerato<\/h3>\n<p>Se adjunta a continuaci\u00f3n un enlace al listado de libros de texto de&nbsp;<strong>Bachillerato<\/strong>.<\/p>\n<p style=\"text-align: center\"><a href='https:\/\/blogsaverroes.juntadeandalucia.es\/iestorredelrey\/files\/2025\/04\/Libros_Bachto.pdf' class='big-button bigblue'>Libros de texto &#8211; Bachillerato<\/a><\/p>\n<p>&nbsp;<\/p>\n<div class='et-box et-info'>\n\t\t\t\t\t<div class='et-box-content'>Los libros de Bachillerato&nbsp;<strong>NO deben comprarse hasta que el profesor de la materia correspondiente lo confirme,<\/strong> durante los primeros d\u00edas de clase.<\/div><\/div>\n<p>&nbsp;<\/p>\n<ul class=\"nav nav-tabs nav-stacked\">\n<li class=\"content-links-a\"><a href=\"https:\/\/www.juntadeandalucia.es\/temas\/estudiar\/becas\/libros-texto.html\" target=\"_blank\" rel=\"nofollow noopener noreferrer\">Informaci\u00f3n del Plan de Gratuidad de Libros de Texto (Junta de Andaluc\u00eda)<\/a><\/li>\n<li class=\"content-links-a\"><a href=\"https:\/\/blogsaverroes.juntadeandalucia.es\/iestorredelrey\/files\/2025\/04\/Cartel_informativo_PGL_Familias.pdf\">Cartel informativo del programa de gratuidad para familias<\/a><\/li>\n<li class=\"content-links-c\"><a href=\"https:\/\/blogsaverroes.juntadeandalucia.es\/iestorredelrey\/files\/2025\/04\/AnexoI-RenunciaPGL.pdf\">Anexo I &#8211; Modelo de renuncia a la participaci\u00f3n en el programa de gratuidad<\/a><\/li>\n<\/ul>\n","protected":false},"excerpt":{"rendered":"<p>ESO y F.P. B\u00e1sica Los libros de ESO y FP B\u00e1sica forman parte del Programa de Gratuidad de Libros de Texto. Los alumnos\/as los tendr\u00e1n a su disposici\u00f3n el primer d\u00eda de clase. Bachillerato Se adjunta a continuaci\u00f3n un enlace al listado de libros de texto de&nbsp;Bachillerato. &nbsp; &nbsp; Informaci\u00f3n del Plan de Gratuidad de [&hellip;]<\/p>\n","protected":false},"author":12995,"featured_media":871,"comment_status":"closed","ping_status":"open","sticky":false,"template":"","format":"standard","meta":{"_et_pb_use_builder":"","_et_pb_old_content":"","_et_gb_content_width":"","ngg_post_thumbnail":0,"footnotes":""},"categories":[10],"tags":[],"aioseo_notices":[],"_links":{"self":[{"href":"https:\/\/blogsaverroes.juntadeandalucia.es\/iestorredelrey\/wp-json\/wp\/v2\/posts\/787"}],"collection":[{"href":"https:\/\/blogsaverroes.juntadeandalucia.es\/iestorredelrey\/wp-json\/wp\/v2\/posts"}],"about":[{"href":"https:\/\/blogsaverroes.juntadeandalucia.es\/iestorredelrey\/wp-json\/wp\/v2\/types\/post"}],"author":[{"embeddable":true,"href":"https:\/\/blogsaverroes.juntadeandalucia.es\/iestorredelrey\/wp-json\/wp\/v2\/users\/12995"}],"replies":[{"embeddable":true,"href":"https:\/\/blogsaverroes.juntadeandalucia.es\/iestorredelrey\/wp-json\/wp\/v2\/comments?post=787"}],"version-history":[{"count":7,"href":"https:\/\/blogsaverroes.juntadeandalucia.es\/iestorredelrey\/wp-json\/wp\/v2\/posts\/787\/revisions"}],"predecessor-version":[{"id":872,"href":"https:\/\/blogsaverroes.juntadeandalucia.es\/iestorredelrey\/wp-json\/wp\/v2\/posts\/787\/revisions\/872"}],"wp:featuredmedia":[{"embeddable":true,"href":"https:\/\/blogsaverroes.juntadeandalucia.es\/iestorredelrey\/wp-json\/wp\/v2\/media\/871"}],"wp:attachment":[{"href":"https:\/\/blogsaverroes.juntadeandalucia.es\/iestorredelrey\/wp-json\/wp\/v2\/media?parent=787"}],"wp:term":[{"taxonomy":"category","embeddable":true,"href":"https:\/\/blogsaverroes.juntadeandalucia.es\/iestorredelrey\/wp-json\/wp\/v2\/categories?post=787"},{"taxonomy":"post_tag","embeddable":true,"href":"https:\/\/blogsaverroes.juntadeandalucia.es\/iestorredelrey\/wp-json\/wp\/v2\/tags?post=787"}],"curies":[{"name":"wp","href":"https:\/\/api.w.org\/{rel}","templated":true}]}}