{"id":813,"date":"2025-04-03T11:01:16","date_gmt":"2025-04-03T09:01:16","guid":{"rendered":"https:\/\/blogsaverroes.juntadeandalucia.es\/iestorredelrey\/?p=813"},"modified":"2025-05-06T14:51:46","modified_gmt":"2025-05-06T12:51:46","slug":"e-s-o","status":"publish","type":"post","link":"https:\/\/blogsaverroes.juntadeandalucia.es\/iestorredelrey\/e-s-o\/","title":{"rendered":"E.S.O."},"content":{"rendered":"<div>\n<p>La Educaci\u00f3n Secundaria Obligatoria (E.S.O.) es una etapa obligatoria y gratuita. Comprende cuatro cursos escolares (de los 12 a los 16 a\u00f1os). Al superarla, se obtiene el <strong>t\u00edtulo de Graduado en Educaci\u00f3n Secundaria<\/strong>, que permite al alumno\/a proseguir estudios tanto de <strong>Bachillerato<\/strong> como de <strong>Formaci\u00f3n Profesional de grado medio<\/strong>. Tambi\u00e9n posibilita acceder al mercado de trabajo.<\/p>\n<p>En el IES Torre del Rey se imparte la E.S.O. en la modalidad <strong>biling\u00fce<\/strong> (ingl\u00e9s).<\/p>\n<p>Asimismo, disponemos del <strong>Programa de Mejora del Aprendizaje y el Rendimiento (PMAR)<\/strong> para los cursos 2\u00ba y 3\u00ba de esta etapa, dirigido a aquellos alumnos\/as que presenten dificultades de aprendizaje no imputables a falta de estudio o esfuerzo.<\/p>\n<h1><img decoding=\"async\" class=\"aligncenter\" src=\"https:\/\/www.iestorredelrey.es\/images\/rotuladores.jpg\" alt=\"ImagenESO\"><\/h1>\n<h1>Principios generales<\/h1>\n<ol>\n<li>La etapa de la ESO comprende <strong>cuatro cursos<\/strong>, que se seguir\u00e1n ordinariamente entre los <strong>12<\/strong> y los<strong> 16 a\u00f1os<\/strong> de edad.<\/li>\n<li>La finalidad de la ESO es lograr que los alumnos\/as adquieran los <strong>elementos b\u00e1sicos de la cultura<\/strong>, especialmente en sus aspectos human\u00edstico, art\u00edstico, cient\u00edfico y tecnol\u00f3gico; desarrollar y consolidar en ellos h\u00e1bitos de estudio y de trabajo; prepararles para su incorporaci\u00f3n a estudios posteriores y para su inserci\u00f3n laboral y formarles para el ejercicio de sus derechos y obligaciones en la vida como ciudadanos.<\/li>\n<li>En la ESO se prestar\u00e1 especial atenci\u00f3n a la <strong>orientaci\u00f3n educativa y profesional<\/strong> del alumnado.<\/li>\n<li>La ESO se organizar\u00e1 de acuerdo con los principios de <strong>educaci\u00f3n com\u00fan<\/strong> y de <strong>atenci\u00f3n a la diversidad<\/strong> del alumnado. Las medidas de atenci\u00f3n a la diversidad en esta etapa estar\u00e1n orientadas a responder a las necesidades educativas concretas del alumnado y al logro de los objetivos de la ESO y la adquisici\u00f3n de las competencias correspondientes y no podr\u00e1n, en ning\u00fan caso, suponer una discriminaci\u00f3n que les impida alcanzar dichos objetivos y competencias y la titulaci\u00f3n correspondiente.<\/li>\n<\/ol>\n<h1>Competencias Clave<\/h1>\n<p>Se definen las <strong>competencias<\/strong> como &#8220;capacidades para aplicar de forma integrada los contenidos propios de cada ense\u00f1anza y etapa educativa, con el fin de lograr la realizaci\u00f3n adecuada de actividades y la resoluci\u00f3n eficaz de problemas complejos&#8221;.<\/p>\n<p>Las <strong>competencias clave<\/strong> son aquellas que todas las personas precisan para su realizaci\u00f3n y desarrollo personal, as\u00ed como para la ciudadan\u00eda activa, la inclusi\u00f3n social y el empleo<\/p>\n<p>El Real Decreto 1105\/2014 establece las siguientes <strong>siete competencias clave<\/strong>:<\/p>\n<p>a) Comunicaci\u00f3n ling\u00fc\u00edstica.<br \/>\nb) Competencia matem\u00e1tica y competencias b\u00e1sicas en ciencia y tecnolog\u00eda.<br \/>\nc) Competencia digital.<br \/>\nd) Aprender a aprender.<br \/>\ne) Competencias sociales y c\u00edvicas.<br \/>\nf) Sentido de iniciativa y esp\u00edritu emprendedor.<br \/>\ng) Conciencia y expresiones culturales.<\/p>\n<h1>Objetivos de la Etapa:<\/h1>\n<p>El Real Decreto 1105\/2014 establece en su art\u00ba11 los siguientes <strong>objetivos<\/strong> para esta etapa:<\/p>\n<p>a) Asumir responsablemente sus deberes, conocer y ejercer sus derechos en el respeto a los dem\u00e1s, practicar la tolerancia, la cooperaci\u00f3n y la solidaridad entre las personas y grupos, ejercitarse en el di\u00e1logo afianzando los derechos humanos y la igualdad de trato y de oportunidades entre mujeres y hombres, como valores comunes de una sociedad plural y prepararse para el ejercicio de la ciudadan\u00eda democr\u00e1tica.<br \/>\nb) Desarrollar y consolidar h\u00e1bitos de disciplina, estudio y trabajo individual y en equipo como condici\u00f3n necesaria para una realizaci\u00f3n eficaz de las tareas del aprendizaje y como medio de desarrollo personal.<br \/>\nc) Valorar y respetar la diferencia de sexos y la igualdad de derechos y oportunidades entre ellos. Rechazar la discriminaci\u00f3n de las personas por raz\u00f3n de sexo o por cualquier otra condici\u00f3n o circunstancia personal o social. Rechazar los estereotipos que supongan discriminaci\u00f3n entre hombres y mujeres, as\u00ed como cualquier manifestaci\u00f3n de violencia contra la mujer.<br \/>\nd) Fortalecer sus capacidades afectivas en todos los \u00e1mbitos de la personalidad y en sus relaciones con los dem\u00e1s, as\u00ed como rechazar la violencia, los prejuicios de cualquier tipo, los comportamientos sexistas y resolver pac\u00edficamente los conflictos.<br \/>\ne) Desarrollar destrezas b\u00e1sicas en la utilizaci\u00f3n de las fuentes de informaci\u00f3n para, con sentido cr\u00edtico, adquirir nuevos conocimientos. Adquirir una preparaci\u00f3n b\u00e1sica en el campo de las tecnolog\u00edas, especialmente las de la informaci\u00f3n y la comunicaci\u00f3n.<br \/>\nf) Concebir el conocimiento cient\u00edfico como un saber integrado, que se estructura en distintas disciplinas, as\u00ed como conocer y aplicar los m\u00e9todos para identificar los problemas en los diversos campos del conocimiento y de la experiencia.<br \/>\ng) Desarrollar el esp\u00edritu emprendedor y la confianza en s\u00ed mismo, la participaci\u00f3n, el sentido cr\u00edtico, la iniciativa personal y la capacidad para aprender a aprender, planificar, tomar decisiones y asumir responsabilidades.<br \/>\nh) Comprender y expresar con correcci\u00f3n, oralmente y por escrito, en la lengua castellana y, si la hubiere, en la lengua cooficial de la Comunidad Aut\u00f3noma, textos y mensajes complejos, e iniciarse en el conocimiento, la lectura y el estudio de la literatura.<br \/>\ni) Comprender y expresarse en una o m\u00e1s lenguas extranjeras de manera apropiada.<br \/>\nj) Conocer, valorar y respetar los aspectos b\u00e1sicos de la cultura y la historia propias y de los dem\u00e1s, as\u00ed como el patrimonio art\u00edstico y cultural.<br \/>\nk) Conocer y aceptar el funcionamiento del propio cuerpo y el de los otros, respetar las diferencias, afianzar los h\u00e1bitos de cuidado y salud corporales e incorporar la educaci\u00f3n f\u00edsica y la pr\u00e1ctica del deporte para favorecer el desarrollo personal y social. Conocer y valorar la dimensi\u00f3n humana de la sexualidad en toda su diversidad. Valorar cr\u00edticamente los h\u00e1bitos sociales relacionados con la salud, el consumo, el cuidado de los seres vivos y el medio ambiente, contribuyendo a su conservaci\u00f3n y mejora.<br \/>\nl) Apreciar la creaci\u00f3n art\u00edstica y comprender el lenguaje de las distintas manifestaciones art\u00edsticas, utilizando diversos medios de expresi\u00f3n y representaci\u00f3n.<\/p>\n<h2>Evaluaci\u00f3n<\/h2>\n<p>La evaluaci\u00f3n del proceso de aprendizaje del alumnado en la ESO ser\u00e1 <b>continua, formativa e integradora<\/b>.<\/p>\n<p>El profesorado evaluar\u00e1 teniendo en cuenta los diferentes elementos del curr\u00edculo. Los <b>criterios de evaluaci\u00f3n<\/b> de las materias ser\u00e1n referente fundamental para valorar, tanto el grado de adquisici\u00f3n de las competencias b\u00e1sicas, como el de consecuci\u00f3n de los objetivos.<\/p>\n<p>En el proceso de evaluaci\u00f3n <b>continua<\/b>, cuando el progreso de un alumno no sea el adecuado, se establecer\u00e1n <b>medidas de refuerzo<\/b> educativo. Los profesores evaluar\u00e1n tanto los aprendizajes del alumnado como los procesos de ense\u00f1anza y su propia pr\u00e1ctica docente.<\/p>\n<h1>Promoci\u00f3n<\/h1>\n<p>Las decisiones sobre la promoci\u00f3n del alumnado de un curso a otro, dentro de la etapa, ser\u00e1n adoptadas de forma <strong>colegiada<\/strong> por el conjunto de profesores del alumno o alumna respectivo, atendiendo al logro de los objetivos y al grado de adquisici\u00f3n de las competencias correspondientes.<\/p>\n<p>Se promocionar\u00e1 al curso siguiente cuando se hayan superado todas las materias cursadas o tengan evaluaci\u00f3n negativa en <strong>dos<\/strong> materias como m\u00e1ximo.<\/p>\n<p>Se repetir\u00e1 curso cuando se tenga evaluaci\u00f3n negativa en <strong> tres o m\u00e1s<\/strong> materias, o en <strong>dos<\/strong> materias que sean <strong>Lengua Castellana y Literatura<\/strong> y <strong>Matem\u00e1ticas<\/strong> de forma simult\u00e1nea.<\/p>\n<div class='et-box et-info'>\n\t\t\t\t\t<div class='et-box-content'><span class=\"IceBlockTextRight\">Para pasar de curso, no puedes suspender m\u00e1s de <b>dos<\/b> asignaturas<\/span><\/div><\/div>\n<p>De forma <em>excepcional<\/em>, podr\u00e1 autorizarse la promoci\u00f3n de un alumno\/a con evaluaci\u00f3n negativa en <strong>tres<\/strong> materias cuando se den conjuntamente las siguientes condiciones:<br \/>\na) que dos de ellas no sean simult\u00e1neamente Lengua Castellana y Literatura, y Matem\u00e1ticas,<br \/>\nb) que el equipo docente considere que la naturaleza de las materias con evaluaci\u00f3n negativa no impide al alumno\/a seguir con \u00e9xito el curso siguiente, que tiene expectativas favorables de recuperaci\u00f3n y que la promoci\u00f3n beneficiar\u00e1 su evoluci\u00f3n acad\u00e9mica,<br \/>\nc) y que se apliquen al alumno\/a las medidas de atenci\u00f3n educativa propuestas en el consejo orientador.<\/p>\n<p>Podr\u00e1 tambi\u00e9n autorizarse de forma <em>excepcional<\/em> la promoci\u00f3n de un alumno\/a con evaluaci\u00f3n negativa en dos materias que sean Lengua Castellana y Literatura y Matem\u00e1ticas de forma simult\u00e1nea cuando el equipo docente considere que el alumno\/a puede seguir con \u00e9xito el curso siguiente, que tiene expectativas favorables de recuperaci\u00f3n y que la promoci\u00f3n beneficiar\u00e1 su evoluci\u00f3n acad\u00e9mica, y siempre que se apliquen al alumno o alumna las medidas de atenci\u00f3n educativa propuestas en el consejo orientador.<\/p>\n<p>Quien no promocione deber\u00e1 <b>repetir<\/b> un a\u00f1o (y solo uno) en el mismo curso.&nbsp;Se podr\u00e1 repetir un m\u00e1ximo de dos cursos en toda la etapa. <i>Excepcionalmente<\/i>, un alumno podr\u00e1 repetir una segunda vez 4\u00ba ESO si no ha repetido en los cursos anteriores de la etapa.<\/p>\n<p>Un alumno puede permanecer, en r\u00e9gimen ordinario, hasta los <b>18<\/b> a\u00f1os de edad cumplidos en el a\u00f1o en que finalice el curso. Adem\u00e1s, desde el momento en que aqu\u00e9l cumple <b>16<\/b> a\u00f1os de edad puede decidir, junto con sus padres dar por finalizada su escolarizaci\u00f3n obligatoria en la etapa, en cuyo caso se le extender\u00e1 el correspondiente <b>Certificado de Escolaridad<\/b> en el que consten los a\u00f1os y materias cursados.<\/p>\n<h1>Titulaci\u00f3n<\/h1>\n<p>Quienes al terminar la ESO, hayan alcanzado las competencias b\u00e1sicas y los objetivos de la etapa, obtendr\u00e1n el <b>T\u00edtulo de Graduado\/a en Educaci\u00f3n Secundaria Obligatoria<\/b>.<\/p>\n<p>Quienes cursen la ESO y no puedan obtener el t\u00edtulo recibir\u00e1n un <b>certificado de escolaridad<\/b> del centro educativo en el que consten las materias y los a\u00f1os cursados.<\/p>\n<p>Los t\u00edtulos ser\u00e1n homologados por el estado y expedidos por las administraciones educativas en las condiciones establecidas en la legislaci\u00f3n estatal y en las normas de desarrollo que se dicten a tal efecto.<\/p>\n<p>&nbsp;<\/p>\n<h2>Legislaci\u00f3n<\/h2>\n<ul>\n<li><a href=\"https:\/\/www.boe.es\/boe\/dias\/2020\/12\/30\/pdfs\/BOE-A-2020-17264.pdf\" target=\"_blank\" rel=\"noopener noreferrer\">Ley Org\u00e1nica 3\/2020, de 29 de diciembre (LOMLOE)<\/a>, que se modifica la Ley Org\u00e1nica 2\/2006, de 3 de mayo, de Educaci\u00f3n (LOE).<\/li>\n<li><a href=\"https:\/\/www.boe.es\/diario_boe\/txt.php?id=BOE-A-2015-37\" target=\"_blank\" rel=\"noopener noreferrer\">Real Decreto 1105\/2014<\/a>, por el que se establece el curr\u00edculo b\u00e1sico de la ESO y del Bachillerato.<\/li>\n<li><a href=\"https:\/\/www.boe.es\/diario_boe\/txt.php?id=BOE-A-2015-738\" target=\"_blank\" rel=\"noopener noreferrer\">Orden ECD\/65\/2015, de 21 de enero<\/a>, por la que se describen las relaciones entre las competencias, los contenidos y los criterios de evaluaci\u00f3n de la Educaci\u00f3n Primaria, la ESO y el Bachillerato.<\/li>\n<li><a href=\"http:\/\/www.juntadeandalucia.es\/boja\/2016\/122\/2\" target=\"_blank\" rel=\"noopener noreferrer\">Decreto 111\/2016<\/a>, por el que se establece la ordenaci\u00f3n y el curr\u00edculo de la ESO en Andaluc\u00eda, modificado por el <a href=\"https:\/\/www.juntadeandalucia.es\/boja\/2020\/221\/5\" target=\"_blank\" rel=\"noopener noreferrer\">Decreto 182\/2020<\/a>.<\/li>\n<li><a href=\"https:\/\/www.juntadeandalucia.es\/boja\/2021\/507\/3\" target=\"_blank\" rel=\"noopener noreferrer\">Orden de 15 de enero de 2021<\/a>, que desarrolla el curr\u00edculo de la ESO en Andaluc\u00eda, regula determinados aspectos de la atenci\u00f3n a la diversidad y establece la ordenaci\u00f3n de la evaluaci\u00f3n del proceso de aprendizaje del alumnado<\/li>\n<\/ul>\n<\/div>\n","protected":false},"excerpt":{"rendered":"<p>La Educaci\u00f3n Secundaria Obligatoria (E.S.O.) es una etapa obligatoria y gratuita. Comprende cuatro cursos escolares (de los 12 a los 16 a\u00f1os). Al superarla, se obtiene el t\u00edtulo de Graduado en Educaci\u00f3n Secundaria, que permite al alumno\/a proseguir estudios tanto de Bachillerato como de Formaci\u00f3n Profesional de grado medio. Tambi\u00e9n posibilita acceder al mercado de [&hellip;]<\/p>\n","protected":false},"author":12995,"featured_media":883,"comment_status":"closed","ping_status":"open","sticky":false,"template":"","format":"standard","meta":{"_et_pb_use_builder":"","_et_pb_old_content":"","_et_gb_content_width":"","ngg_post_thumbnail":0,"footnotes":""},"categories":[22,10],"tags":[],"aioseo_notices":[],"_links":{"self":[{"href":"https:\/\/blogsaverroes.juntadeandalucia.es\/iestorredelrey\/wp-json\/wp\/v2\/posts\/813"}],"collection":[{"href":"https:\/\/blogsaverroes.juntadeandalucia.es\/iestorredelrey\/wp-json\/wp\/v2\/posts"}],"about":[{"href":"https:\/\/blogsaverroes.juntadeandalucia.es\/iestorredelrey\/wp-json\/wp\/v2\/types\/post"}],"author":[{"embeddable":true,"href":"https:\/\/blogsaverroes.juntadeandalucia.es\/iestorredelrey\/wp-json\/wp\/v2\/users\/12995"}],"replies":[{"embeddable":true,"href":"https:\/\/blogsaverroes.juntadeandalucia.es\/iestorredelrey\/wp-json\/wp\/v2\/comments?post=813"}],"version-history":[{"count":3,"href":"https:\/\/blogsaverroes.juntadeandalucia.es\/iestorredelrey\/wp-json\/wp\/v2\/posts\/813\/revisions"}],"predecessor-version":[{"id":890,"href":"https:\/\/blogsaverroes.juntadeandalucia.es\/iestorredelrey\/wp-json\/wp\/v2\/posts\/813\/revisions\/890"}],"wp:featuredmedia":[{"embeddable":true,"href":"https:\/\/blogsaverroes.juntadeandalucia.es\/iestorredelrey\/wp-json\/wp\/v2\/media\/883"}],"wp:attachment":[{"href":"https:\/\/blogsaverroes.juntadeandalucia.es\/iestorredelrey\/wp-json\/wp\/v2\/media?parent=813"}],"wp:term":[{"taxonomy":"category","embeddable":true,"href":"https:\/\/blogsaverroes.juntadeandalucia.es\/iestorredelrey\/wp-json\/wp\/v2\/categories?post=813"},{"taxonomy":"post_tag","embeddable":true,"href":"https:\/\/blogsaverroes.juntadeandalucia.es\/iestorredelrey\/wp-json\/wp\/v2\/tags?post=813"}],"curies":[{"name":"wp","href":"https:\/\/api.w.org\/{rel}","templated":true}]}}