{"id":815,"date":"2025-04-03T11:11:09","date_gmt":"2025-04-03T09:11:09","guid":{"rendered":"https:\/\/blogsaverroes.juntadeandalucia.es\/iestorredelrey\/?p=815"},"modified":"2025-05-08T12:35:05","modified_gmt":"2025-05-08T10:35:05","slug":"formacion-profesional","status":"publish","type":"post","link":"https:\/\/blogsaverroes.juntadeandalucia.es\/iestorredelrey\/formacion-profesional\/","title":{"rendered":"Formaci\u00f3n Profesional"},"content":{"rendered":"<p>Esta es la oferta de formaci\u00f3n profesional que puedes estudiar en nuestro centro:<\/p>\n<h2>Ciclo Formativo de Grado B\u00e1sico &#8220;Inform\u00e1tica y Comunicaciones&#8221;.<\/h2>\n\n\t\t\t<div class='tabs-left et_sliderfx_fade et_sliderauto_false et_sliderauto_speed_5000 et_slidertype_left_tabs clearfix'>\n\t\t\t\t<div class='et_left_tabs_bg'><\/div>\n\t\t\t\t<ul class='et-tabs-control'>\n\t\t\t<li><a href='#'>\n\t\t\tCaracter\u00edsticas\n\t\t<\/a><\/li>\n\n\t\t<li><a href='#'>\n\t\t\tNormativa\n\t\t<\/a><\/li>\n\n\t\t<li><a href='#'>\n\t\t\tCompetencia General\n\t\t<\/a><\/li>\n\n\t\t<li><a href='#'>\n\t\t\tSalidas Profesionales\n\t\t<\/a><\/li>\n\n\t\t<li><a href='#'>\n\t\t\tM\u00f3dulos Profesionales\n\t\t<\/a><\/li>\n\n\t\t<li><a href='#'>\n\t\t\t\u00bfQu\u00e9 puedo hacer al finalizar?\n\t\t<\/a><\/li>\n\t\t<\/ul><\/p>\n<p>\n\t\t<div class='et-tabs-content'>\n\t\t\t<div class='et-tabs-content-main-wrap'>\n\t\t\t\t<div class='et-tabs-content-wrapper'>\n\t\t\t\t\t<div class='et_slidecontent'>\n\t\t\t<strong>Ciclo Formativo de Grado B\u00e1sico &#8211; Formaci\u00f3n Profesional Espec\u00edfica<\/strong><\/p>\n<p>Familia Profesional: INFORM\u00c1TICA y COMUNICACIONES<\/p>\n<p>Duraci\u00f3n: 2000 horas<\/p>\n<p>Horario: DIURNO (8:30h &#8211; 15:00h)<\/p>\n<p><strong>Nivel:<\/strong>\n&#8211; NACIONAL: Educaci\u00f3n secundaria postobligatoria\n&#8211; INTERNACIONAL:\n&#8211; Nivel 2 de la Clasificaci\u00f3n Internacional Normalizada de la Educaci\u00f3n (CINE-2)\n&#8211; Nivel 2 del Marco Europeo de las Cualificaciones (EQF2)<\/p>\n<p>Titulaci\u00f3n: T\u00e9cnico en Inform\u00e1tica y Comunicaciones\n\t\t<\/div><\/p>\n\n\t\t<div class='et_slidecontent'>\n\t\t\tReal Decreto 1531\/2011, de 31 de octubre, por el que se establece el t\u00edtulo de T\u00e9cnico en Inform\u00e1tica y Comunicaciones y se fijan sus ense\u00f1anzas m\u00ednimas.<\/p>\n<p>Orden de 4 de julio de 2012, por la que se desarrolla el curr\u00edculo correspondiente al t\u00edtulo de T\u00e9cnico en Inform\u00e1tica y Comunicaciones.\n\t\t<\/div>\n\n\t\t<div class='et_slidecontent'>\n\t\t\tLa competencia general que se adquiere con el ciclo &#8220;Inform\u00e1tica y Comunicaciones&#8221; es:<\/p>\n<p>Configurar y mantener los sistemas inform\u00e1ticos y de telecomunicaciones en entornos de trabajo, asegurando la funcionalidad y calidad de los sistemas y redes instalados, siguiendo los est\u00e1ndares establecidos en seguridad, eficiencia y sostenibilidad.\n\t\t<\/div>\n\n\t\t<div class='et_slidecontent'>\n\t\t\tLos trabajos que podr\u00e1s desempe\u00f1ar son:<\/p>\n<p>&#8211; T\u00e9cnico de soporte inform\u00e1tico\n&#8211; Instalador-reparador de equipos inform\u00e1ticos y perif\u00e9ricos\n&#8211; Operador de sistemas inform\u00e1ticos\n&#8211; T\u00e9cnico de redes y telecomunicaciones<\/p>\n<p>Las empresas donde puedes trabajar son:<\/p>\n<p>&#8211; Empresas de mantenimiento inform\u00e1tico\n&#8211; Proveedoras de servicios de telecomunicaciones\n&#8211; Departamentos de IT en empresas de todos los sectores\n&#8211; Empresas de servicios de internet\n\t\t<\/div>\n\n\t\t<div class='et_slidecontent'>\n\t\t\tEl ciclo se organiza en una serie de asignaturas o m\u00f3dulos profesionales, cuya distribuci\u00f3n es la siguiente:<\/p>\n<p><strong>Primer curso<\/strong>\n0150. Montaje y mantenimiento de equipos: 160 horas (5 horas semanales)<\/p>\n<p>0151. Sistemas operativos monousuario: 160 horas (5 horas semanales)<\/p>\n<p>0152. Aplicaciones ofim\u00e1ticas: 180 horas (6 horas semanales)<\/p>\n<p>0153. Redes locales: 160 horas (5 horas semanales)<\/p>\n<p>0154. Formaci\u00f3n y orientaci\u00f3n laboral: 96 horas (3 horas semanales)<\/p>\n<p><strong>Segundo curso<\/strong>\n0155. Instalaci\u00f3n y configuraci\u00f3n de sistemas operativos en red: 120 horas (4 horas semanales)<\/p>\n<p>0156. Configuraci\u00f3n y gesti\u00f3n de redes locales: 120 horas (4 horas semanales)<\/p>\n<p>0157. Seguridad en redes: 96 horas (3 horas semanales)<\/p>\n<p>0158. Soporte inform\u00e1tico: 120 horas (4 horas semanales)<\/p>\n<p>0159. Formaci\u00f3n en centros de trabajo (FCT): 410 horas<\/p>\n<p><strong>TOTALES:<\/strong> 2000 horas de duraci\u00f3n, con 60 horas semanales.\n\t\t<\/div>\n<p>\n\t\t<div class='et_slidecontent'>\n\t\t\t<strong>Trabajar:<\/strong><\/p>\n<p>&#8211; Desarrollando, manteniendo y reparando equipos inform\u00e1ticos y redes locales.\n&#8211; Instalando y configurando sistemas operativos y aplicaciones ofim\u00e1ticas.\n&#8211; Proporcionando soporte t\u00e9cnico a usuarios en entornos inform\u00e1ticos y de telecomunicaciones.<\/p>\n<p><strong>Seguir estudiando:<\/strong><\/p>\n<p>&#8211; Otros ciclos formativos de Grado Medio en \u00e1reas como sistemas inform\u00e1ticos o telecomunicaciones.\n&#8211; Preparaci\u00f3n para la prueba de acceso a Ciclos de Grado Superior de la familia de inform\u00e1tica.\n&#8211; Cursos de especializaci\u00f3n profesional en \u00e1reas como redes y seguridad.\n\t\t<\/div>\n\t\t\t\t<\/div>\n\t\t\t<\/div>\n\t\t<\/div>\n\t\t\t<\/div>\n<p>&nbsp;<\/p>\n<h2>Ciclo Formativo&nbsp;de Grado Medio &#8220;Sistemas Microinform\u00e1ticos y Redes&#8221;.<\/h2>\n\n\t\t\t<div class='tabs-left et_sliderfx_fade et_sliderauto_false et_sliderauto_speed_5000 et_slidertype_left_tabs clearfix'>\n\t\t\t\t<div class='et_left_tabs_bg'><\/div>\n\t\t\t\t<ul class='et-tabs-control'>\n\t\t\t<li><a href='#'>\n\t\t\tCaracter\u00edsticas\n\t\t<\/a><\/li>\n\n\t\t<li><a href='#'>\n\t\t\tNormativa\n\t\t<\/a><\/li>\n\n\t\t<li><a href='#'>\n\t\t\tCompetencia General\n\t\t<\/a><\/li>\n\n\t\t<li><a href='#'>\n\t\t\tSalidas Profesionales\n\t\t<\/a><\/li>\n\n\t\t<li><a href='#'>\n\t\t\tM\u00f3dulos Profesionales\n\t\t<\/a><\/li>\n\n\t\t<li><a href='#'>\n\t\t\tRequisitos de Acceso\n\t\t<\/a><\/li>\n\n\t\t<li><a href='#'>\n\t\t\tAcceso a Otros Estudios\n\t\t<\/a><\/li>\n\n\t\t<li><a href='#'>\n\t\t\tCalendario de Matriculaci\u00f3n\n\t\t<\/a><\/li>\n\t\t<\/ul><\/p>\n<p>\n\t\t<div class='et-tabs-content'>\n\t\t\t<div class='et-tabs-content-main-wrap'>\n\t\t\t\t<div class='et-tabs-content-wrapper'>\n\t\t\t\t\t<div class='et_slidecontent'>\n\t\t\tNivel: Ciclo Formativo de Grado Medio &#8211; Formaci\u00f3n Profesional Espec\u00edfica<\/p>\n<p>Familia Profesional: INFORM\u00c1TICA y COMUNICACIONES<\/p>\n<p>Duraci\u00f3n: 2000 horas<\/p>\n<p>Horario: DIURNO (8:30h &#8211; 15:00h)<\/p>\n<p>Titulaci\u00f3n: T\u00e9cnico en Sistemas Microinform\u00e1ticos y Redes(Grupo C, C1)<\/p>\n<p>Referente europeo: CINE-3 (Clasificaci\u00f3n Internacional Normalizada de la Educaci\u00f3n)\n\t\t<\/div>\n\n\t\t<div class='et_slidecontent'>\n\t\t\tReal Decreto 1691\/2007, de 14 de diciembre, BOE (17\/01\/2008)<\/p>\n<p>Orden de 7 de julio de 2009, BOJA (25\/08\/2009)\n\t\t<\/div>\n\n\t\t<div class='et_slidecontent'>\n\t\t\tInstalar, configurar y mantener sistemas microinform\u00e1ticos, aislados o en red, as\u00ed como redes locales en peque\u00f1os entornos, asegurando su funcionalidad y aplicando los protocolos de calidad, seguridad y respeto al medio ambiente establecidos.\n\t\t<\/div>\n\n\t\t<div class='et_slidecontent'>\n\t\t\tLos trabajos que podr\u00e1s desempe\u00f1ar son:<\/p>\n<p>&#8211; Instalador-reparador de equipos y perif\u00e9ricos microinform\u00e1ticos.\n&#8211; T\u00e9cnico de soporte inform\u00e1tico.\n&#8211; T\u00e9cnico de redes de datos.\n&#8211; T\u00e9cnico-comercial de microinform\u00e1tica.\n&#8211; Operador de sistemas.<\/p>\n<p>Las empresas donde puedes trabajar son:<\/p>\n<p>&#8211; Proveedoras de servicios inform\u00e1ticos a empresas.\n&#8211; Empresas de telecomunicaciones.\n&#8211; Proveedoras de servicios de Internet (ISP).\n&#8211; En departamentos t\u00e9cnicos de empresas de cualquier sector.\n\t\t<\/div>\n\n\t\t<div class='et_slidecontent'>\n\t\t\tEl ciclo se organiza en una serie de asignaturas o m\u00f3dulos profesionales, cuya distribuci\u00f3n es la siguiente:<\/p>\n<p><strong>Primer Curso<\/strong>\nDuraci\u00f3n: 960 horas (30 horas semanales)<\/p>\n<p>&#8211; Montaje y Mantenimiento de Equipo (MME): 224 horas (7 horas semanales)\n&#8211; Sistemas Operativos Monopuesto (SOM): 160 horas (5 horas semanales)\n&#8211; Aplicaciones Ofim\u00e1ticas (AO): 256 horas (8 horas semanales)\n&#8211; Redes Locales (RL): 224 horas (7 horas semanales)\n&#8211; Formaci\u00f3n y Orientaci\u00f3n Laboral (FOL): 96 horas (3 horas semanales)<\/p>\n<p><strong>Segundo Curso<\/strong>\nDuraci\u00f3n: 1040 horas (30 horas semanales)<\/p>\n<p>&#8211; Sistemas Operativos en Red (SOR): 147 horas (7 horas semanales)\n&#8211; Seguridad Inform\u00e1tica (SI): 105 horas (5 horas semanales)\n&#8211; Servicios en Red (SR): 147 horas (7 horas semanales)\n&#8211; Aplicaciones Web (AW): 84 horas (4 horas semanales)\n&#8211; Horas de libre configuraci\u00f3n: 63 horas (3 horas semanales)\n&#8211; Empresa e Iniciativa Empresarial (EIE): 84 horas (4 horas semanales)\n&#8211; Formaci\u00f3n en Centros de Trabajo (FCT): 410 horas<\/p>\n<p>En total, 2000 horas de duraci\u00f3n, impartidas en horario diurno (8:30h &#8211; 15:00h)\n\t\t<\/div>\n\n\t\t<div class='et_slidecontent'>\n\t\t\t<strong>Acceso Directo:<\/strong>\nPuedes acceder al ciclo si est\u00e1s en posesi\u00f3n de alguna de estas titulaciones:<\/p>\n<p>&#8211; T\u00edtulo de Graduado en E.S.O.\n&#8211; T\u00edtulo de T\u00e9cnico \/ T\u00e9cnico Auxiliar de FP\n&#8211; 2\u00ba de B.U.P.\n&#8211; Otros estudios equivalentes a efectos acad\u00e9micos.<\/p>\n<p><strong>Mediante Prueba de Acceso:<\/strong>\nQuienes tengan cumplidos 17 a\u00f1os, o los cumplan en el a\u00f1o de realizaci\u00f3n de la prueba.\nEst\u00e1n exentos de la prueba quienes hayan superado la Prueba de Acceso a la Universidad para mayores de 25, 40 o 45 a\u00f1os.\n\t\t<\/div>\n\n\t\t<div class='et_slidecontent'>\n\t\t\tEste ciclo formativo te permite acceder posteriormente a:<\/p>\n<p>&#8211; Bachillerato, en cualquier modalidad.\n&#8211; Otros ciclos de Grado Medio (con la posibilidad de convalidaciones de m\u00f3dulos).\n&#8211; Preparar la prueba de acceso a Ciclos de Grado Superior de la familia profesional de Inform\u00e1tica y Comunicaciones.\n&#8211; Cursos de especializaci\u00f3n profesional.\n\t\t<\/div>\n\n\t\t<div class='et_slidecontent'>\n\t\t\t<strong>Solicitud de Admisi\u00f3n:<\/strong>\n&#8211; Junio: del 15 al 30.<\/p>\n<p><strong>Matriculaci\u00f3n:<\/strong>\nSe realizar\u00e1n 2 adjudicaciones de plaza a lo largo de julio.\nCada adjudicaci\u00f3n conlleva un plazo obligatorio de matr\u00edcula o reserva de la plaza obtenida.\n\t\t<\/div>\n\t\t\t\t<\/div>\n\t\t\t<\/div>\n\t\t<\/div>\n\t\t\t<\/div>\n<p>&nbsp;<\/p>\n<h2>Ciclo formativo de Grado Superior &#8220;Desarrollo de Aplicaciones Multiplataforma&#8221;.<\/h2>\n\n\t\t\t<div class='tabs-left et_sliderfx_fade et_sliderauto_false et_sliderauto_speed_5000 et_slidertype_left_tabs clearfix'>\n\t\t\t\t<div class='et_left_tabs_bg'><\/div>\n\t\t\t\t<ul class='et-tabs-control'>\n\t\t\t<li><a href='#'>\n\t\t\tCaracter\u00edsticas\n\t\t<\/a><\/li>\n\n\t\t<li><a href='#'>\n\t\t\tNormativa\n\t\t<\/a><\/li>\n\n\t\t<li><a href='#'>\n\t\t\tCompetencia General\n\t\t<\/a><\/li>\n\n\t\t<li><a href='#'>\n\t\t\tSalidas Profesionales\n\t\t<\/a><\/li>\n\n\t\t<li><a href='#'>\n\t\t\tM\u00f3dulos Profesionales\n\t\t<\/a><\/li>\n\n\t\t<li><a href='#'>\n\t\t\t\u00bfQu\u00e9 puedo hacer al finalizar?\n\t\t<\/a><\/li>\n\t\t<\/ul><\/p>\n<p>\n\t\t<div class='et-tabs-content'>\n\t\t\t<div class='et-tabs-content-main-wrap'>\n\t\t\t\t<div class='et-tabs-content-wrapper'>\n\t\t\t\t\t<div class='et_slidecontent'>\n\t\t\t<strong>Ciclo Formativo de Grado Superior &#8211; Formaci\u00f3n Profesional Espec\u00edfica<\/strong><\/p>\n<p>Familia Profesional: INFORM\u00c1TICA y COMUNICACIONES<\/p>\n<p>Duraci\u00f3n: 2000 horas<\/p>\n<p>Horario: DIURNO (8:30h &#8211; 15:00h)<\/p>\n<p><strong>Nivel:<\/strong>\n&#8211; NACIONAL: Educaci\u00f3n superior no universitaria<\/p>\n<p>&#8211; INTERNACIONAL:<\/p>\n<p>&#8211; Nivel 5b de la Clasificaci\u00f3n Internacional Normalizada de la Educaci\u00f3n (CINE5b)<\/p>\n<p>&#8211; Nivel 5 del Marco Europeo de las Cualificaciones (EQF5)<\/p>\n<p>Titulaci\u00f3n: T\u00e9cnico Superior en Desarrollo de Aplicaciones Multiplataforma\n\t\t<\/div><\/p>\n\n\t\t<div class='et_slidecontent'>\n\t\t\tReal Decreto 450\/2010, de 16 de abril, por el que se establece el t\u00edtulo de T\u00e9cnico Superior en Desarrollo de Aplicaciones Multiplataforma y se fijan sus ense\u00f1anzas m\u00ednimas.<\/p>\n<p>Orden de 16 de junio de 2011, por la que se desarrolla el curr\u00edculo correspondiente al t\u00edtulo de T\u00e9cnico Superior en Desarrollo de Aplicaciones Multiplataforma.\n\t\t<\/div>\n\n\t\t<div class='et_slidecontent'>\n\t\t\tLa competencia general que se adquiere con el ciclo D.A.M. es:<\/p>\n<p>Desarrollar, implantar, documentar y mantener aplicaciones inform\u00e1ticas multiplataforma, utilizando tecnolog\u00edas y entornos de desarrollo espec\u00edficos, garantizando el acceso a los datos de forma segura y cumpliendo los criterios de \u00abusabilidad\u00bb y calidad exigidas en los est\u00e1ndares establecidos.\n\t\t<\/div>\n\n\t\t<div class='et_slidecontent'>\n\t\t\tLas personas con este perfil profesional ejercen su actividad en entidades p\u00fablicas o privadas de cualquier tama\u00f1o, tanto por cuenta ajena como por cuenta propia, desempe\u00f1ando su trabajo en el \u00e1rea de desarrollo de aplicaciones inform\u00e1ticas multiplataforma en diversos \u00e1mbitos: gesti\u00f3n empresarial y de negocio, relaciones con clientes, educaci\u00f3n, ocio, dispositivos m\u00f3viles y entretenimiento, entre otros; aplicaciones desarrolladas e implantadas en entornos de alcance intranet, extranet e Internet; implantaci\u00f3n y adaptaci\u00f3n de sistemas de planificaci\u00f3n de recursos empresariales y de gesti\u00f3n de relaciones con clientes.\n\t\t<\/div>\n\n\t\t<div class='et_slidecontent'>\n\t\t\tEl ciclo se organiza en una serie de asignaturas o m\u00f3dulos profesionales, cuya distribuci\u00f3n es la siguiente:<\/p>\n<p><strong>Primer curso<\/strong><\/p>\n<p>0483. Sistemas inform\u00e1ticos: 192 horas (6 horas semanales)<\/p>\n<p>0484. Bases de Datos: 192 horas (6 horas semanales)<\/p>\n<p>0485. Programaci\u00f3n: 256 horas (8 horas semanales)<\/p>\n<p>0373. Lenguajes de marcas y sistemas de gesti\u00f3n de la informaci\u00f3n: 128 horas (4 horas semanales)<\/p>\n<p>0487. Entornos de desarrollo: 96 horas (3 horas semanales)<\/p>\n<p>0493. Formaci\u00f3n y orientaci\u00f3n laboral: 96 horas (3 horas semanales)<\/p>\n<p><strong>Segundo curso<\/strong><\/p>\n<p>0486. Acceso a datos: 105 horas (5 horas semanales)<\/p>\n<p>0488. Desarrollo de interfaces: 147 horas (7 horas semanales)<\/p>\n<p>0489. Programaci\u00f3n multimedia y dispositivos m\u00f3viles: 84 horas (4 horas semanales)<\/p>\n<p>0490. Programaci\u00f3n de servicios y procesos: 63 horas (3 horas semanales)<\/p>\n<p>0491. Sistemas de gesti\u00f3n empresarial: 84 horas (4 horas semanales)<\/p>\n<p>0494. Empresa e iniciativa emprendedora: 84 horas (4 horas semanales)<\/p>\n<p>Horas de libre configuraci\u00f3n: 63 horas (3 horas semanales)<\/p>\n<p>0495. Formaci\u00f3n en centros de trabajo: 370 horas<\/p>\n<p>0492. Proyecto de desarrollo de aplicaciones multiplataforma: 40 horas<\/p>\n<p><strong>TOTALES:<\/strong> 2000 horas de duraci\u00f3n, con 60 horas semanales.\n\t\t<\/div>\n<p>\n\t\t<div class='et_slidecontent'>\n\t\t\t<strong>Trabajar:<\/strong><\/p>\n<p>&#8211; Desarrollando aplicaciones inform\u00e1ticas para la gesti\u00f3n empresarial y de negocio.\n&#8211; Desarrollando aplicaciones de prop\u00f3sito general.\n&#8211; Desarrollando aplicaciones en el \u00e1mbito del entretenimiento y la inform\u00e1tica m\u00f3vil.<\/p>\n<p><strong>Seguir estudiando:<\/strong><\/p>\n<p>&#8211; Cursos de especializaci\u00f3n profesional.\n&#8211; Otro Ciclo de Formaci\u00f3n Profesional con la posibilidad de establecer convalidaciones de m\u00f3dulos profesionales de acuerdo a la normativa vigente.\n&#8211; Preparaci\u00f3n de las Pruebas de Evaluaci\u00f3n de Bachillerato (\u00fanicamente las asignaturas troncales).\n&#8211; Ense\u00f1anzas Universitarias con la posibilidad de establecer convalidaciones de acuerdo con la normativa vigente.\n\t\t<\/div>\n\t\t\t\t<\/div>\n\t\t\t<\/div>\n\t\t<\/div>\n\t\t\t<\/div>\n<p>&nbsp;<br \/>\n<strong>V\u00eddeo de presentaci\u00f3n de la familia profesional de Inform\u00e1tica y Comunicaciones:<\/strong><\/p>\n<p><iframe loading=\"lazy\" src=\"https:\/\/www.youtube.com\/embed\/hUY-k2crOi8?si=V3gM2Xjy_Gsj8hdt\" width=\"560\" height=\"315\" frameborder=\"0\"><\/iframe><\/p>\n","protected":false},"excerpt":{"rendered":"<p>Esta es la oferta de formaci\u00f3n profesional que puedes estudiar en nuestro centro: Ciclo Formativo de Grado B\u00e1sico &#8220;Inform\u00e1tica y Comunicaciones&#8221;. &nbsp; Ciclo Formativo&nbsp;de Grado Medio &#8220;Sistemas Microinform\u00e1ticos y Redes&#8221;. &nbsp; Ciclo formativo de Grado Superior &#8220;Desarrollo de Aplicaciones Multiplataforma&#8221;. &nbsp; V\u00eddeo de presentaci\u00f3n de la familia profesional de Inform\u00e1tica y Comunicaciones:<\/p>\n","protected":false},"author":12995,"featured_media":882,"comment_status":"closed","ping_status":"open","sticky":false,"template":"","format":"standard","meta":{"_et_pb_use_builder":"","_et_pb_old_content":"","_et_gb_content_width":"","ngg_post_thumbnail":0,"footnotes":""},"categories":[18,10],"tags":[],"aioseo_notices":[],"_links":{"self":[{"href":"https:\/\/blogsaverroes.juntadeandalucia.es\/iestorredelrey\/wp-json\/wp\/v2\/posts\/815"}],"collection":[{"href":"https:\/\/blogsaverroes.juntadeandalucia.es\/iestorredelrey\/wp-json\/wp\/v2\/posts"}],"about":[{"href":"https:\/\/blogsaverroes.juntadeandalucia.es\/iestorredelrey\/wp-json\/wp\/v2\/types\/post"}],"author":[{"embeddable":true,"href":"https:\/\/blogsaverroes.juntadeandalucia.es\/iestorredelrey\/wp-json\/wp\/v2\/users\/12995"}],"replies":[{"embeddable":true,"href":"https:\/\/blogsaverroes.juntadeandalucia.es\/iestorredelrey\/wp-json\/wp\/v2\/comments?post=815"}],"version-history":[{"count":27,"href":"https:\/\/blogsaverroes.juntadeandalucia.es\/iestorredelrey\/wp-json\/wp\/v2\/posts\/815\/revisions"}],"predecessor-version":[{"id":909,"href":"https:\/\/blogsaverroes.juntadeandalucia.es\/iestorredelrey\/wp-json\/wp\/v2\/posts\/815\/revisions\/909"}],"wp:featuredmedia":[{"embeddable":true,"href":"https:\/\/blogsaverroes.juntadeandalucia.es\/iestorredelrey\/wp-json\/wp\/v2\/media\/882"}],"wp:attachment":[{"href":"https:\/\/blogsaverroes.juntadeandalucia.es\/iestorredelrey\/wp-json\/wp\/v2\/media?parent=815"}],"wp:term":[{"taxonomy":"category","embeddable":true,"href":"https:\/\/blogsaverroes.juntadeandalucia.es\/iestorredelrey\/wp-json\/wp\/v2\/categories?post=815"},{"taxonomy":"post_tag","embeddable":true,"href":"https:\/\/blogsaverroes.juntadeandalucia.es\/iestorredelrey\/wp-json\/wp\/v2\/tags?post=815"}],"curies":[{"name":"wp","href":"https:\/\/api.w.org\/{rel}","templated":true}]}}