{"id":992,"date":"2025-06-04T13:24:46","date_gmt":"2025-06-04T11:24:46","guid":{"rendered":"https:\/\/blogsaverroes.juntadeandalucia.es\/iestorredelrey\/?p=992"},"modified":"2025-06-04T17:16:43","modified_gmt":"2025-06-04T15:16:43","slug":"departamento-de-filosofia","status":"publish","type":"post","link":"https:\/\/blogsaverroes.juntadeandalucia.es\/iestorredelrey\/departamento-de-filosofia\/","title":{"rendered":"Departamento de Filosof\u00eda"},"content":{"rendered":"<p>[et_pb_section fb_built=&#8221;1&#8243; _builder_version=&#8221;4.16&#8243; global_colors_info=&#8221;{}&#8221;][et_pb_row _builder_version=&#8221;4.24.2&#8243; _module_preset=&#8221;default&#8221; global_colors_info=&#8221;{}&#8221;][et_pb_column type=&#8221;4_4&#8243; _builder_version=&#8221;4.24.2&#8243; _module_preset=&#8221;default&#8221; global_colors_info=&#8221;{}&#8221;][et_pb_text admin_label=&#8221;Descripci\u00f3n&#8221; _builder_version=&#8221;4.24.2&#8243; background_size=&#8221;initial&#8221; background_position=&#8221;top_left&#8221; background_repeat=&#8221;repeat&#8221; global_colors_info=&#8221;{}&#8221;]<\/p>\n<h1>Descripci\u00f3n<\/h1>\n<p>\u00bfY si nos par\u00e1semos a pensar? Pensar de verdad, con calma, cuestionando lo que damos por hecho y mirando el mundo con ojos nuevos. En el departamento de Filosof\u00eda creemos que esa es una de las aventuras m\u00e1s emocionantes que puede emprender cualquier estudiante.<\/p>\n<p>Desde la ESO hasta Bachillerato, acompa\u00f1amos a los alumnos en ese viaje tan necesario como desafiante: el de aprender a reflexionar, argumentar y dialogar. Porque la Filosof\u00eda no es solo \u201ccosas de griegos\u201d o grandes teor\u00edas abstractas \u2014aunque tambi\u00e9n hay algo de eso, claro\u2014, sino una herramienta para entender mejor lo que nos rodea\u2026 y tambi\u00e9n a nosotros mismos.<\/p>\n<p>A trav\u00e9s de asignaturas como Educaci\u00f3n en Valores, Psicolog\u00eda o incluso Oratoria y Debate, trabajamos la empat\u00eda, la escucha activa, la capacidad de expresarse con claridad y defender una idea sin imponerse. Y es que hoy, m\u00e1s que nunca, saber dialogar es casi un superpoder.<\/p>\n<p>Nos gusta pensar que no formamos solo a futuros estudiantes universitarios, sino a ciudadanos cr\u00edticos, con criterio, con inquietudes. Que saben hacerse preguntas inc\u00f3modas, buscar respuestas honestas y convivir con la duda sin miedo.<\/p>\n<p>Porque en el fondo, como dec\u00eda S\u00f3crates, \u201cuna vida sin examen no merece la pena ser vivida\u201d. Y aqu\u00ed, nos tomamos esa frase muy en serio.<\/p>\n<p>[\/et_pb_text][\/et_pb_column][\/et_pb_row][et_pb_row column_structure=&#8221;3_5,2_5&#8243; _builder_version=&#8221;4.16&#8243; background_size=&#8221;initial&#8221; background_position=&#8221;top_left&#8221; background_repeat=&#8221;repeat&#8221; global_colors_info=&#8221;{}&#8221;][et_pb_column type=&#8221;3_5&#8243; _builder_version=&#8221;4.16&#8243; custom_padding=&#8221;|||&#8221; global_colors_info=&#8221;{}&#8221; custom_padding__hover=&#8221;|||&#8221;][et_pb_text admin_label=&#8221;Asignaturas&#8221; _builder_version=&#8221;4.24.2&#8243; background_size=&#8221;initial&#8221; background_position=&#8221;top_left&#8221; background_repeat=&#8221;repeat&#8221; global_colors_info=&#8221;{}&#8221;]<\/p>\n<h2>Asignaturas \/ M\u00f3dulos<\/h2>\n<p>&nbsp;<\/p>\n<h5>ESO<\/h5>\n<ul>\n<li>\u00c1MBITO SOCIOLING\u00dc\u00cdSTICO<\/li>\n<li>EDUCACI\u00d3N EN VALORES C\u00cdVICOS Y \u00c9TICOS<\/li>\n<li>FILOSOF\u00cdA<\/li>\n<li>FILOSOF\u00cdA Y ARGUMENTACI\u00d3N<\/li>\n<li>ORATORIA Y DEBATE<\/li>\n<\/ul>\n<p>&nbsp;<\/p>\n<h5>BACHILLERATO<\/h5>\n<ul>\n<li>FILOSOF\u00cdA<\/li>\n<li>HISTORIA DE LA FILOSOF\u00cdA<\/li>\n<li>PSICOLOG\u00cdA<\/li>\n<\/ul>\n<p>&nbsp;<\/p>\n<p>[\/et_pb_text][et_pb_text admin_label=&#8221;Ubicaci\u00f3n &#8221; _builder_version=&#8221;4.24.2&#8243; background_size=&#8221;initial&#8221; background_position=&#8221;top_left&#8221; background_repeat=&#8221;repeat&#8221; global_colors_info=&#8221;{}&#8221;]<\/p>\n<h2><span style=\"color: #333333;font-size: 26px\">Ubicaci\u00f3n\u00a0<\/span><\/h2>\n<ul>\n<li>En la 2\u00aa planta<\/li>\n<\/ul>\n<p>&nbsp;<\/p>\n<p>[\/et_pb_text][et_pb_text admin_label=&#8221;Contacto&#8221; _builder_version=&#8221;4.24.2&#8243; background_size=&#8221;initial&#8221; background_position=&#8221;top_left&#8221; background_repeat=&#8221;repeat&#8221; global_colors_info=&#8221;{}&#8221;]<\/p>\n<h2><span style=\"color: #333333;font-size: 26px\">Contacto<\/span><\/h2>\n<ul>\n<li><span id=\"cloakcd403a938baf42ad3d2faf7e3756d3f0\"><a href=\"mailto:filosofia@iestorredelrey.es\">filosofia@iestorredelrey.es<\/a><\/span><\/li>\n<li><a href=\"mailto:41701298.dep.filosofia@g.educaand.es\" target=\"_blank\" rel=\"noopener\">41701298.dep.filosofia@g.educaand.es<\/a><\/li>\n<\/ul>\n<p>[\/et_pb_text][\/et_pb_column][et_pb_column type=&#8221;2_5&#8243; _builder_version=&#8221;4.16&#8243; custom_padding=&#8221;|||&#8221; global_colors_info=&#8221;{}&#8221; custom_padding__hover=&#8221;|||&#8221;][et_pb_image title_text=&#8221;Dpto_Filosofia&#8221; _builder_version=&#8221;4.24.2&#8243; _module_preset=&#8221;default&#8221; hover_enabled=&#8221;0&#8243; global_colors_info=&#8221;{}&#8221; src=&#8221;https:\/\/blogsaverroes.juntadeandalucia.es\/iestorredelrey\/files\/2025\/06\/Dpto_Filosofia.png&#8221; align=&#8221;center&#8221; sticky_enabled=&#8221;0&#8243;][\/et_pb_image][et_pb_text admin_label=&#8221;Descripci\u00f3n imagen&#8221; _builder_version=&#8221;4.24.2&#8243; _module_preset=&#8221;default&#8221; hover_enabled=&#8221;0&#8243; global_colors_info=&#8221;{}&#8221; sticky_enabled=&#8221;0&#8243;]<\/p>\n<p style=\"text-align: center\"><span style=\"font-size: 10pt\">Departamento de Filosof\u00eda<\/span><\/p>\n<p>[\/et_pb_text][\/et_pb_column][\/et_pb_row][\/et_pb_section]<\/p>\n","protected":false},"excerpt":{"rendered":"<p>Descripci\u00f3n \u00bfY si nos par\u00e1semos a pensar? Pensar de verdad, con calma, cuestionando lo que damos por hecho y mirando el mundo con ojos nuevos. En el departamento de Filosof\u00eda creemos que esa es una de las aventuras m\u00e1s emocionantes que puede emprender cualquier estudiante. Desde la ESO hasta Bachillerato, acompa\u00f1amos a los alumnos en [&hellip;]<\/p>\n","protected":false},"author":21004,"featured_media":1263,"comment_status":"closed","ping_status":"open","sticky":false,"template":"","format":"standard","meta":{"_et_pb_use_builder":"on","_et_pb_old_content":"","_et_gb_content_width":"","ngg_post_thumbnail":0,"footnotes":""},"categories":[34],"tags":[],"aioseo_notices":[],"_links":{"self":[{"href":"https:\/\/blogsaverroes.juntadeandalucia.es\/iestorredelrey\/wp-json\/wp\/v2\/posts\/992"}],"collection":[{"href":"https:\/\/blogsaverroes.juntadeandalucia.es\/iestorredelrey\/wp-json\/wp\/v2\/posts"}],"about":[{"href":"https:\/\/blogsaverroes.juntadeandalucia.es\/iestorredelrey\/wp-json\/wp\/v2\/types\/post"}],"author":[{"embeddable":true,"href":"https:\/\/blogsaverroes.juntadeandalucia.es\/iestorredelrey\/wp-json\/wp\/v2\/users\/21004"}],"replies":[{"embeddable":true,"href":"https:\/\/blogsaverroes.juntadeandalucia.es\/iestorredelrey\/wp-json\/wp\/v2\/comments?post=992"}],"version-history":[{"count":11,"href":"https:\/\/blogsaverroes.juntadeandalucia.es\/iestorredelrey\/wp-json\/wp\/v2\/posts\/992\/revisions"}],"predecessor-version":[{"id":1311,"href":"https:\/\/blogsaverroes.juntadeandalucia.es\/iestorredelrey\/wp-json\/wp\/v2\/posts\/992\/revisions\/1311"}],"wp:featuredmedia":[{"embeddable":true,"href":"https:\/\/blogsaverroes.juntadeandalucia.es\/iestorredelrey\/wp-json\/wp\/v2\/media\/1263"}],"wp:attachment":[{"href":"https:\/\/blogsaverroes.juntadeandalucia.es\/iestorredelrey\/wp-json\/wp\/v2\/media?parent=992"}],"wp:term":[{"taxonomy":"category","embeddable":true,"href":"https:\/\/blogsaverroes.juntadeandalucia.es\/iestorredelrey\/wp-json\/wp\/v2\/categories?post=992"},{"taxonomy":"post_tag","embeddable":true,"href":"https:\/\/blogsaverroes.juntadeandalucia.es\/iestorredelrey\/wp-json\/wp\/v2\/tags?post=992"}],"curies":[{"name":"wp","href":"https:\/\/api.w.org\/{rel}","templated":true}]}}