{"id":1232,"date":"2022-04-09T14:54:43","date_gmt":"2022-04-09T13:54:43","guid":{"rendered":"https:\/\/blogsaverroes.juntadeandalucia.es\/iestorrredelosguzmanes\/?p=1232"},"modified":"2022-04-09T15:08:49","modified_gmt":"2022-04-09T14:08:49","slug":"nota-informativa-covid","status":"publish","type":"post","link":"https:\/\/blogsaverroes.juntadeandalucia.es\/iestorrredelosguzmanes\/nota-informativa-covid\/","title":{"rendered":"Nota informativa COVID"},"content":{"rendered":"<p>Estimadas familias:<\/p>\n<p>Adjunto pueden encontrar el documento que la administraci\u00f3n nos ha hecho llegar para informar a las familias de la existencia de casos confirmados en los centros educativos.<\/p>\n<p>Como la mayor\u00eda de ustedes ya saben, en nuestro centro hay casos de alumnado confinado por COVID en la mayor\u00eda de los grupos. Siempre que est\u00e9 justificado y dentro de nuestras posibilidades, estos alumnos\/as est\u00e1n siendo atendidos directamente por el profesorado de clase, mediante videoconferencia.<\/p>\n<p>Muchos de los afectados la semana pasada se van incorporando poco a poco, aunque tambi\u00e9n van apareciendo nuevos casos.<\/p>\n<p>Por ahora, la situaci\u00f3n est\u00e1 controlada y no hay necesidad de decretar cierres de aulas, por ahora. Como saben, esta decisi\u00f3n no est\u00e1 en manos de la direcci\u00f3n de centro sino en las de las autoridades sanitarias correspondientes.<\/p>\n<p>Es muy importante que la comunicaci\u00f3n del confinamiento del alumnado llegue a la coordinadora COVID del centro, nuestra vicedirectora D\u00f1a. \u00c1ngela Ruiz, y a los tutores, que se encargar\u00e1n de hacer llegar a las familias las claves de dichas videoconferencias.<\/p>\n<p>En cuanto al profesorado, hay entre un 10% y un 15% de baja, bajas que se van cubriendo poco a poco por parte de la administraci\u00f3n.<\/p>\n<p>Esperando que se encuentren bien y que la situaci\u00f3n mejore lo antes posible, les pedimos la m\u00e1xima colaboraci\u00f3n y el cumplimiento de las recomendaciones dadas en los documentos que les hemos ido enviando recientemente.<\/p>\n<p>Saludos,<\/p>\n<p>El Equipo directivo del IES Torre de los Guzmanes.<\/p>\n<p><a href=\"https:\/\/drive.google.com\/file\/d\/1Gw3L80V3zJD-knTK0UFl644lmaHh1LSg\/view?usp=sharing\">NOTA informativa servicio de epidemiolog\u00eda.<\/a><\/p>\n<h3>Im\u00e1genes Relacionadas:<\/h3>","protected":false},"excerpt":{"rendered":"<p>Estimadas familias: Adjunto pueden encontrar el documento que la administraci\u00f3n nos ha hecho llegar para informar a las familias de la existencia de casos confirmados en los centros educativos. Como la mayor\u00eda de ustedes ya saben, en nuestro centro hay casos de alumnado confinado por COVID en la mayor\u00eda de&#46;&#46;&#46;<\/p>\n","protected":false},"author":13735,"featured_media":0,"comment_status":"closed","ping_status":"open","sticky":false,"template":"","format":"standard","meta":{"ngg_post_thumbnail":0,"footnotes":""},"categories":[18,1],"tags":[],"aioseo_notices":[],"_links":{"self":[{"href":"https:\/\/blogsaverroes.juntadeandalucia.es\/iestorrredelosguzmanes\/wp-json\/wp\/v2\/posts\/1232"}],"collection":[{"href":"https:\/\/blogsaverroes.juntadeandalucia.es\/iestorrredelosguzmanes\/wp-json\/wp\/v2\/posts"}],"about":[{"href":"https:\/\/blogsaverroes.juntadeandalucia.es\/iestorrredelosguzmanes\/wp-json\/wp\/v2\/types\/post"}],"author":[{"embeddable":true,"href":"https:\/\/blogsaverroes.juntadeandalucia.es\/iestorrredelosguzmanes\/wp-json\/wp\/v2\/users\/13735"}],"replies":[{"embeddable":true,"href":"https:\/\/blogsaverroes.juntadeandalucia.es\/iestorrredelosguzmanes\/wp-json\/wp\/v2\/comments?post=1232"}],"version-history":[{"count":1,"href":"https:\/\/blogsaverroes.juntadeandalucia.es\/iestorrredelosguzmanes\/wp-json\/wp\/v2\/posts\/1232\/revisions"}],"predecessor-version":[{"id":1233,"href":"https:\/\/blogsaverroes.juntadeandalucia.es\/iestorrredelosguzmanes\/wp-json\/wp\/v2\/posts\/1232\/revisions\/1233"}],"wp:attachment":[{"href":"https:\/\/blogsaverroes.juntadeandalucia.es\/iestorrredelosguzmanes\/wp-json\/wp\/v2\/media?parent=1232"}],"wp:term":[{"taxonomy":"category","embeddable":true,"href":"https:\/\/blogsaverroes.juntadeandalucia.es\/iestorrredelosguzmanes\/wp-json\/wp\/v2\/categories?post=1232"},{"taxonomy":"post_tag","embeddable":true,"href":"https:\/\/blogsaverroes.juntadeandalucia.es\/iestorrredelosguzmanes\/wp-json\/wp\/v2\/tags?post=1232"}],"curies":[{"name":"wp","href":"https:\/\/api.w.org\/{rel}","templated":true}]}}